{"id":11238,"date":"2023-03-23T17:14:01","date_gmt":"2023-03-23T16:14:01","guid":{"rendered":"https:\/\/cyclingdestination.cc\/?p=11238"},"modified":"2023-03-27T15:37:46","modified_gmt":"2023-03-27T13:37:46","slug":"mooie-fietsroute-in-emilia-romagna","status":"publish","type":"post","link":"https:\/\/cyclingdestination.cc\/de\/verhalen\/mooie-fietsroute-in-emilia-romagna","title":{"rendered":"Sch\u00f6ner Radweg in der Emilia-Romagna"},"content":{"rendered":"<p>Viele Radsportler werden die Emilia-Romagna nicht sofort als Lieblingsziel nennen. Dabei hat diese Region jede Menge Radsportspa\u00df zu bieten - schlie\u00dflich war sie das Trainingsgebiet von Marco Pantani. Die Emilia Romagna ist ein wahres Paradies f\u00fcr Radfahrer. Verkehrsfreie Asphaltstra\u00dfen wechseln sich mit sch\u00f6nen Schotterpisten ab. Anders als zum Beispiel <a href=\"https:\/\/cyclingdestination.cc\/de\/verhalen\/op-fietsavontuur-in-toscane\/\">Toskana<\/a> gibt es noch wenige ausl\u00e4ndische Touristen und man w\u00e4hnt sich noch wirklich in Italien. Lokaler Experte und Organisator von Radreisen nach <a href=\"https:\/\/cyclingdestination.cc\/de\/verhalen\/in-het-spoor-van-pantani-emilia-romagna\/\">Emilia Romagna<\/a>Johan van der Heijden, nimmt Sie mit auf eine landschaftlich reizvolle Radtour in der Emilia-Romagna und gibt Ihnen wertvolle Tipps. Radfahren in der Emilia-Romagna ist etwas, das jeder machen sollte. <\/p>\n\n\n\n<p><em>Text und Fotos: <a href=\"https:\/\/www.cycling-emilia-romagna.nl\/fietsreizen\/\" target=\"_blank\" rel=\"noreferrer noopener\">Johan van der Heijden<\/a><\/em><\/p>\n\n\n\n<figure class=\"wp-block-gallery has-nested-images columns-default is-cropped wp-block-gallery-1 is-layout-flex wp-block-gallery-is-layout-flex\">\n<figure class=\"wp-block-image size-large\"><img fetchpriority=\"high\" decoding=\"async\" width=\"1024\" height=\"769\" data-id=\"11239\" src=\"https:\/\/cyclingdestination.cc\/wp-content\/uploads\/2023\/03\/RioDelSol-1024x769.webp\" alt=\"\" class=\"wp-image-11239\" srcset=\"https:\/\/cyclingdestination.cc\/wp-content\/uploads\/2023\/03\/RioDelSol-1024x769.webp 1024w, https:\/\/cyclingdestination.cc\/wp-content\/uploads\/2023\/03\/RioDelSol-300x225.webp 300w, https:\/\/cyclingdestination.cc\/wp-content\/uploads\/2023\/03\/RioDelSol-768x576.webp 768w, https:\/\/cyclingdestination.cc\/wp-content\/uploads\/2023\/03\/RioDelSol-scaled.webp 1280w\" sizes=\"(max-width: 1024px) 100vw, 1024px\" \/><figcaption class=\"wp-element-caption\"><em>Kassette Rio del Sol<\/em><\/figcaption><\/figure>\n<\/figure>\n\n\n\n<h2 class=\"wp-block-heading\">Start in Faenza<\/h2>\n\n\n\n<p>Diese Radroute in der Emilia Romagna beginnt in Faenza. Die Stadt ist bekannt f\u00fcr ihre farbenfrohen Keramiken und liegt rund um zwei sch\u00f6ne Pl\u00e4tze: Piazza del Popolo und Piazza della Libert\u00e0. Nach einem leckeren Cappuccino und Cornetto fahren wir aus der Stadt hinaus in den Apennin.&nbsp;<\/p>\n\n\n\n<p>Nach mehr als 10 Kilometern und einem harten Anstieg erreichen wir die Burg von Monte Poggiolo. Hier beginnt eine sch\u00f6ne 5 Kilometer lange Schotterstrecke \u00fcber einen Bergr\u00fccken. Sowohl links als auch rechts hat man die sch\u00f6nsten Aussichten, also vergessen Sie nicht, ab und zu anzuhalten.&nbsp;<\/p>\n\n\n\n<figure class=\"wp-block-gallery has-nested-images columns-default is-cropped wp-block-gallery-2 is-layout-flex wp-block-gallery-is-layout-flex\">\n<figure class=\"wp-block-image size-large\"><img decoding=\"async\" width=\"1024\" height=\"768\" data-id=\"11240\" src=\"https:\/\/cyclingdestination.cc\/wp-content\/uploads\/2023\/03\/MontePoggiolo-1024x768.webp\" alt=\"\" class=\"wp-image-11240\" srcset=\"https:\/\/cyclingdestination.cc\/wp-content\/uploads\/2023\/03\/MontePoggiolo-1024x768.webp 1024w, https:\/\/cyclingdestination.cc\/wp-content\/uploads\/2023\/03\/MontePoggiolo-300x225.webp 300w, https:\/\/cyclingdestination.cc\/wp-content\/uploads\/2023\/03\/MontePoggiolo-768x576.webp 768w, https:\/\/cyclingdestination.cc\/wp-content\/uploads\/2023\/03\/MontePoggiolo-scaled.webp 960w\" sizes=\"(max-width: 1024px) 100vw, 1024px\" \/><figcaption class=\"wp-element-caption\"><em>Blick auf den Monte Poggiolo<\/em><\/figcaption><\/figure>\n<\/figure>\n\n\n\n<h3 class=\"wp-block-heading\">Wechsel zwischen gepflasterten und nicht gepflasterten Wegen<\/h3>\n\n\n\n<p>Nach diesem Abschnitt gibt es einige Kilometer Asphalt, bevor der \u00fcber 6 Kilometer lange Schotteranstieg zum \"Eromo di Monte Paolo\" bew\u00e4ltigt wird. Der \"eromo\" ist die kleine Kirche auf dem H\u00fcgel zu Ehren des Einsiedlers von Monte Paolo. Es ist ein herrlicher Anstieg, der mit einem sehr sch\u00f6nen Schotterstreifen durch den Wald beginnt. Erst auf den letzten zwei Kilometern wird der Anstieg b\u00f6sartig steil. Schlie\u00dflich erreicht man den \"Eromo di Monte Paolo\" und am Eromo befindet sich eine Tafel mit einem Gebet f\u00fcr den Radfahrer (preghiera del ciclista), das den Herrn bittet, den Radfahrer auf seinen Fahrten zu sch\u00fctzen. <\/p>\n\n\n\n<figure class=\"wp-block-gallery has-nested-images columns-default is-cropped wp-block-gallery-3 is-layout-flex wp-block-gallery-is-layout-flex\">\n<figure class=\"wp-block-image size-large\"><img decoding=\"async\" width=\"491\" height=\"873\" data-id=\"11252\" src=\"https:\/\/cyclingdestination.cc\/wp-content\/uploads\/2023\/03\/Gebed-edited.webp\" alt=\"\" class=\"wp-image-11252\" srcset=\"https:\/\/cyclingdestination.cc\/wp-content\/uploads\/2023\/03\/Gebed-edited.webp 491w, https:\/\/cyclingdestination.cc\/wp-content\/uploads\/2023\/03\/Gebed-edited-169x300.webp 169w\" sizes=\"(max-width: 491px) 100vw, 491px\" \/><\/figure>\n<\/figure>\n\n\n\n<h3 class=\"wp-block-heading\">An St\u00e4rke gewinnen<\/h3>\n\n\n\n<p>Dort gibt es auch einen Brunnen, an dem man seine Wasserflasche auff\u00fcllen kann. Nach dem Besuch der H\u00f6hle des Eremiten von Monte Paolo geht es hinunter nach Dovadola. Nach Davadola folgt der Aufstieg zum Monte Mirabello, der auf den letzten 3 Kilometern sehr anstrengend ist. Auf dem Gipfel kommen wir in Predappio Alta an, wo man angeblich die l\u00e4ngste Bruscetta der Welt essen kann.&nbsp;<\/p>\n\n\n\n<figure class=\"wp-block-gallery has-nested-images columns-default is-cropped wp-block-gallery-4 is-layout-flex wp-block-gallery-is-layout-flex\">\n<figure class=\"wp-block-image size-large\"><img loading=\"lazy\" decoding=\"async\" width=\"1024\" height=\"241\" data-id=\"11253\" src=\"https:\/\/cyclingdestination.cc\/wp-content\/uploads\/2023\/03\/CaffeAnni30-1-1024x241.webp\" alt=\"\" class=\"wp-image-11253\" srcset=\"https:\/\/cyclingdestination.cc\/wp-content\/uploads\/2023\/03\/CaffeAnni30-1-1024x241.webp 1024w, https:\/\/cyclingdestination.cc\/wp-content\/uploads\/2023\/03\/CaffeAnni30-1-300x71.webp 300w, https:\/\/cyclingdestination.cc\/wp-content\/uploads\/2023\/03\/CaffeAnni30-1-768x181.webp 768w, https:\/\/cyclingdestination.cc\/wp-content\/uploads\/2023\/03\/CaffeAnni30-1-1536x362.webp 1536w, https:\/\/cyclingdestination.cc\/wp-content\/uploads\/2023\/03\/CaffeAnni30-1-scaled.webp 1280w\" sizes=\"(max-width: 1024px) 100vw, 1024px\" \/><figcaption class=\"wp-element-caption\">Die l\u00e4ngste Bruschetta der Welt im Caffe Anni 30<\/figcaption><\/figure>\n<\/figure>\n\n\n\n<h3 class=\"wp-block-heading\">Auf der Suche nach dem kleinen General<\/h3>\n\n\n\n<p>Wir steigen hinunter nach Predappio, dem Geburtsort von Benito Mussolini. Hier wurde ihm schlie\u00dflich auch ein Grabmal errichtet, das wir aber ignorieren. Wir fahren zum Sommerhaus von Benito Mussolini, der Rocca delle Camminate. Daf\u00fcr m\u00fcssen wir einen harten Anstieg mit nicht weniger als 13 \"tornante\", also Haarnadelkurven, \u00fcberwinden. Das Sommerhaus spielte im Zweiten Weltkrieg eine wichtige Rolle und viele Partisanen wurden hier gefangen gehalten. Inzwischen wurde es restauriert und wird von der Universit\u00e4t von Bologna genutzt.&nbsp;<\/p>\n\n\n\n<figure class=\"wp-block-gallery has-nested-images columns-default is-cropped wp-block-gallery-5 is-layout-flex wp-block-gallery-is-layout-flex\">\n<figure class=\"wp-block-image size-large\"><img loading=\"lazy\" decoding=\"async\" width=\"950\" height=\"675\" data-id=\"11248\" src=\"https:\/\/cyclingdestination.cc\/wp-content\/uploads\/2023\/03\/RoccaDelleCamminate-jpg.webp\" alt=\"\" class=\"wp-image-11248\" srcset=\"https:\/\/cyclingdestination.cc\/wp-content\/uploads\/2023\/03\/RoccaDelleCamminate-jpg.webp 950w, https:\/\/cyclingdestination.cc\/wp-content\/uploads\/2023\/03\/RoccaDelleCamminate-300x213.webp 300w, https:\/\/cyclingdestination.cc\/wp-content\/uploads\/2023\/03\/RoccaDelleCamminate-768x546.webp 768w\" sizes=\"(max-width: 950px) 100vw, 950px\" \/><figcaption class=\"wp-element-caption\">Rocca della Caminate - das Sommerhaus Mussolinis<\/figcaption><\/figure>\n<\/figure>\n\n\n\n<h3 class=\"wp-block-heading\">Zur\u00fcck nach unten<\/h3>\n\n\n\n<p>Nach der Besichtigung der Rocca steigen wir nach Meldola hinunter und machen eine Pause auf einer Terrasse der Piazza Felice Orsini.  Inzwischen sind wir wieder am Fu\u00dfe des Apennins angelangt. Nach unserem Halt fahren wir weiter nach Fratta Terme, einem Thermalbad, dessen glorreiche Zeiten noch in der Lira-\u00c4ra lagen.<\/p>\n\n\n\n<p>Ein letzter Anstieg nach Bertinoro wartet auf uns. Dieser anspruchsvolle Anstieg ist auch Bestandteil des ber\u00fchmten Granfondo \"Nove Colli\". Dieser steile Anstieg f\u00fchrt uns zum zentralen Platz von Bertinoro, der Piazza della Liberta. Von dort aus haben wir einen fantastischen Blick auf den flachen Teil der Emilia Romagna. Wir k\u00f6nnen die Fahrr\u00e4der an der \"Colonna della Anella\" abstellen. Eine S\u00e4ule mit zw\u00f6lf Ringen, jeder Ring geh\u00f6rte zu einer Familie. Der Ring der Familie, an dem man sein Pferd anband, musste einem dann Gastfreundschaft bieten.&nbsp;<\/p>\n\n\n\n<figure class=\"wp-block-gallery has-nested-images columns-default is-cropped wp-block-gallery-6 is-layout-flex wp-block-gallery-is-layout-flex\">\n<figure class=\"wp-block-image size-large\"><img loading=\"lazy\" decoding=\"async\" width=\"1024\" height=\"575\" data-id=\"11249\" src=\"https:\/\/cyclingdestination.cc\/wp-content\/uploads\/2023\/03\/Bertinoro-1024x575.webp\" alt=\"\" class=\"wp-image-11249\" srcset=\"https:\/\/cyclingdestination.cc\/wp-content\/uploads\/2023\/03\/Bertinoro-1024x575.webp 1024w, https:\/\/cyclingdestination.cc\/wp-content\/uploads\/2023\/03\/Bertinoro-300x168.webp 300w, https:\/\/cyclingdestination.cc\/wp-content\/uploads\/2023\/03\/Bertinoro-768x431.webp 768w, https:\/\/cyclingdestination.cc\/wp-content\/uploads\/2023\/03\/Bertinoro-jpg.webp 1112w\" sizes=\"(max-width: 1024px) 100vw, 1024px\" \/><figcaption class=\"wp-element-caption\">Bertinoro, Piazza della Liberta<\/figcaption><\/figure>\n<\/figure>\n\n\n\n<h3 class=\"wp-block-heading\">Goldener Standort<\/h3>\n\n\n\n<p>Bertinoro steht f\u00fcr \"muss in Gold getrunken werden\" (Bere in oro). Der Wein von hier ist so gut, dass er aus goldenen Bechern getrunken werden muss. Zumindest denkt man das hier. Wir genie\u00dfen, zumindest eine Zeit lang, die Aussicht.&nbsp;<\/p>\n\n\n\n<figure class=\"wp-block-gallery has-nested-images columns-default is-cropped wp-block-gallery-7 is-layout-flex wp-block-gallery-is-layout-flex\">\n<figure class=\"wp-block-image size-large\"><img loading=\"lazy\" decoding=\"async\" width=\"1024\" height=\"314\" data-id=\"11250\" src=\"https:\/\/cyclingdestination.cc\/wp-content\/uploads\/2023\/03\/ViewBertinoro-1024x314.webp\" alt=\"\" class=\"wp-image-11250\" srcset=\"https:\/\/cyclingdestination.cc\/wp-content\/uploads\/2023\/03\/ViewBertinoro-1024x314.webp 1024w, https:\/\/cyclingdestination.cc\/wp-content\/uploads\/2023\/03\/ViewBertinoro-300x92.webp 300w, https:\/\/cyclingdestination.cc\/wp-content\/uploads\/2023\/03\/ViewBertinoro-768x235.webp 768w, https:\/\/cyclingdestination.cc\/wp-content\/uploads\/2023\/03\/ViewBertinoro-scaled.webp 1280w\" sizes=\"(max-width: 1024px) 100vw, 1024px\" \/><\/figure>\n<\/figure>\n\n\n\n<p>Dann geht es \u00fcber eine sch\u00f6ne Schotterstra\u00dfe hinunter nach Cesena. In Cesena nehmen wir den Zug zur\u00fcck nach Faenza. Die Zugverbindung zwischen diesen beiden Orten ist gut und gegen eine geringe Geb\u00fchr kann das Fahrrad mitgenommen werden.&nbsp;<\/p>\n\n\n\n<figure class=\"wp-block-gallery has-nested-images columns-default is-cropped wp-block-gallery-8 is-layout-flex wp-block-gallery-is-layout-flex\">\n<figure class=\"wp-block-image size-large\"><img loading=\"lazy\" decoding=\"async\" width=\"768\" height=\"1024\" data-id=\"11251\" src=\"https:\/\/cyclingdestination.cc\/wp-content\/uploads\/2023\/03\/Cesena-768x1024.webp\" alt=\"\" class=\"wp-image-11251\" srcset=\"https:\/\/cyclingdestination.cc\/wp-content\/uploads\/2023\/03\/Cesena-768x1024.webp 768w, https:\/\/cyclingdestination.cc\/wp-content\/uploads\/2023\/03\/Cesena-225x300.webp 225w, https:\/\/cyclingdestination.cc\/wp-content\/uploads\/2023\/03\/Cesena-1152x1536.webp 1152w, https:\/\/cyclingdestination.cc\/wp-content\/uploads\/2023\/03\/Cesena-scaled.webp 960w\" sizes=\"(max-width: 768px) 100vw, 768px\" \/><\/figure>\n<\/figure>\n\n\n\n<p>Route:<\/p>\n\n\n\n<iframe src=\"https:\/\/www.komoot.com\/nl-nl\/tour\/1058584249\/embed?profile=1&amp;gallery=1\" width=\"100%\" height=\"600\" frameborder=\"0\" scrolling=\"no\"><\/iframe>\n\n\n\n<h2 class=\"wp-block-heading\">Unsere Tipps:<\/h2>\n\n\n\n<ul class=\"wp-block-list\">\n<li>Verbinden Sie Ihren Aufenthalt in der Emilia Romagna mit der Teilnahme an den Nove Colli. Dies ist einer der \u00e4ltesten und gr\u00f6\u00dften Granfondos der Welt. Er findet jedes Jahr Ende Mai statt.&nbsp;<a href=\"https:\/\/www.novecolli.it\/en-GB\" target=\"_blank\" rel=\"noreferrer noopener\">Nove Colli Startseite | Offizielle Website<\/a><\/li>\n<\/ul>\n\n\n\n<ul class=\"wp-block-list\">\n<li>Beginnen Sie den Tag in Faenza mit einem <em>caff\u00e8<\/em> oder Cappuccino mit frisch gebackenem Kuchen im Nove100 Caffe auf dem Corso Mazzini 89a. Ein Gesch\u00e4ft voller B\u00fccher, authentischer Schreibmaschinen, Zeitungen und Kunst. <a href=\"http:\/\/www.nove100faenza.it\/\" target=\"_blank\" rel=\"noreferrer noopener\">NOVE100 (nove100faenza.it)<\/a><\/li>\n<\/ul>\n\n\n\n<ul class=\"wp-block-list\">\n<li>\"Kassette <a href=\"https:\/\/www.riodelsolfruit.it\/\" target=\"_blank\" rel=\"noreferrer noopener nofollow\">Rio del Sol<\/a>\". Ein Zeltlager direkt vor Faenza mit frischen S\u00e4ften, Obst, Obstkuchen und Kaffee.<\/li>\n<\/ul>\n\n\n\n<ul class=\"wp-block-list\">\n<li>Bruschetteria Caff\u00e8 Anni 30, Piazza Camillo Benso Conte di Cavour, 10, Predappio Alta, Emilia-Romagna. Erst ab 15.30 Uhr ge\u00f6ffnet, aber wer w\u00fcrde nicht gerne die l\u00e4ngste Bruschetta der Welt essen.<\/li>\n<\/ul>\n\n\n\n<ul class=\"wp-block-list\">\n<li><a href=\"https:\/\/www.romagna.net\/meldola\/monumenti\/rocca-delle-caminate\/\" target=\"_blank\" rel=\"noreferrer noopener\">Rocca delle Camminate<\/a>Predappio. Das Sommerhaus von Benito Mussolini, das derzeit restauriert wird. Es kann nur an den Wochenenden besichtigt werden. Es gibt ein interessantes englischsprachiges Video \u00fcber die Geschichte des Hauses.<\/li>\n<\/ul>\n\n\n\n<ul class=\"wp-block-list\">\n<li><a href=\"https:\/\/cadebe.it\/\" target=\"_blank\" rel=\"noreferrer noopener\">Ca de Be<\/a> steht f\u00fcr Casa da bere (Haus zum Trinken). Hier gibt es die leckersten Weine, aber halten Sie hier f\u00fcr eine Piadina an und genie\u00dfen Sie die Aussicht von Bertinoros Balkon.&nbsp;<\/li>\n<\/ul>\n\n\n\n<h4 class=\"wp-block-heading\">Zug nach Hause<\/h4>\n\n\n\n<p>Die Fahrt endet in Cesena und es ist einfach, mit dem Zug nach Faenza zur\u00fcckzukehren. Ein Regionale Veloce f\u00e4hrt jede Stunde. Ihr Fahrrad kann leicht in diesem Zug mitfahren und f\u00fcr ein paar Euro sind Sie zur\u00fcck in Faenza.&nbsp;<\/p>","protected":false},"excerpt":{"rendered":"<p>Veel fietsers zullen Emilia-Romagna niet direct als favoriete bestemming noemen. Deze regio heeft echter veel fietsplezier te bieden, het was immers het trainingsgebied van Marco Pantani. Emilia Romagna is echt een paradijs voor fietsers. Verkeersarme asfaltwegen worden afgewisseld met mooie gravelstroken. In tegenstelling tot bijvoorbeeld Toscane zijn er nog weinig buitenlandse toeristen en waan je [&hellip;]<\/p>\n","protected":false},"author":1,"featured_media":11248,"comment_status":"open","ping_status":"closed","sticky":false,"template":"","format":"standard","meta":{"_acf_changed":false,"iawp_total_views":217,"footnotes":""},"categories":[14,8],"tags":[162,68,77,72,164,94],"class_list":["post-11238","post","type-post","status-publish","format-standard","has-post-thumbnail","hentry","category-italie","category-verhalen","tag-emilia-romagna","tag-fietsreis","tag-italie","tag-klimmen","tag-pantani","tag-racefiets"],"acf":[],"featured_image_url":{"thumbnail":"https:\/\/cyclingdestination.cc\/wp-content\/uploads\/2023\/03\/RoccaDelleCamminate-150x150.webp","medium":"https:\/\/cyclingdestination.cc\/wp-content\/uploads\/2023\/03\/RoccaDelleCamminate-300x213.webp","medium_large":"https:\/\/cyclingdestination.cc\/wp-content\/uploads\/2023\/03\/RoccaDelleCamminate-768x546.webp","large":"https:\/\/cyclingdestination.cc\/wp-content\/uploads\/2023\/03\/RoccaDelleCamminate-jpg.webp","1536x1536":"https:\/\/cyclingdestination.cc\/wp-content\/uploads\/2023\/03\/RoccaDelleCamminate-jpg.webp","2048x2048":"https:\/\/cyclingdestination.cc\/wp-content\/uploads\/2023\/03\/RoccaDelleCamminate-jpg.webp","trp-custom-language-flag":"https:\/\/cyclingdestination.cc\/wp-content\/uploads\/2023\/03\/RoccaDelleCamminate-jpg.webp"},"post_author":"Sander","assigned_categories":"Itali\u00eb, Verhalen","yoast_head":"<!-- This site is optimized with the Yoast SEO plugin v27.4 - https:\/\/yoast.com\/product\/yoast-seo-wordpress\/ -->\n<title>Fietsroute in Emilia-Romagna door Cycling Emilia-Romagna<\/title>\n<meta name=\"description\" content=\"Fietsroute in Emilia-Romagna die door Johan van der Heijden, kenner en expert van Cycling Emilia-Romagna is samengesteld!\" \/>\n<meta name=\"robots\" content=\"index, follow, max-snippet:-1, max-image-preview:large, max-video-preview:-1\" \/>\n<link rel=\"canonical\" href=\"https:\/\/cyclingdestination.cc\/de\/verhalen\/mooie-fietsroute-in-emilia-romagna\/\" \/>\n<meta property=\"og:locale\" content=\"de_DE\" \/>\n<meta property=\"og:type\" content=\"article\" \/>\n<meta property=\"og:title\" content=\"Fietsroute in Emilia-Romagna door Cycling Emilia-Romagna\" \/>\n<meta property=\"og:description\" content=\"Fietsroute in Emilia-Romagna die door Johan van der Heijden, kenner en expert van Cycling Emilia-Romagna is samengesteld!\" \/>\n<meta property=\"og:url\" content=\"https:\/\/cyclingdestination.cc\/de\/verhalen\/mooie-fietsroute-in-emilia-romagna\/\" \/>\n<meta property=\"og:site_name\" content=\"Cycling Destination\" \/>\n<meta property=\"article:publisher\" content=\"https:\/\/www.facebook.com\/cyclingdestination.cc\" \/>\n<meta property=\"article:published_time\" content=\"2023-03-23T16:14:01+00:00\" \/>\n<meta property=\"article:modified_time\" content=\"2023-03-27T13:37:46+00:00\" \/>\n<meta property=\"og:image\" content=\"https:\/\/cyclingdestination.cc\/wp-content\/uploads\/2023\/03\/RoccaDelleCamminate-jpg.webp\" \/>\n\t<meta property=\"og:image:width\" content=\"950\" \/>\n\t<meta property=\"og:image:height\" content=\"675\" \/>\n\t<meta property=\"og:image:type\" content=\"image\/jpeg\" \/>\n<meta name=\"author\" content=\"Sander\" \/>\n<meta name=\"twitter:card\" content=\"summary_large_image\" \/>\n<meta name=\"twitter:creator\" content=\"@cyclingdestin\" \/>\n<meta name=\"twitter:site\" content=\"@cyclingdestin\" \/>\n<meta name=\"twitter:label1\" content=\"Verfasst von\" \/>\n\t<meta name=\"twitter:data1\" content=\"Sander\" \/>\n\t<meta name=\"twitter:label2\" content=\"Gesch\u00e4tzte Lesezeit\" \/>\n\t<meta name=\"twitter:data2\" content=\"7\u00a0Minuten\" \/>\n<script type=\"application\/ld+json\" class=\"yoast-schema-graph\">{\"@context\":\"https:\\\/\\\/schema.org\",\"@graph\":[{\"@type\":\"Article\",\"@id\":\"https:\\\/\\\/cyclingdestination.cc\\\/verhalen\\\/mooie-fietsroute-in-emilia-romagna#article\",\"isPartOf\":{\"@id\":\"https:\\\/\\\/cyclingdestination.cc\\\/verhalen\\\/mooie-fietsroute-in-emilia-romagna\"},\"author\":{\"name\":\"Sander\",\"@id\":\"https:\\\/\\\/cyclingdestination.cc\\\/#\\\/schema\\\/person\\\/d8be1d6ea48cbeb775e9ea6b57e54a7d\"},\"headline\":\"Mooie fietsroute in Emilia-Romagna\",\"datePublished\":\"2023-03-23T16:14:01+00:00\",\"dateModified\":\"2023-03-27T13:37:46+00:00\",\"mainEntityOfPage\":{\"@id\":\"https:\\\/\\\/cyclingdestination.cc\\\/verhalen\\\/mooie-fietsroute-in-emilia-romagna\"},\"wordCount\":973,\"commentCount\":0,\"publisher\":{\"@id\":\"https:\\\/\\\/cyclingdestination.cc\\\/#organization\"},\"image\":{\"@id\":\"https:\\\/\\\/cyclingdestination.cc\\\/verhalen\\\/mooie-fietsroute-in-emilia-romagna#primaryimage\"},\"thumbnailUrl\":\"https:\\\/\\\/cyclingdestination.cc\\\/wp-content\\\/uploads\\\/2023\\\/03\\\/RoccaDelleCamminate-jpg.webp\",\"keywords\":[\"emilia-romagna\",\"fietsreis\",\"itali\u00eb\",\"klimmen\",\"pantani\",\"racefiets\"],\"articleSection\":[\"Itali\u00eb\",\"Verhalen\"],\"inLanguage\":\"de\",\"potentialAction\":[{\"@type\":\"CommentAction\",\"name\":\"Comment\",\"target\":[\"https:\\\/\\\/cyclingdestination.cc\\\/verhalen\\\/mooie-fietsroute-in-emilia-romagna#respond\"]}]},{\"@type\":\"WebPage\",\"@id\":\"https:\\\/\\\/cyclingdestination.cc\\\/verhalen\\\/mooie-fietsroute-in-emilia-romagna\",\"url\":\"https:\\\/\\\/cyclingdestination.cc\\\/verhalen\\\/mooie-fietsroute-in-emilia-romagna\",\"name\":\"Fietsroute in Emilia-Romagna door Cycling Emilia-Romagna\",\"isPartOf\":{\"@id\":\"https:\\\/\\\/cyclingdestination.cc\\\/#website\"},\"primaryImageOfPage\":{\"@id\":\"https:\\\/\\\/cyclingdestination.cc\\\/verhalen\\\/mooie-fietsroute-in-emilia-romagna#primaryimage\"},\"image\":{\"@id\":\"https:\\\/\\\/cyclingdestination.cc\\\/verhalen\\\/mooie-fietsroute-in-emilia-romagna#primaryimage\"},\"thumbnailUrl\":\"https:\\\/\\\/cyclingdestination.cc\\\/wp-content\\\/uploads\\\/2023\\\/03\\\/RoccaDelleCamminate-jpg.webp\",\"datePublished\":\"2023-03-23T16:14:01+00:00\",\"dateModified\":\"2023-03-27T13:37:46+00:00\",\"description\":\"Fietsroute in Emilia-Romagna die door Johan van der Heijden, kenner en expert van Cycling Emilia-Romagna is samengesteld!\",\"breadcrumb\":{\"@id\":\"https:\\\/\\\/cyclingdestination.cc\\\/verhalen\\\/mooie-fietsroute-in-emilia-romagna#breadcrumb\"},\"inLanguage\":\"de\",\"potentialAction\":[{\"@type\":\"ReadAction\",\"target\":[\"https:\\\/\\\/cyclingdestination.cc\\\/verhalen\\\/mooie-fietsroute-in-emilia-romagna\"]}]},{\"@type\":\"ImageObject\",\"inLanguage\":\"de\",\"@id\":\"https:\\\/\\\/cyclingdestination.cc\\\/verhalen\\\/mooie-fietsroute-in-emilia-romagna#primaryimage\",\"url\":\"https:\\\/\\\/cyclingdestination.cc\\\/wp-content\\\/uploads\\\/2023\\\/03\\\/RoccaDelleCamminate-jpg.webp\",\"contentUrl\":\"https:\\\/\\\/cyclingdestination.cc\\\/wp-content\\\/uploads\\\/2023\\\/03\\\/RoccaDelleCamminate-jpg.webp\",\"width\":950,\"height\":675,\"caption\":\"roccadelle camminate, mussolini, fietsen in emilia-romagna, fietsroute emilia romagna\"},{\"@type\":\"BreadcrumbList\",\"@id\":\"https:\\\/\\\/cyclingdestination.cc\\\/verhalen\\\/mooie-fietsroute-in-emilia-romagna#breadcrumb\",\"itemListElement\":[{\"@type\":\"ListItem\",\"position\":1,\"name\":\"Home\",\"item\":\"https:\\\/\\\/cyclingdestination.cc\\\/\"},{\"@type\":\"ListItem\",\"position\":2,\"name\":\"Mooie fietsroute in Emilia-Romagna\"}]},{\"@type\":\"WebSite\",\"@id\":\"https:\\\/\\\/cyclingdestination.cc\\\/#website\",\"url\":\"https:\\\/\\\/cyclingdestination.cc\\\/\",\"name\":\"Cycling Destination\",\"description\":\"Inspiratie voor jouw volgende fietsavontuur\",\"publisher\":{\"@id\":\"https:\\\/\\\/cyclingdestination.cc\\\/#organization\"},\"potentialAction\":[{\"@type\":\"SearchAction\",\"target\":{\"@type\":\"EntryPoint\",\"urlTemplate\":\"https:\\\/\\\/cyclingdestination.cc\\\/?s={search_term_string}\"},\"query-input\":{\"@type\":\"PropertyValueSpecification\",\"valueRequired\":true,\"valueName\":\"search_term_string\"}}],\"inLanguage\":\"de\"},{\"@type\":\"Organization\",\"@id\":\"https:\\\/\\\/cyclingdestination.cc\\\/#organization\",\"name\":\"Cycling Destination\",\"url\":\"https:\\\/\\\/cyclingdestination.cc\\\/\",\"logo\":{\"@type\":\"ImageObject\",\"inLanguage\":\"de\",\"@id\":\"https:\\\/\\\/cyclingdestination.cc\\\/#\\\/schema\\\/logo\\\/image\\\/\",\"url\":\"https:\\\/\\\/cyclingdestination.cc\\\/wp-content\\\/uploads\\\/2022\\\/01\\\/cyclingdestination_logo_RGB_zwart_vDEF-1.png\",\"contentUrl\":\"https:\\\/\\\/cyclingdestination.cc\\\/wp-content\\\/uploads\\\/2022\\\/01\\\/cyclingdestination_logo_RGB_zwart_vDEF-1.png\",\"width\":2550,\"height\":814,\"caption\":\"Cycling Destination\"},\"image\":{\"@id\":\"https:\\\/\\\/cyclingdestination.cc\\\/#\\\/schema\\\/logo\\\/image\\\/\"},\"sameAs\":[\"https:\\\/\\\/www.facebook.com\\\/cyclingdestination.cc\",\"https:\\\/\\\/x.com\\\/cyclingdestin\",\"https:\\\/\\\/www.instagram.com\\\/cyclingdestination.cc\\\/\"]},{\"@type\":\"Person\",\"@id\":\"https:\\\/\\\/cyclingdestination.cc\\\/#\\\/schema\\\/person\\\/d8be1d6ea48cbeb775e9ea6b57e54a7d\",\"name\":\"Sander\",\"url\":\"https:\\\/\\\/cyclingdestination.cc\\\/de\\\/author\\\/admin\"}]}<\/script>\n<!-- \/ Yoast SEO plugin. -->","yoast_head_json":{"title":"Radweg in der Emilia-Romagna von Cycling Emilia-Romagna","description":"Radroute in der Emilia-Romagna zusammengestellt von Johan van der Heijden, Kenner und Experte f\u00fcr Radfahren in der Emilia-Romagna!","robots":{"index":"index","follow":"follow","max-snippet":"max-snippet:-1","max-image-preview":"max-image-preview:large","max-video-preview":"max-video-preview:-1"},"canonical":"https:\/\/cyclingdestination.cc\/de\/verhalen\/mooie-fietsroute-in-emilia-romagna\/","og_locale":"de_DE","og_type":"article","og_title":"Fietsroute in Emilia-Romagna door Cycling Emilia-Romagna","og_description":"Fietsroute in Emilia-Romagna die door Johan van der Heijden, kenner en expert van Cycling Emilia-Romagna is samengesteld!","og_url":"https:\/\/cyclingdestination.cc\/de\/verhalen\/mooie-fietsroute-in-emilia-romagna\/","og_site_name":"Cycling Destination","article_publisher":"https:\/\/www.facebook.com\/cyclingdestination.cc","article_published_time":"2023-03-23T16:14:01+00:00","article_modified_time":"2023-03-27T13:37:46+00:00","og_image":[{"width":950,"height":675,"url":"https:\/\/cyclingdestination.cc\/wp-content\/uploads\/2023\/03\/RoccaDelleCamminate-jpg.webp","type":"image\/jpeg"}],"author":"Sander","twitter_card":"summary_large_image","twitter_creator":"@cyclingdestin","twitter_site":"@cyclingdestin","twitter_misc":{"Verfasst von":"Sander","Gesch\u00e4tzte Lesezeit":"7\u00a0Minuten"},"schema":{"@context":"https:\/\/schema.org","@graph":[{"@type":"Article","@id":"https:\/\/cyclingdestination.cc\/verhalen\/mooie-fietsroute-in-emilia-romagna#article","isPartOf":{"@id":"https:\/\/cyclingdestination.cc\/verhalen\/mooie-fietsroute-in-emilia-romagna"},"author":{"name":"Sander","@id":"https:\/\/cyclingdestination.cc\/#\/schema\/person\/d8be1d6ea48cbeb775e9ea6b57e54a7d"},"headline":"Mooie fietsroute in Emilia-Romagna","datePublished":"2023-03-23T16:14:01+00:00","dateModified":"2023-03-27T13:37:46+00:00","mainEntityOfPage":{"@id":"https:\/\/cyclingdestination.cc\/verhalen\/mooie-fietsroute-in-emilia-romagna"},"wordCount":973,"commentCount":0,"publisher":{"@id":"https:\/\/cyclingdestination.cc\/#organization"},"image":{"@id":"https:\/\/cyclingdestination.cc\/verhalen\/mooie-fietsroute-in-emilia-romagna#primaryimage"},"thumbnailUrl":"https:\/\/cyclingdestination.cc\/wp-content\/uploads\/2023\/03\/RoccaDelleCamminate-jpg.webp","keywords":["emilia-romagna","fietsreis","itali\u00eb","klimmen","pantani","racefiets"],"articleSection":["Itali\u00eb","Verhalen"],"inLanguage":"de","potentialAction":[{"@type":"CommentAction","name":"Comment","target":["https:\/\/cyclingdestination.cc\/verhalen\/mooie-fietsroute-in-emilia-romagna#respond"]}]},{"@type":"WebPage","@id":"https:\/\/cyclingdestination.cc\/verhalen\/mooie-fietsroute-in-emilia-romagna","url":"https:\/\/cyclingdestination.cc\/verhalen\/mooie-fietsroute-in-emilia-romagna","name":"Radweg in der Emilia-Romagna von Cycling Emilia-Romagna","isPartOf":{"@id":"https:\/\/cyclingdestination.cc\/#website"},"primaryImageOfPage":{"@id":"https:\/\/cyclingdestination.cc\/verhalen\/mooie-fietsroute-in-emilia-romagna#primaryimage"},"image":{"@id":"https:\/\/cyclingdestination.cc\/verhalen\/mooie-fietsroute-in-emilia-romagna#primaryimage"},"thumbnailUrl":"https:\/\/cyclingdestination.cc\/wp-content\/uploads\/2023\/03\/RoccaDelleCamminate-jpg.webp","datePublished":"2023-03-23T16:14:01+00:00","dateModified":"2023-03-27T13:37:46+00:00","description":"Radroute in der Emilia-Romagna zusammengestellt von Johan van der Heijden, Kenner und Experte f\u00fcr Radfahren in der Emilia-Romagna!","breadcrumb":{"@id":"https:\/\/cyclingdestination.cc\/verhalen\/mooie-fietsroute-in-emilia-romagna#breadcrumb"},"inLanguage":"de","potentialAction":[{"@type":"ReadAction","target":["https:\/\/cyclingdestination.cc\/verhalen\/mooie-fietsroute-in-emilia-romagna"]}]},{"@type":"ImageObject","inLanguage":"de","@id":"https:\/\/cyclingdestination.cc\/verhalen\/mooie-fietsroute-in-emilia-romagna#primaryimage","url":"https:\/\/cyclingdestination.cc\/wp-content\/uploads\/2023\/03\/RoccaDelleCamminate-jpg.webp","contentUrl":"https:\/\/cyclingdestination.cc\/wp-content\/uploads\/2023\/03\/RoccaDelleCamminate-jpg.webp","width":950,"height":675,"caption":"roccadelle camminate, mussolini, fietsen in emilia-romagna, fietsroute emilia romagna"},{"@type":"BreadcrumbList","@id":"https:\/\/cyclingdestination.cc\/verhalen\/mooie-fietsroute-in-emilia-romagna#breadcrumb","itemListElement":[{"@type":"ListItem","position":1,"name":"Home","item":"https:\/\/cyclingdestination.cc\/"},{"@type":"ListItem","position":2,"name":"Mooie fietsroute in Emilia-Romagna"}]},{"@type":"WebSite","@id":"https:\/\/cyclingdestination.cc\/#website","url":"https:\/\/cyclingdestination.cc\/","name":"Ziel Radfahren","description":"Inspiration f\u00fcr Ihr n\u00e4chstes Fahrradabenteuer","publisher":{"@id":"https:\/\/cyclingdestination.cc\/#organization"},"potentialAction":[{"@type":"SearchAction","target":{"@type":"EntryPoint","urlTemplate":"https:\/\/cyclingdestination.cc\/?s={search_term_string}"},"query-input":{"@type":"PropertyValueSpecification","valueRequired":true,"valueName":"search_term_string"}}],"inLanguage":"de"},{"@type":"Organization","@id":"https:\/\/cyclingdestination.cc\/#organization","name":"Ziel Radfahren","url":"https:\/\/cyclingdestination.cc\/","logo":{"@type":"ImageObject","inLanguage":"de","@id":"https:\/\/cyclingdestination.cc\/#\/schema\/logo\/image\/","url":"https:\/\/cyclingdestination.cc\/wp-content\/uploads\/2022\/01\/cyclingdestination_logo_RGB_zwart_vDEF-1.png","contentUrl":"https:\/\/cyclingdestination.cc\/wp-content\/uploads\/2022\/01\/cyclingdestination_logo_RGB_zwart_vDEF-1.png","width":2550,"height":814,"caption":"Cycling Destination"},"image":{"@id":"https:\/\/cyclingdestination.cc\/#\/schema\/logo\/image\/"},"sameAs":["https:\/\/www.facebook.com\/cyclingdestination.cc","https:\/\/x.com\/cyclingdestin","https:\/\/www.instagram.com\/cyclingdestination.cc\/"]},{"@type":"Person","@id":"https:\/\/cyclingdestination.cc\/#\/schema\/person\/d8be1d6ea48cbeb775e9ea6b57e54a7d","name":"Sander","url":"https:\/\/cyclingdestination.cc\/de\/author\/admin"}]}},"_links":{"self":[{"href":"https:\/\/cyclingdestination.cc\/de\/wp-json\/wp\/v2\/posts\/11238","targetHints":{"allow":["GET"]}}],"collection":[{"href":"https:\/\/cyclingdestination.cc\/de\/wp-json\/wp\/v2\/posts"}],"about":[{"href":"https:\/\/cyclingdestination.cc\/de\/wp-json\/wp\/v2\/types\/post"}],"author":[{"embeddable":true,"href":"https:\/\/cyclingdestination.cc\/de\/wp-json\/wp\/v2\/users\/1"}],"replies":[{"embeddable":true,"href":"https:\/\/cyclingdestination.cc\/de\/wp-json\/wp\/v2\/comments?post=11238"}],"version-history":[{"count":0,"href":"https:\/\/cyclingdestination.cc\/de\/wp-json\/wp\/v2\/posts\/11238\/revisions"}],"wp:featuredmedia":[{"embeddable":true,"href":"https:\/\/cyclingdestination.cc\/de\/wp-json\/wp\/v2\/media\/11248"}],"wp:attachment":[{"href":"https:\/\/cyclingdestination.cc\/de\/wp-json\/wp\/v2\/media?parent=11238"}],"wp:term":[{"taxonomy":"category","embeddable":true,"href":"https:\/\/cyclingdestination.cc\/de\/wp-json\/wp\/v2\/categories?post=11238"},{"taxonomy":"post_tag","embeddable":true,"href":"https:\/\/cyclingdestination.cc\/de\/wp-json\/wp\/v2\/tags?post=11238"}],"curies":[{"name":"wp","href":"https:\/\/api.w.org\/{rel}","templated":true}]}}