{"id":1756,"date":"2021-09-11T07:40:27","date_gmt":"2021-09-11T07:40:27","guid":{"rendered":"https:\/\/cyclingdestination.cc\/?p=1756"},"modified":"2025-09-08T12:57:05","modified_gmt":"2025-09-08T10:57:05","slug":"crans-montana-is-een-fietsparadijs","status":"publish","type":"post","link":"https:\/\/cyclingdestination.cc\/de\/verhalen\/crans-montana-is-een-fietsparadijs","title":{"rendered":"Crans-Montana ist ein Paradies f\u00fcr Radfahrer"},"content":{"rendered":"<p>Im sch\u00f6nen Kanton Wallis-Wallis gibt es so viele M\u00f6glichkeiten, um Rad zu fahren. Wie w\u00e4re es mit einer sch\u00f6nen Fahrt vom einstigen Weltcup-Startort <a data-type=\"post\" data-id=\"1266\" href=\"https:\/\/cyclingdestination.cc\/de\/bestemmingen\/fietsen-op-een-parcours-van-een-wk-dat-niet-verreden-werd-welkom-in-aigle-martigny\/\" target=\"_blank\" rel=\"noreferrer noopener\">Martigny<\/a> und dann hinauf zur Barrage d'Emosson, zum Grand Saint Bernard oder zu einem dieser anderen wahnsinnigen Anstiege. Man kann auch von Brig zur Moosalp fahren, zum <a href=\"https:\/\/cyclingdestination.cc\/de\/verhalen\/fietsen-in-crans-montana-furkapas\/\">Furkapass<\/a>, Nufenenpass, Simplonpass und so weiter. Bei all der Gewalt der Alpenp\u00e4sse kann Crans-Montana ein wenig ins Hintertreffen geraten. Das ist eigentlich schade, denn fast nirgendwo auf der Welt findet man einen Ort mit einer so tollen Aussicht. Crans-Montana ist ein Paradies f\u00fcr Radfahrer. Wir waren schon mehrmals dort und w\u00fcrden am liebsten schon morgen wieder hinfahren!<\/p>\n\n\n\n<figure class=\"wp-block-gallery has-nested-images columns-default is-cropped wp-block-gallery-1 is-layout-flex wp-block-gallery-is-layout-flex\">\n<figure class=\"wp-block-image size-large\"><img fetchpriority=\"high\" decoding=\"async\" width=\"1024\" height=\"684\" data-id=\"1757\" src=\"https:\/\/cyclingdestination.cc\/wp-content\/uploads\/2021\/09\/DSC04783-1024x684.jpg\" alt=\"Die sch\u00f6ne Aussicht in Crans-Montana\" class=\"wp-image-1757\" srcset=\"https:\/\/cyclingdestination.cc\/wp-content\/uploads\/2021\/09\/DSC04783-1024x684.jpg 1024w, https:\/\/cyclingdestination.cc\/wp-content\/uploads\/2021\/09\/DSC04783-300x200.jpg 300w, https:\/\/cyclingdestination.cc\/wp-content\/uploads\/2021\/09\/DSC04783-768x513.jpg 768w, https:\/\/cyclingdestination.cc\/wp-content\/uploads\/2021\/09\/DSC04783.jpg 1474w\" sizes=\"(max-width: 1024px) 100vw, 1024px\" \/><figcaption class=\"wp-element-caption\">(c) Alain Rumpf\/A Swiss WIth a Pulse<\/figcaption><\/figure>\n<\/figure>\n\n\n\n<h2 class=\"wp-block-heading\">Zwei-in-Eins<\/h2>\n\n\n\n<p>Die D\u00f6rfer Crans-sur-Sierre und Montana bilden das Ski- und Sommerdorf Crans-Montana. Dieser mond\u00e4ne Ort \u00f6stlich von Sitten auf \u00fcber 1.400 Metern H\u00f6he war fr\u00fcher eine schicke Angelegenheit. Urspr\u00fcnglich war Crans-Montana sogar ein (mond\u00e4ner) Kurort, \u00e4hnlich wie Davos, wo sich Menschen mit allen m\u00f6glichen Problemen behandeln liessen. Davon zeugen heute noch mehrere Privatkliniken aus fr\u00fcheren Zeiten. <\/p>\n\n\n\n<p>Die beiden D\u00f6rfer Crans und Montana f\u00fchren einen kleinen Wettstreit miteinander, wobei Crans gerne so tut, als sei es ein bisschen schicker als Montana. In Crans gibt es die schicke Einkaufsstra\u00dfe, das Tourismusb\u00fcro ist dort angesiedelt und der Golfclub, in dem jedes Jahr das Omega Masters gespielt wird, ist ebenfalls dort. Aber \u00e4u\u00dferlich ist es ein und dasselbe und man bekommt eigentlich zwei zum Preis von einem. F\u00fcr Radfahrer macht es kaum einen Unterschied, ob man in Crans oder Montana wohnt, denn die Aussicht ist immer noch atemberaubend und die Hotels sind \u00e4hnlich. Ebenso wie die Stra\u00dfenbel\u00e4ge und die Auswahl an coolen Anstiegen.<\/p>\n\n\n\n<h2 class=\"wp-block-heading\">Col du Crans-Montana<\/h2>\n\n\n\n<p>W\u00e4hrend wir uns am Morgen beim Fr\u00fchst\u00fcck auf unsere Fahrt vorbereiten, wird der Reiseleiter <a rel=\"noreferrer noopener\" href=\"http:\/\/www.instagram.com\/aswisswithapulse\" data-type=\"URL\" data-id=\"www.instagram.com\/aswisswithapulse\" target=\"_blank\">Alain<\/a> mit einer netten Geschichte \u00fcber die Urspr\u00fcnge des Tagesanstiegs, des Col du Crans-Montana. Die urbane Legende besagt, dass die Leute auch im Skidorf einen Col haben wollten. Nur, offiziell gab es keinen Aufstieg. Also erfand man schlie\u00dflich einen und nannte ihn 'Col du Crans-Montana'. Was die Originalit\u00e4t betrifft, k\u00f6nnte er besser sein, aber gut. Kein Gejammer. Es gibt einen Anstieg und das ist schon mal gut.<\/p>\n\n\n\n<figure class=\"wp-block-gallery has-nested-images columns-default is-cropped wp-block-gallery-2 is-layout-flex wp-block-gallery-is-layout-flex\">\n<figure class=\"wp-block-image size-large\"><img decoding=\"async\" width=\"1024\" height=\"576\" data-id=\"1763\" src=\"https:\/\/cyclingdestination.cc\/wp-content\/uploads\/2021\/09\/IMG_3616-1024x576.jpeg\" alt=\"Sch\u00f6ne Serpentinen hinauf nach Crans Montana\" class=\"wp-image-1763\" srcset=\"https:\/\/cyclingdestination.cc\/wp-content\/uploads\/2021\/09\/IMG_3616-1024x576.jpeg 1024w, https:\/\/cyclingdestination.cc\/wp-content\/uploads\/2021\/09\/IMG_3616-300x169.jpeg 300w, https:\/\/cyclingdestination.cc\/wp-content\/uploads\/2021\/09\/IMG_3616-768x432.jpeg 768w, https:\/\/cyclingdestination.cc\/wp-content\/uploads\/2021\/09\/IMG_3616-1536x864.jpeg 1536w, https:\/\/cyclingdestination.cc\/wp-content\/uploads\/2021\/09\/IMG_3616-2048x1152.jpeg 2048w\" sizes=\"(max-width: 1024px) 100vw, 1024px\" \/><\/figure>\n<\/figure>\n\n\n\n<p>Wir sehen uns die Strecke noch einmal an und es sieht alles gut aus. Ein bisschen geradeaus, ein bisschen hoch, dann wieder ein bisschen runter und schlie\u00dflich wieder ein bisschen hoch. Ein Kinderspiel. Wir checken aus dem Hotel aus und fahren nach Crans-Montana, um dort zu \u00fcbernachten. Die Ausr\u00fcstung wird mit uns transportiert, was sch\u00f6n ist.<\/p>\n\n\n\n<p>Auf der Stra\u00dfe nach Crans-Montana fahren wir durch das Tal und klettern hier und da ein wenig. Wir erwischen einen sch\u00f6nen kurzen Anstieg nach Leuk (nicht lustig), der einige sch\u00f6ne Haarnadelkurven hat. Dort geht es gut hinauf und es ist perfekt, um wieder einzusteigen. Obwohl. Es ist doch ein ziemlich steiler Abschnitt bei 7%. <\/p>\n\n\n\n<figure class=\"wp-block-gallery has-nested-images columns-default is-cropped wp-block-gallery-3 is-layout-flex wp-block-gallery-is-layout-flex\">\n<figure class=\"wp-block-image size-large\"><img decoding=\"async\" width=\"1024\" height=\"819\" data-id=\"1765\" src=\"https:\/\/cyclingdestination.cc\/wp-content\/uploads\/2021\/09\/21071214-Valais-4056-1024x819.jpg\" alt=\"Der Aufstieg nach Leukerbad\" class=\"wp-image-1765\" srcset=\"https:\/\/cyclingdestination.cc\/wp-content\/uploads\/2021\/09\/21071214-Valais-4056-1024x819.jpg 1024w, https:\/\/cyclingdestination.cc\/wp-content\/uploads\/2021\/09\/21071214-Valais-4056-300x240.jpg 300w, https:\/\/cyclingdestination.cc\/wp-content\/uploads\/2021\/09\/21071214-Valais-4056-768x614.jpg 768w, https:\/\/cyclingdestination.cc\/wp-content\/uploads\/2021\/09\/21071214-Valais-4056-1536x1229.jpg 1536w, https:\/\/cyclingdestination.cc\/wp-content\/uploads\/2021\/09\/21071214-Valais-4056-2048x1638.jpg 2048w\" sizes=\"(max-width: 1024px) 100vw, 1024px\" \/><figcaption class=\"wp-element-caption\">(c) Alain Rumpf\/A Swiss WIth a Pulse<\/figcaption><\/figure>\n\n\n\n<figure class=\"wp-block-image size-large\"><img loading=\"lazy\" decoding=\"async\" width=\"1024\" height=\"1024\" data-id=\"1766\" src=\"https:\/\/cyclingdestination.cc\/wp-content\/uploads\/2021\/09\/21071214-Valais-4061-1024x1024.jpg\" alt=\"Der Aufstieg nach Leukerbad\" class=\"wp-image-1766\" srcset=\"https:\/\/cyclingdestination.cc\/wp-content\/uploads\/2021\/09\/21071214-Valais-4061-1024x1024.jpg 1024w, https:\/\/cyclingdestination.cc\/wp-content\/uploads\/2021\/09\/21071214-Valais-4061-300x300.jpg 300w, https:\/\/cyclingdestination.cc\/wp-content\/uploads\/2021\/09\/21071214-Valais-4061-150x150.jpg 150w, https:\/\/cyclingdestination.cc\/wp-content\/uploads\/2021\/09\/21071214-Valais-4061-768x768.jpg 768w, https:\/\/cyclingdestination.cc\/wp-content\/uploads\/2021\/09\/21071214-Valais-4061-1536x1536.jpg 1536w, https:\/\/cyclingdestination.cc\/wp-content\/uploads\/2021\/09\/21071214-Valais-4061-2048x2048.jpg 2048w\" sizes=\"(max-width: 1024px) 100vw, 1024px\" \/><figcaption class=\"wp-element-caption\">(c) Alain Rumpf\/A Swiss WIth a Pulse<\/figcaption><\/figure>\n<\/figure>\n\n\n\n<h2 class=\"wp-block-heading\">Weiter zum Col<\/h2>\n\n\n\n<p>Nach einer langen Abfahrt und einem kleinen Zickzackkurs kommen wir schlie\u00dflich in Sierre an. Die Stadt, die am Fu\u00dfe des \"Col\" liegt. Der Gipfel des Berges liegt auf etwa 1800 Metern, Sierre liegt fast 1200 Meter tiefer. Wir haben einen Anstieg vor uns, denn der Anstieg selbst ist \u00fcber 16 Kilometer lang. <\/p>\n\n\n\n<p>Der Aufstieg beginnt irgendwo in der Mitte von Sierre, aber schon bald geht es zwischen den Weinst\u00f6cken hinauf. Lassen Sie sich nicht von der Aussicht t\u00e4uschen, denn es ist tats\u00e4chlich ein st\u00e4ndiges Klettern auf 8%. Nach ein paar coolen Serpentinen halten wir an, um ein paar Fotos zu machen, denn die Aussicht ist grandios. Wir sehen die Weinreben und in der Ferne das Tal und das bereits erw\u00e4hnte Panorama von Crans Montana. Mehr und mehr verstehe ich, warum Familien Jahr f\u00fcr Jahr hierher zur\u00fcckkehren, um Ski- und Sommerurlaub zu machen. <\/p>\n\n\n\n<figure class=\"wp-block-gallery has-nested-images columns-default is-cropped wp-block-gallery-4 is-layout-flex wp-block-gallery-is-layout-flex\">\n<figure class=\"wp-block-image size-large\"><img loading=\"lazy\" decoding=\"async\" width=\"1024\" height=\"576\" data-id=\"1761\" src=\"https:\/\/cyclingdestination.cc\/wp-content\/uploads\/2021\/09\/IMG_3710-1024x576.jpeg\" alt=\"Blick \u00fcber die Weinberge von Crans Montana\" class=\"wp-image-1761\" srcset=\"https:\/\/cyclingdestination.cc\/wp-content\/uploads\/2021\/09\/IMG_3710-1024x576.jpeg 1024w, https:\/\/cyclingdestination.cc\/wp-content\/uploads\/2021\/09\/IMG_3710-300x169.jpeg 300w, https:\/\/cyclingdestination.cc\/wp-content\/uploads\/2021\/09\/IMG_3710-768x432.jpeg 768w, https:\/\/cyclingdestination.cc\/wp-content\/uploads\/2021\/09\/IMG_3710-1536x864.jpeg 1536w, https:\/\/cyclingdestination.cc\/wp-content\/uploads\/2021\/09\/IMG_3710-2048x1152.jpeg 2048w\" sizes=\"(max-width: 1024px) 100vw, 1024px\" \/><\/figure>\n\n\n\n<figure class=\"wp-block-image size-large\"><img loading=\"lazy\" decoding=\"async\" width=\"1024\" height=\"576\" data-id=\"1762\" src=\"https:\/\/cyclingdestination.cc\/wp-content\/uploads\/2021\/09\/IMG_3718-1024x576.jpeg\" alt=\"Klettern zwischen den Weinbergen auf dem Weg nach Crans Montana\" class=\"wp-image-1762\" srcset=\"https:\/\/cyclingdestination.cc\/wp-content\/uploads\/2021\/09\/IMG_3718-1024x576.jpeg 1024w, https:\/\/cyclingdestination.cc\/wp-content\/uploads\/2021\/09\/IMG_3718-300x169.jpeg 300w, https:\/\/cyclingdestination.cc\/wp-content\/uploads\/2021\/09\/IMG_3718-768x432.jpeg 768w, https:\/\/cyclingdestination.cc\/wp-content\/uploads\/2021\/09\/IMG_3718-1536x864.jpeg 1536w, https:\/\/cyclingdestination.cc\/wp-content\/uploads\/2021\/09\/IMG_3718-2048x1152.jpeg 2048w\" sizes=\"(max-width: 1024px) 100vw, 1024px\" \/><\/figure>\n<\/figure>\n\n\n\n<h2 class=\"wp-block-heading\">H\u00f6her und h\u00f6her<\/h2>\n\n\n\n<p>Der Anstieg selbst ist ein verstecktes Juwel. Da man lange Zeit zwischen den Weinbergen f\u00e4hrt, vergisst man manchmal, dass es schmerzhaft schnell bergauf geht. Wie bereits erw\u00e4hnt, sind es 1200 H\u00f6henmeter auf etwa 16 Kilometern. Dazwischen gibt es ein paar flache Abschnitte, f\u00fcr die man sich gl\u00fccklich sch\u00e4tzen kann. Das T\u00fcckischste an diesem Anstieg ist, dass man nicht zum Dorf selbst (Crans Montana) hinauff\u00e4hrt, sondern zu einem Punkt oberhalb des benachbarten Aminona. <\/p>\n\n\n\n<p>Die erste H\u00e4lfte des Anstiegs fahren wir kurvenreich zwischen den Weinbergen hinauf, dann folgt ein etwas l\u00e4ngerer gerader Abschnitt. Auch hier lassen wir langsam die Reben hinter uns und auch die Vegetation beginnt sich zu ver\u00e4ndern. Ich f\u00fchle mich tats\u00e4chlich ziemlich schwer. Es scheint zwar alles nicht so steil und schmerzhaft zu sein, aber meine Zunge liegt fast auf meinem Vorderrad. <\/p>\n\n\n\n<p>Hartn\u00e4ckig stapfe ich weiter bis zur Kreuzung mit der Route de Crans, die schlie\u00dflich ins Dorf f\u00fchrt. Wir biegen jedoch scharf rechts ab nach Aminona. F\u00fcr die Co-Autoren. An der Abzweigung in Mollens, Richtung Aminona, befindet man sich auf 1100 Metern H\u00f6he. Dann sind es noch 7 Kilometer bis zum Gipfel auf 1800 Metern. Das war beim Fr\u00fchst\u00fcck am Morgen auf der Strecke nicht so klar. <\/p>\n\n\n\n<h2 class=\"wp-block-heading\">Betteln um Gnade<\/h2>\n\n\n\n<p>Dass ich mich abm\u00fche, scheint auch meinen beiden (durchtrainierten, halbprofessionellen) Reisebegleitern zu d\u00e4mmern. Sie umkreisen mich kaum und ich bekomme auch keine wohlmeinenden Stupser, aber die Texte haben sich ge\u00e4ndert. Erst hie\u00df es: 'wie sch\u00f6n es hier ist'; jetzt: 'das n\u00e4chste St\u00fcck ist nicht so schlimm'. Eine freundliche Erinnerung. <\/p>\n\n\n\n<p>Als wir in Aminona ankommen, treffe ich sie auf dem Parkplatz. Sie erschrecken \u00fcber ihre Telefone, da sie mich eigentlich noch nicht erwartet hatten. Das ist gut so. Hier habe ich noch die Wahl und ich entscheide mich f\u00fcr unsere kleine Gruppe: links abbiegen, die ruhige Abfahrt zum Hotel. Rechts abbiegen, noch 2,5 Kilometer bei 10% bis zum letzten Gipfel. Unm\u00f6glich, wir biegen links ab. F\u00fcr den Leistungssportler in mir ist klar: rechts abbiegen. Und dann oben kotzen, aber oben werden wir. Beste Entscheidung aller Zeiten.<\/p>\n\n\n\n<figure class=\"wp-block-gallery has-nested-images columns-default is-cropped wp-block-gallery-5 is-layout-flex wp-block-gallery-is-layout-flex\">\n<figure class=\"wp-block-image size-large\"><img loading=\"lazy\" decoding=\"async\" width=\"1024\" height=\"576\" data-id=\"1774\" src=\"https:\/\/cyclingdestination.cc\/wp-content\/uploads\/2021\/09\/IMG_3732-1024x576.jpeg\" alt=\"Warten auf den langsamen Hasen in Crans Montana\" class=\"wp-image-1774\" srcset=\"https:\/\/cyclingdestination.cc\/wp-content\/uploads\/2021\/09\/IMG_3732-1024x576.jpeg 1024w, https:\/\/cyclingdestination.cc\/wp-content\/uploads\/2021\/09\/IMG_3732-300x169.jpeg 300w, https:\/\/cyclingdestination.cc\/wp-content\/uploads\/2021\/09\/IMG_3732-768x432.jpeg 768w, https:\/\/cyclingdestination.cc\/wp-content\/uploads\/2021\/09\/IMG_3732-1536x864.jpeg 1536w, https:\/\/cyclingdestination.cc\/wp-content\/uploads\/2021\/09\/IMG_3732-2048x1152.jpeg 2048w\" sizes=\"(max-width: 1024px) 100vw, 1024px\" \/><\/figure>\n\n\n\n<figure class=\"wp-block-image size-large\"><img loading=\"lazy\" decoding=\"async\" width=\"1024\" height=\"768\" data-id=\"1775\" src=\"https:\/\/cyclingdestination.cc\/wp-content\/uploads\/2021\/09\/IMG_3730-1024x768.jpeg\" alt=\"Das Panorama von Crans Montana\" class=\"wp-image-1775\" srcset=\"https:\/\/cyclingdestination.cc\/wp-content\/uploads\/2021\/09\/IMG_3730-1024x768.jpeg 1024w, https:\/\/cyclingdestination.cc\/wp-content\/uploads\/2021\/09\/IMG_3730-300x225.jpeg 300w, https:\/\/cyclingdestination.cc\/wp-content\/uploads\/2021\/09\/IMG_3730-768x576.jpeg 768w, https:\/\/cyclingdestination.cc\/wp-content\/uploads\/2021\/09\/IMG_3730-1536x1152.jpeg 1536w, https:\/\/cyclingdestination.cc\/wp-content\/uploads\/2021\/09\/IMG_3730-2048x1536.jpeg 2048w\" sizes=\"(max-width: 1024px) 100vw, 1024px\" \/><\/figure>\n<\/figure>\n\n\n\n<h2 class=\"wp-block-heading\">Toppie<\/h2>\n\n\n\n<p>So sehr es bisher auch weh tat. Ich habe meinen Schwung aufgefangen. Weiter schleifen und nach oben schauen. Dann l\u00e4uft der Countdown. Es ist immer noch ein Vorteil, so ein Fahrradcomputer (in meinem Fall ein Wahoo). Man kann eine Weile auf alle Infos schauen und sieht zwischendurch, wann die harten Stellen kommen oder wann es eine Weile flacher wird. So ist das Ende dieser Walliser Qu\u00e4lerei schon fr\u00fcher in Sicht, als es normalerweise menschenm\u00f6glich ist. <\/p>\n\n\n\n<p>Das Erreichen des Gipfels ist ein bisschen ein Anti-Klimax. Das Schild (siehe Foto) f\u00e4llt fast von der Beschilderung der (ansonsten fetten) MTB-Trails in der N\u00e4he ab. Die Aussicht an diesem Punkt ist auch nicht berauschend. Aber wir haben es auf 1800 Meter geschafft, und dar\u00fcber bin ich froh. <\/p>\n\n\n\n<figure class=\"wp-block-gallery has-nested-images columns-default is-cropped wp-block-gallery-6 is-layout-flex wp-block-gallery-is-layout-flex\">\n<figure class=\"wp-block-image size-large\"><img loading=\"lazy\" decoding=\"async\" width=\"1024\" height=\"819\" data-id=\"1770\" src=\"https:\/\/cyclingdestination.cc\/wp-content\/uploads\/2021\/09\/21071214-Valais-4115-1024x819.jpg\" alt=\"Oben auf dem Col de Crans auf dem Foto\" class=\"wp-image-1770\" srcset=\"https:\/\/cyclingdestination.cc\/wp-content\/uploads\/2021\/09\/21071214-Valais-4115-1024x819.jpg 1024w, https:\/\/cyclingdestination.cc\/wp-content\/uploads\/2021\/09\/21071214-Valais-4115-300x240.jpg 300w, https:\/\/cyclingdestination.cc\/wp-content\/uploads\/2021\/09\/21071214-Valais-4115-768x614.jpg 768w, https:\/\/cyclingdestination.cc\/wp-content\/uploads\/2021\/09\/21071214-Valais-4115-1536x1229.jpg 1536w, https:\/\/cyclingdestination.cc\/wp-content\/uploads\/2021\/09\/21071214-Valais-4115-2048x1639.jpg 2048w\" sizes=\"(max-width: 1024px) 100vw, 1024px\" \/><figcaption class=\"wp-element-caption\">(c) Alain Rumpf\/A Swiss WIth a Pulse<\/figcaption><\/figure>\n\n\n\n<figure class=\"wp-block-image size-large\"><img loading=\"lazy\" decoding=\"async\" width=\"1024\" height=\"683\" data-id=\"1771\" src=\"https:\/\/cyclingdestination.cc\/wp-content\/uploads\/2021\/09\/21071214-Valais-4068-1024x683.jpg\" alt=\"Die gro\u00dfartige Besteigung des Col de Crans\" class=\"wp-image-1771\" srcset=\"https:\/\/cyclingdestination.cc\/wp-content\/uploads\/2021\/09\/21071214-Valais-4068-1024x683.jpg 1024w, https:\/\/cyclingdestination.cc\/wp-content\/uploads\/2021\/09\/21071214-Valais-4068-300x200.jpg 300w, https:\/\/cyclingdestination.cc\/wp-content\/uploads\/2021\/09\/21071214-Valais-4068-768x512.jpg 768w, https:\/\/cyclingdestination.cc\/wp-content\/uploads\/2021\/09\/21071214-Valais-4068-1536x1024.jpg 1536w, https:\/\/cyclingdestination.cc\/wp-content\/uploads\/2021\/09\/21071214-Valais-4068-2048x1365.jpg 2048w\" sizes=\"(max-width: 1024px) 100vw, 1024px\" \/><figcaption class=\"wp-element-caption\">(c) Alain Rumpf\/A Swiss WIth a Pulse<\/figcaption><\/figure>\n<\/figure>\n\n\n\n<h2 class=\"wp-block-heading\">Entspannen und atmen<\/h2>\n\n\n\n<p>Danach geht es nur noch darum, zum Hotel zu gelangen. Wir \u00fcbernachten in <a href=\"https:\/\/cutt.ly\/d8Db2ra\" target=\"_blank\" rel=\"noreferrer noopener sponsored nofollow\">Hotel de la For\u00eat<\/a> in Crans, das noch ein paar hundert Meter tiefer liegt. Der Abstieg ist hart. Das ist keine leichte Aufgabe. Denn die Stra\u00dfe hinauf war 10%, also runter....auch 10%. Und die Stra\u00dfe ist schmal und un\u00fcbersichtlich. Man muss also sehr vorsichtig sein. Au\u00dferdem hat es in den Tagen zuvor geregnet, was bedeutet, dass die Stra\u00dfe auch ein bisschen feucht ist. Das erfordert zus\u00e4tzliche Vorsicht. Mit den Scheibenbremsen unseres Leihfahrrads bin ich allerdings zufrieden. <\/p>\n\n\n\n<p>Wir schl\u00e4ngeln uns hinunter und biegen schliesslich neben der Luzerner H\u00f6hen Klinik wieder auf die Hauptstrasse ein. Unser Hotel ist dann nur noch einen Katzensprung entfernt. Nach einem schnellen Wechsel und einem guten Pasta-Essen trennen sich unsere und Alains Wege.<\/p>\n\n\n\n<figure class=\"wp-block-gallery has-nested-images columns-default is-cropped wp-block-gallery-7 is-layout-flex wp-block-gallery-is-layout-flex\">\n<figure class=\"wp-block-image size-large\"><img loading=\"lazy\" decoding=\"async\" width=\"1024\" height=\"576\" data-id=\"1776\" src=\"https:\/\/cyclingdestination.cc\/wp-content\/uploads\/2021\/09\/IMG_3745-1024x576.jpeg\" alt=\"Alain verl\u00e4sst das Hotel mit Blick auf die sch\u00f6nen Berge\" class=\"wp-image-1776\" srcset=\"https:\/\/cyclingdestination.cc\/wp-content\/uploads\/2021\/09\/IMG_3745-1024x576.jpeg 1024w, https:\/\/cyclingdestination.cc\/wp-content\/uploads\/2021\/09\/IMG_3745-300x169.jpeg 300w, https:\/\/cyclingdestination.cc\/wp-content\/uploads\/2021\/09\/IMG_3745-768x432.jpeg 768w, https:\/\/cyclingdestination.cc\/wp-content\/uploads\/2021\/09\/IMG_3745-1536x864.jpeg 1536w, https:\/\/cyclingdestination.cc\/wp-content\/uploads\/2021\/09\/IMG_3745-2048x1152.jpeg 2048w\" sizes=\"(max-width: 1024px) 100vw, 1024px\" \/><\/figure>\n<\/figure>\n\n\n\n<h2 class=\"wp-block-heading\">Warum gehen?<\/h2>\n\n\n\n<p>Crans Montana ist eigentlich perfekt gelegen, um die Gegend zu erkunden. Mit seiner H\u00f6he von 1500 Metern ist es auch ein ausgezeichneter Ort f\u00fcr ein H\u00f6hentraining. Von Crans aus kann man in verschiedene Richtungen fahren, unter anderem \u00fcber den benachbarten Sanetsch-Pass und von dort aus eine gro\u00dfe Fahrt \u00fcber Aigle - Martigny und wieder zur\u00fcck. <\/p>\n\n\n\n<p>Die Einrichtungen im Dorf haben einen hohen Standard, auch weil es im Winter ein belebtes Skidorf ist, in dem die G\u00e4ste noch etwas Luxus und Qualit\u00e4t erwarten. <\/p>\n\n\n\n<p>Wir wohnten in einem bestimmten <a href=\"https:\/\/cyclingdestination.cc\/de\/verhalen\/labels-voor-fietshotels-10-handige-sites\/\" target=\"_blank\" rel=\"noreferrer noopener\">Swiss Bike Hotel<\/a>\u2018, <a href=\"https:\/\/www.booking.com\/hotel\/ch\/de-la-foret.html\" target=\"_blank\" rel=\"noreferrer noopener\">Hotel de la For\u00eat<\/a>. Das sind Fahrradhotels, die speziell f\u00fcr die Zielgruppe der Radfahrer ausgestattet sind:<\/p>\n\n\n\n<ul class=\"wp-block-list\">\n<li>Abgeschlossener Abstellraum\/Fahrradkeller<\/li>\n\n\n\n<li>Absp\u00fclbare Stelle<\/li>\n\n\n\n<li>Schraubenschl\u00fcssel-Satz<\/li>\n\n\n\n<li>Lokale Informationen<\/li>\n<\/ul>\n\n\n\n<p>Das ist ganz nett und Sie k\u00f6nnen diese Hotels in der ganzen Schweiz finden. Es gibt auch \"Bike Friendly\"-Hotels, die mit diesen Einrichtungen konkurrieren, aber z.B. kein Reparaturset haben, daf\u00fcr aber einen Keller und eine Absp\u00fclm\u00f6glichkeit. In den meisten Skigebieten gibt es einen abschlie\u00dfbaren Keller, weil dort im Winter die Skier stehen.<\/p>\n\n\n\n<h3 class=\"wp-block-heading\">Transport<\/h3>\n\n\n\n<p>Die Schweiz ist die verkehrstechnisch am besten erschlossene Region. Sie k\u00f6nnen dorthin fliegen (Genf\/Z\u00fcrich) oder den Zug nach Basel nehmen und dann weiter auf der gut angebundenen <a data-type=\"URL\" data-id=\"www.sbb.ch\" href=\"http:\/\/www.sbb.ch\" target=\"_blank\" rel=\"noreferrer noopener\">SBB<\/a> Netzwerk. Verwenden Sie eine <a data-type=\"URL\" data-id=\"https:\/\/www.sbb.ch\/de\/freizeit-ferien\/reisen-schweiz\/internationale-gaeste\/swiss-travel-pass.html\" href=\"https:\/\/www.sbb.ch\/de\/freizeit-ferien\/reisen-schweiz\/internationale-gaeste\/swiss-travel-pass.html\" target=\"_blank\" rel=\"noreferrer noopener\">Swiss Travel Pass<\/a> wenn Sie mehrere Tage mit dem Zug reisen wollen. Sie reisen mit dem Fahrrad? Sie brauchen nur zu reservieren, und es gibt spezielle Fahrradstellpl\u00e4tze.<\/p>\n\n\n\n<h2 class=\"wp-block-heading\">Buchen Sie Ihren Aufenthalt<\/h2>\n\n\n\n<iframe id=\"stay22-widget\" width=\"100%\" height=\"428\" src=\"https:\/\/www.stay22.com\/embed\/68beb48807d38cf140104890\" frameborder=\"0\"><\/iframe>","protected":false},"excerpt":{"rendered":"<p>In het prachtige kanton Valais-Wallis is zoveel te kiezen als het op fietsen aankomt. Wat denk je van een mooie rit vanuit should-have-been WK startplaats Martigny en dan omhoog naar Barrage d&#8217;Emosson, Grand Saint Bernard of een van die andere waanzinnige beklimmingen. Je kunt ook vanuit Brig naar Moosalp, naar de Furkapass, Nufenenpass, Simplonpass en [&hellip;]<\/p>\n","protected":false},"author":1,"featured_media":7253,"comment_status":"open","ping_status":"closed","sticky":false,"template":"","format":"standard","meta":{"_acf_changed":false,"iawp_total_views":218,"footnotes":""},"categories":[8,12],"tags":[155,68,72,153,154,78,110],"class_list":["post-1756","post","type-post","status-publish","format-standard","has-post-thumbnail","hentry","category-verhalen","category-zwitserland","tag-crans-montana","tag-fietsreis","tag-klimmen","tag-valais","tag-wallis","tag-wielrennen","tag-zwitserland"],"acf":[],"featured_image_url":{"thumbnail":"https:\/\/cyclingdestination.cc\/wp-content\/uploads\/2022\/06\/DSCF6424-150x150.jpg","medium":"https:\/\/cyclingdestination.cc\/wp-content\/uploads\/2022\/06\/DSCF6424-240x300.jpg","medium_large":"https:\/\/cyclingdestination.cc\/wp-content\/uploads\/2022\/06\/DSCF6424-768x960.jpg","large":"https:\/\/cyclingdestination.cc\/wp-content\/uploads\/2022\/06\/DSCF6424-819x1024.jpg","1536x1536":"https:\/\/cyclingdestination.cc\/wp-content\/uploads\/2022\/06\/DSCF6424-1229x1536.jpg","2048x2048":"https:\/\/cyclingdestination.cc\/wp-content\/uploads\/2022\/06\/DSCF6424-1638x2048.jpg","trp-custom-language-flag":"https:\/\/cyclingdestination.cc\/wp-content\/uploads\/2022\/06\/DSCF6424-scaled.jpg"},"post_author":"Sander","assigned_categories":"Verhalen, Zwitserland","yoast_head":"<!-- This site is optimized with the Yoast SEO plugin v27.4 - https:\/\/yoast.com\/product\/yoast-seo-wordpress\/ -->\n<title>Crans-Montana is een fietsparadijs - Cycling Destination<\/title>\n<meta name=\"description\" content=\"Crans-Montana is een fietsparadijs met het meest schitterende panorama dat je kunt bedenken. Midden in Valais op 1500 meter hoogte.\" \/>\n<meta name=\"robots\" content=\"index, follow, max-snippet:-1, max-image-preview:large, max-video-preview:-1\" \/>\n<link rel=\"canonical\" href=\"https:\/\/cyclingdestination.cc\/de\/verhalen\/crans-montana-is-een-fietsparadijs\/\" \/>\n<meta property=\"og:locale\" content=\"de_DE\" \/>\n<meta property=\"og:type\" content=\"article\" \/>\n<meta property=\"og:title\" content=\"Crans-Montana is een fietsparadijs - Cycling Destination\" \/>\n<meta property=\"og:description\" content=\"Crans-Montana is een fietsparadijs met het meest schitterende panorama dat je kunt bedenken. Midden in Valais op 1500 meter hoogte.\" \/>\n<meta property=\"og:url\" content=\"https:\/\/cyclingdestination.cc\/de\/verhalen\/crans-montana-is-een-fietsparadijs\/\" \/>\n<meta property=\"og:site_name\" content=\"Cycling Destination\" \/>\n<meta property=\"article:publisher\" content=\"https:\/\/www.facebook.com\/cyclingdestination.cc\" \/>\n<meta property=\"article:published_time\" content=\"2021-09-11T07:40:27+00:00\" \/>\n<meta property=\"article:modified_time\" content=\"2025-09-08T10:57:05+00:00\" \/>\n<meta property=\"og:image\" content=\"https:\/\/cyclingdestination.cc\/wp-content\/uploads\/2022\/06\/DSCF6424-scaled.jpg\" \/>\n\t<meta property=\"og:image:width\" content=\"2048\" \/>\n\t<meta property=\"og:image:height\" content=\"2560\" \/>\n\t<meta property=\"og:image:type\" content=\"image\/jpeg\" \/>\n<meta name=\"author\" content=\"Sander\" \/>\n<meta name=\"twitter:card\" content=\"summary_large_image\" \/>\n<meta name=\"twitter:creator\" content=\"@cyclingdestin\" \/>\n<meta name=\"twitter:site\" content=\"@cyclingdestin\" \/>\n<meta name=\"twitter:label1\" content=\"Verfasst von\" \/>\n\t<meta name=\"twitter:data1\" content=\"Sander\" \/>\n\t<meta name=\"twitter:label2\" content=\"Gesch\u00e4tzte Lesezeit\" \/>\n\t<meta name=\"twitter:data2\" content=\"10\u00a0Minuten\" \/>\n<script type=\"application\/ld+json\" class=\"yoast-schema-graph\">{\"@context\":\"https:\\\/\\\/schema.org\",\"@graph\":[{\"@type\":\"Article\",\"@id\":\"https:\\\/\\\/cyclingdestination.cc\\\/verhalen\\\/crans-montana-is-een-fietsparadijs#article\",\"isPartOf\":{\"@id\":\"https:\\\/\\\/cyclingdestination.cc\\\/verhalen\\\/crans-montana-is-een-fietsparadijs\"},\"author\":{\"name\":\"Sander\",\"@id\":\"https:\\\/\\\/cyclingdestination.cc\\\/#\\\/schema\\\/person\\\/d8be1d6ea48cbeb775e9ea6b57e54a7d\"},\"headline\":\"Crans-Montana is een fietsparadijs\",\"datePublished\":\"2021-09-11T07:40:27+00:00\",\"dateModified\":\"2025-09-08T10:57:05+00:00\",\"mainEntityOfPage\":{\"@id\":\"https:\\\/\\\/cyclingdestination.cc\\\/verhalen\\\/crans-montana-is-een-fietsparadijs\"},\"wordCount\":1517,\"commentCount\":0,\"publisher\":{\"@id\":\"https:\\\/\\\/cyclingdestination.cc\\\/#organization\"},\"image\":{\"@id\":\"https:\\\/\\\/cyclingdestination.cc\\\/verhalen\\\/crans-montana-is-een-fietsparadijs#primaryimage\"},\"thumbnailUrl\":\"https:\\\/\\\/cyclingdestination.cc\\\/wp-content\\\/uploads\\\/2022\\\/06\\\/DSCF6424-scaled.jpg\",\"keywords\":[\"crans-montana\",\"fietsreis\",\"klimmen\",\"valais\",\"wallis\",\"wielrennen\",\"zwitserland\"],\"articleSection\":[\"Verhalen\",\"Zwitserland\"],\"inLanguage\":\"de\",\"potentialAction\":[{\"@type\":\"CommentAction\",\"name\":\"Comment\",\"target\":[\"https:\\\/\\\/cyclingdestination.cc\\\/verhalen\\\/crans-montana-is-een-fietsparadijs#respond\"]}]},{\"@type\":\"WebPage\",\"@id\":\"https:\\\/\\\/cyclingdestination.cc\\\/verhalen\\\/crans-montana-is-een-fietsparadijs\",\"url\":\"https:\\\/\\\/cyclingdestination.cc\\\/verhalen\\\/crans-montana-is-een-fietsparadijs\",\"name\":\"Crans-Montana is een fietsparadijs - Cycling Destination\",\"isPartOf\":{\"@id\":\"https:\\\/\\\/cyclingdestination.cc\\\/#website\"},\"primaryImageOfPage\":{\"@id\":\"https:\\\/\\\/cyclingdestination.cc\\\/verhalen\\\/crans-montana-is-een-fietsparadijs#primaryimage\"},\"image\":{\"@id\":\"https:\\\/\\\/cyclingdestination.cc\\\/verhalen\\\/crans-montana-is-een-fietsparadijs#primaryimage\"},\"thumbnailUrl\":\"https:\\\/\\\/cyclingdestination.cc\\\/wp-content\\\/uploads\\\/2022\\\/06\\\/DSCF6424-scaled.jpg\",\"datePublished\":\"2021-09-11T07:40:27+00:00\",\"dateModified\":\"2025-09-08T10:57:05+00:00\",\"description\":\"Crans-Montana is een fietsparadijs met het meest schitterende panorama dat je kunt bedenken. Midden in Valais op 1500 meter hoogte.\",\"breadcrumb\":{\"@id\":\"https:\\\/\\\/cyclingdestination.cc\\\/verhalen\\\/crans-montana-is-een-fietsparadijs#breadcrumb\"},\"inLanguage\":\"de\",\"potentialAction\":[{\"@type\":\"ReadAction\",\"target\":[\"https:\\\/\\\/cyclingdestination.cc\\\/verhalen\\\/crans-montana-is-een-fietsparadijs\"]}]},{\"@type\":\"ImageObject\",\"inLanguage\":\"de\",\"@id\":\"https:\\\/\\\/cyclingdestination.cc\\\/verhalen\\\/crans-montana-is-een-fietsparadijs#primaryimage\",\"url\":\"https:\\\/\\\/cyclingdestination.cc\\\/wp-content\\\/uploads\\\/2022\\\/06\\\/DSCF6424-scaled.jpg\",\"contentUrl\":\"https:\\\/\\\/cyclingdestination.cc\\\/wp-content\\\/uploads\\\/2022\\\/06\\\/DSCF6424-scaled.jpg\",\"width\":2048,\"height\":2560},{\"@type\":\"BreadcrumbList\",\"@id\":\"https:\\\/\\\/cyclingdestination.cc\\\/verhalen\\\/crans-montana-is-een-fietsparadijs#breadcrumb\",\"itemListElement\":[{\"@type\":\"ListItem\",\"position\":1,\"name\":\"Home\",\"item\":\"https:\\\/\\\/cyclingdestination.cc\\\/\"},{\"@type\":\"ListItem\",\"position\":2,\"name\":\"Crans-Montana is een fietsparadijs\"}]},{\"@type\":\"WebSite\",\"@id\":\"https:\\\/\\\/cyclingdestination.cc\\\/#website\",\"url\":\"https:\\\/\\\/cyclingdestination.cc\\\/\",\"name\":\"Cycling Destination\",\"description\":\"Inspiratie voor jouw volgende fietsavontuur\",\"publisher\":{\"@id\":\"https:\\\/\\\/cyclingdestination.cc\\\/#organization\"},\"potentialAction\":[{\"@type\":\"SearchAction\",\"target\":{\"@type\":\"EntryPoint\",\"urlTemplate\":\"https:\\\/\\\/cyclingdestination.cc\\\/?s={search_term_string}\"},\"query-input\":{\"@type\":\"PropertyValueSpecification\",\"valueRequired\":true,\"valueName\":\"search_term_string\"}}],\"inLanguage\":\"de\"},{\"@type\":\"Organization\",\"@id\":\"https:\\\/\\\/cyclingdestination.cc\\\/#organization\",\"name\":\"Cycling Destination\",\"url\":\"https:\\\/\\\/cyclingdestination.cc\\\/\",\"logo\":{\"@type\":\"ImageObject\",\"inLanguage\":\"de\",\"@id\":\"https:\\\/\\\/cyclingdestination.cc\\\/#\\\/schema\\\/logo\\\/image\\\/\",\"url\":\"https:\\\/\\\/cyclingdestination.cc\\\/wp-content\\\/uploads\\\/2022\\\/01\\\/cyclingdestination_logo_RGB_zwart_vDEF-1.png\",\"contentUrl\":\"https:\\\/\\\/cyclingdestination.cc\\\/wp-content\\\/uploads\\\/2022\\\/01\\\/cyclingdestination_logo_RGB_zwart_vDEF-1.png\",\"width\":2550,\"height\":814,\"caption\":\"Cycling Destination\"},\"image\":{\"@id\":\"https:\\\/\\\/cyclingdestination.cc\\\/#\\\/schema\\\/logo\\\/image\\\/\"},\"sameAs\":[\"https:\\\/\\\/www.facebook.com\\\/cyclingdestination.cc\",\"https:\\\/\\\/x.com\\\/cyclingdestin\",\"https:\\\/\\\/www.instagram.com\\\/cyclingdestination.cc\\\/\"]},{\"@type\":\"Person\",\"@id\":\"https:\\\/\\\/cyclingdestination.cc\\\/#\\\/schema\\\/person\\\/d8be1d6ea48cbeb775e9ea6b57e54a7d\",\"name\":\"Sander\",\"url\":\"https:\\\/\\\/cyclingdestination.cc\\\/de\\\/author\\\/admin\"}]}<\/script>\n<!-- \/ Yoast SEO plugin. -->","yoast_head_json":{"title":"Crans-Montana ist ein Paradies f\u00fcr Radfahrer - Cycling Destination","description":"Crans-Montana ist ein Radsportparadies mit dem sch\u00f6nsten Panorama, das man sich vorstellen kann. Mitten im Wallis auf einer H\u00f6he von 1.500 Metern.","robots":{"index":"index","follow":"follow","max-snippet":"max-snippet:-1","max-image-preview":"max-image-preview:large","max-video-preview":"max-video-preview:-1"},"canonical":"https:\/\/cyclingdestination.cc\/de\/verhalen\/crans-montana-is-een-fietsparadijs\/","og_locale":"de_DE","og_type":"article","og_title":"Crans-Montana is een fietsparadijs - Cycling Destination","og_description":"Crans-Montana is een fietsparadijs met het meest schitterende panorama dat je kunt bedenken. Midden in Valais op 1500 meter hoogte.","og_url":"https:\/\/cyclingdestination.cc\/de\/verhalen\/crans-montana-is-een-fietsparadijs\/","og_site_name":"Cycling Destination","article_publisher":"https:\/\/www.facebook.com\/cyclingdestination.cc","article_published_time":"2021-09-11T07:40:27+00:00","article_modified_time":"2025-09-08T10:57:05+00:00","og_image":[{"width":2048,"height":2560,"url":"https:\/\/cyclingdestination.cc\/wp-content\/uploads\/2022\/06\/DSCF6424-scaled.jpg","type":"image\/jpeg"}],"author":"Sander","twitter_card":"summary_large_image","twitter_creator":"@cyclingdestin","twitter_site":"@cyclingdestin","twitter_misc":{"Verfasst von":"Sander","Gesch\u00e4tzte Lesezeit":"10\u00a0Minuten"},"schema":{"@context":"https:\/\/schema.org","@graph":[{"@type":"Article","@id":"https:\/\/cyclingdestination.cc\/verhalen\/crans-montana-is-een-fietsparadijs#article","isPartOf":{"@id":"https:\/\/cyclingdestination.cc\/verhalen\/crans-montana-is-een-fietsparadijs"},"author":{"name":"Sander","@id":"https:\/\/cyclingdestination.cc\/#\/schema\/person\/d8be1d6ea48cbeb775e9ea6b57e54a7d"},"headline":"Crans-Montana is een fietsparadijs","datePublished":"2021-09-11T07:40:27+00:00","dateModified":"2025-09-08T10:57:05+00:00","mainEntityOfPage":{"@id":"https:\/\/cyclingdestination.cc\/verhalen\/crans-montana-is-een-fietsparadijs"},"wordCount":1517,"commentCount":0,"publisher":{"@id":"https:\/\/cyclingdestination.cc\/#organization"},"image":{"@id":"https:\/\/cyclingdestination.cc\/verhalen\/crans-montana-is-een-fietsparadijs#primaryimage"},"thumbnailUrl":"https:\/\/cyclingdestination.cc\/wp-content\/uploads\/2022\/06\/DSCF6424-scaled.jpg","keywords":["crans-montana","fietsreis","klimmen","valais","wallis","wielrennen","zwitserland"],"articleSection":["Verhalen","Zwitserland"],"inLanguage":"de","potentialAction":[{"@type":"CommentAction","name":"Comment","target":["https:\/\/cyclingdestination.cc\/verhalen\/crans-montana-is-een-fietsparadijs#respond"]}]},{"@type":"WebPage","@id":"https:\/\/cyclingdestination.cc\/verhalen\/crans-montana-is-een-fietsparadijs","url":"https:\/\/cyclingdestination.cc\/verhalen\/crans-montana-is-een-fietsparadijs","name":"Crans-Montana ist ein Paradies f\u00fcr Radfahrer - Cycling Destination","isPartOf":{"@id":"https:\/\/cyclingdestination.cc\/#website"},"primaryImageOfPage":{"@id":"https:\/\/cyclingdestination.cc\/verhalen\/crans-montana-is-een-fietsparadijs#primaryimage"},"image":{"@id":"https:\/\/cyclingdestination.cc\/verhalen\/crans-montana-is-een-fietsparadijs#primaryimage"},"thumbnailUrl":"https:\/\/cyclingdestination.cc\/wp-content\/uploads\/2022\/06\/DSCF6424-scaled.jpg","datePublished":"2021-09-11T07:40:27+00:00","dateModified":"2025-09-08T10:57:05+00:00","description":"Crans-Montana ist ein Radsportparadies mit dem sch\u00f6nsten Panorama, das man sich vorstellen kann. Mitten im Wallis auf einer H\u00f6he von 1.500 Metern.","breadcrumb":{"@id":"https:\/\/cyclingdestination.cc\/verhalen\/crans-montana-is-een-fietsparadijs#breadcrumb"},"inLanguage":"de","potentialAction":[{"@type":"ReadAction","target":["https:\/\/cyclingdestination.cc\/verhalen\/crans-montana-is-een-fietsparadijs"]}]},{"@type":"ImageObject","inLanguage":"de","@id":"https:\/\/cyclingdestination.cc\/verhalen\/crans-montana-is-een-fietsparadijs#primaryimage","url":"https:\/\/cyclingdestination.cc\/wp-content\/uploads\/2022\/06\/DSCF6424-scaled.jpg","contentUrl":"https:\/\/cyclingdestination.cc\/wp-content\/uploads\/2022\/06\/DSCF6424-scaled.jpg","width":2048,"height":2560},{"@type":"BreadcrumbList","@id":"https:\/\/cyclingdestination.cc\/verhalen\/crans-montana-is-een-fietsparadijs#breadcrumb","itemListElement":[{"@type":"ListItem","position":1,"name":"Home","item":"https:\/\/cyclingdestination.cc\/"},{"@type":"ListItem","position":2,"name":"Crans-Montana is een fietsparadijs"}]},{"@type":"WebSite","@id":"https:\/\/cyclingdestination.cc\/#website","url":"https:\/\/cyclingdestination.cc\/","name":"Ziel Radfahren","description":"Inspiration f\u00fcr Ihr n\u00e4chstes Fahrradabenteuer","publisher":{"@id":"https:\/\/cyclingdestination.cc\/#organization"},"potentialAction":[{"@type":"SearchAction","target":{"@type":"EntryPoint","urlTemplate":"https:\/\/cyclingdestination.cc\/?s={search_term_string}"},"query-input":{"@type":"PropertyValueSpecification","valueRequired":true,"valueName":"search_term_string"}}],"inLanguage":"de"},{"@type":"Organization","@id":"https:\/\/cyclingdestination.cc\/#organization","name":"Ziel Radfahren","url":"https:\/\/cyclingdestination.cc\/","logo":{"@type":"ImageObject","inLanguage":"de","@id":"https:\/\/cyclingdestination.cc\/#\/schema\/logo\/image\/","url":"https:\/\/cyclingdestination.cc\/wp-content\/uploads\/2022\/01\/cyclingdestination_logo_RGB_zwart_vDEF-1.png","contentUrl":"https:\/\/cyclingdestination.cc\/wp-content\/uploads\/2022\/01\/cyclingdestination_logo_RGB_zwart_vDEF-1.png","width":2550,"height":814,"caption":"Cycling Destination"},"image":{"@id":"https:\/\/cyclingdestination.cc\/#\/schema\/logo\/image\/"},"sameAs":["https:\/\/www.facebook.com\/cyclingdestination.cc","https:\/\/x.com\/cyclingdestin","https:\/\/www.instagram.com\/cyclingdestination.cc\/"]},{"@type":"Person","@id":"https:\/\/cyclingdestination.cc\/#\/schema\/person\/d8be1d6ea48cbeb775e9ea6b57e54a7d","name":"Sander","url":"https:\/\/cyclingdestination.cc\/de\/author\/admin"}]}},"_links":{"self":[{"href":"https:\/\/cyclingdestination.cc\/de\/wp-json\/wp\/v2\/posts\/1756","targetHints":{"allow":["GET"]}}],"collection":[{"href":"https:\/\/cyclingdestination.cc\/de\/wp-json\/wp\/v2\/posts"}],"about":[{"href":"https:\/\/cyclingdestination.cc\/de\/wp-json\/wp\/v2\/types\/post"}],"author":[{"embeddable":true,"href":"https:\/\/cyclingdestination.cc\/de\/wp-json\/wp\/v2\/users\/1"}],"replies":[{"embeddable":true,"href":"https:\/\/cyclingdestination.cc\/de\/wp-json\/wp\/v2\/comments?post=1756"}],"version-history":[{"count":2,"href":"https:\/\/cyclingdestination.cc\/de\/wp-json\/wp\/v2\/posts\/1756\/revisions"}],"predecessor-version":[{"id":23895,"href":"https:\/\/cyclingdestination.cc\/de\/wp-json\/wp\/v2\/posts\/1756\/revisions\/23895"}],"wp:featuredmedia":[{"embeddable":true,"href":"https:\/\/cyclingdestination.cc\/de\/wp-json\/wp\/v2\/media\/7253"}],"wp:attachment":[{"href":"https:\/\/cyclingdestination.cc\/de\/wp-json\/wp\/v2\/media?parent=1756"}],"wp:term":[{"taxonomy":"category","embeddable":true,"href":"https:\/\/cyclingdestination.cc\/de\/wp-json\/wp\/v2\/categories?post=1756"},{"taxonomy":"post_tag","embeddable":true,"href":"https:\/\/cyclingdestination.cc\/de\/wp-json\/wp\/v2\/tags?post=1756"}],"curies":[{"name":"wp","href":"https:\/\/api.w.org\/{rel}","templated":true}]}}