{"id":22951,"date":"2025-05-24T20:51:34","date_gmt":"2025-05-24T18:51:34","guid":{"rendered":"https:\/\/cyclingdestination.cc\/?p=22951"},"modified":"2025-05-26T17:11:20","modified_gmt":"2025-05-26T15:11:20","slug":"giro-ditalia-2025-un-giorno-prima-de-eerste-week-vol-heroiek-regen-en-gravel","status":"publish","type":"post","link":"https:\/\/cyclingdestination.cc\/de\/verhalen\/giro-ditalia-2025-un-giorno-prima-de-eerste-week-vol-heroiek-regen-en-gravel","title":{"rendered":"Giro d'Italia 2025 - Un giorno prima: Die erste Woche voller Heldentum, Regen und Schotter"},"content":{"rendered":"<p>F\u00fcr Cycling Destination ist Kees Langeveld im sch\u00f6nen Italien unterwegs. Sie k\u00f6nnten <a href=\"https:\/\/cyclingdestination.cc\/de\/verhalen\/albanie\/kees-in-de-giro-op-naar-etappe-3-in-albanie\/\">ersten Teil seines<\/a> Abenteuer, indem er vor dem Giro mit 'Un Giorno Prima' losfuhr, das wir bereits gelesen haben. Hier ist sein Bericht \u00fcber eine Woche voller Heldentaten, Schotter und Regen. Kees ist alle Etappen geradelt, er muss also eine Menge Kilometer und H\u00f6henmeter in den Beinen haben! Habt ihr Fragen zu seinem Abenteuer? Dann antworten Sie in den Kommentaren!<\/p>\n\n\n\n<h3 class=\"wp-block-heading\">Samstag - \u00dcberfahrt nach Apulien<\/h3>\n\n\n\n<p>Der diesj\u00e4hrige Giro beginnt in <a href=\"https:\/\/cyclingdestination.cc\/de\/verhalen\/fietsbestemming-albanie-vanuit-vlore-de-regio-verkennen\/\">Albanien<\/a>Aber noch bevor der erste Fu\u00dftritt erfolgt, wird improvisiert. Die Transporter sitzen an der Grenze fest: Es fehlen die Originalpapiere. Trotzdem schafft es die ganze Karawane schlie\u00dflich, mit dem Boot sicher nach Brindisi \u00fcberzusetzen. Am Kai werden wir sofort von neugierigen Zollbeamten angesprochen. Sie denken, dass wir zur Giro-Organisation geh\u00f6ren - was auch Sinn macht, denn unsere Shirts mit dem offiziellen Giro-Logo und der Aufschrift \"\/ un giorno prima\" erwecken diesen Eindruck. Das Eis ist schnell gebrochen, und ehe wir uns versehen, verteilen wir Gadgets. Gegen 22.30 Uhr rutschen wir an den Tisch. Die <a href=\"https:\/\/www.giroditalia.it\/il-percorso\/\">Giro<\/a> beginnt mit Nudeln und Geschichten.<\/p>\n\n\n\n<h3 class=\"wp-block-heading\">Sonntag, 11. Mai - Etappe 4: Alberobello - Lecce<\/h3>\n\n\n\n<iframe src=\"https:\/\/www.komoot.com\/nl-nl\/tour\/2268065642\/embed?share_token=aDrGukNvQWb34nswr9S9kllsPZUvJsoYvj5eEgGrHpSOSOnVBA&#038;profile=1\" width=\"100%\" height=\"500\" frameborder=\"0\" scrolling=\"no\"><\/iframe>\n\n\n\n<p>Eine gem\u00fctliche Fahrt in den S\u00fcden des Stiefels. Die Gruppe f\u00e4hrt reibungslos, trotz des Nieselregens auf halber Strecke. Unser Ziel ist Lecce, ein barockes Kleinod im hinteren Teil Italiens. Im Ziel kommen wir mit einer Gruppe \u00e4lterer Italiener ins Gespr\u00e4ch, die stolz \u00fcber ihre Region erz\u00e4hlen. Und ja, Rai Sport hat uns auf Film gebannt. Jetzt m\u00fcssen wir es wiederfinden!<\/p>\n\n\n\n<figure class=\"wp-block-gallery has-nested-images columns-default is-cropped wp-block-gallery-1 is-layout-flex wp-block-gallery-is-layout-flex\">\n<figure class=\"wp-block-image size-large\"><img fetchpriority=\"high\" decoding=\"async\" width=\"768\" height=\"1024\" data-id=\"22954\" src=\"https:\/\/cyclingdestination.cc\/wp-content\/uploads\/2025\/05\/20250511_094713-768x1024.jpg\" alt=\"\" class=\"wp-image-22954\" srcset=\"https:\/\/cyclingdestination.cc\/wp-content\/uploads\/2025\/05\/20250511_094713-768x1024.jpg 768w, https:\/\/cyclingdestination.cc\/wp-content\/uploads\/2025\/05\/20250511_094713-225x300.jpg 225w, https:\/\/cyclingdestination.cc\/wp-content\/uploads\/2025\/05\/20250511_094713-1152x1536.jpg 1152w, https:\/\/cyclingdestination.cc\/wp-content\/uploads\/2025\/05\/20250511_094713-9x12.jpg 9w, https:\/\/cyclingdestination.cc\/wp-content\/uploads\/2025\/05\/20250511_094713.jpg 1440w\" sizes=\"(max-width: 768px) 100vw, 768px\" \/><figcaption class=\"wp-element-caption\">Der Giro r\u00fcckt immer n\u00e4her, das merken Sie<\/figcaption><\/figure>\n\n\n\n<figure class=\"wp-block-image size-large\"><img decoding=\"async\" width=\"609\" height=\"1024\" data-id=\"22952\" src=\"https:\/\/cyclingdestination.cc\/wp-content\/uploads\/2025\/05\/20250511_144036-609x1024.jpg\" alt=\"\" class=\"wp-image-22952\" srcset=\"https:\/\/cyclingdestination.cc\/wp-content\/uploads\/2025\/05\/20250511_144036-609x1024.jpg 609w, https:\/\/cyclingdestination.cc\/wp-content\/uploads\/2025\/05\/20250511_144036-178x300.jpg 178w, https:\/\/cyclingdestination.cc\/wp-content\/uploads\/2025\/05\/20250511_144036-768x1291.jpg 768w, https:\/\/cyclingdestination.cc\/wp-content\/uploads\/2025\/05\/20250511_144036-914x1536.jpg 914w, https:\/\/cyclingdestination.cc\/wp-content\/uploads\/2025\/05\/20250511_144036-7x12.jpg 7w, https:\/\/cyclingdestination.cc\/wp-content\/uploads\/2025\/05\/20250511_144036.jpg 1142w\" sizes=\"(max-width: 609px) 100vw, 609px\" \/><figcaption class=\"wp-element-caption\">Wir sind in Italien!<\/figcaption><\/figure>\n\n\n\n<figure class=\"wp-block-image size-large\"><img decoding=\"async\" width=\"758\" height=\"1024\" data-id=\"22953\" src=\"https:\/\/cyclingdestination.cc\/wp-content\/uploads\/2025\/05\/20250511_122855-758x1024.jpg\" alt=\"\" class=\"wp-image-22953\" srcset=\"https:\/\/cyclingdestination.cc\/wp-content\/uploads\/2025\/05\/20250511_122855-758x1024.jpg 758w, https:\/\/cyclingdestination.cc\/wp-content\/uploads\/2025\/05\/20250511_122855-222x300.jpg 222w, https:\/\/cyclingdestination.cc\/wp-content\/uploads\/2025\/05\/20250511_122855-768x1037.jpg 768w, https:\/\/cyclingdestination.cc\/wp-content\/uploads\/2025\/05\/20250511_122855-1138x1536.jpg 1138w, https:\/\/cyclingdestination.cc\/wp-content\/uploads\/2025\/05\/20250511_122855-9x12.jpg 9w, https:\/\/cyclingdestination.cc\/wp-content\/uploads\/2025\/05\/20250511_122855.jpg 1422w\" sizes=\"(max-width: 758px) 100vw, 758px\" \/><figcaption class=\"wp-element-caption\">Mit den M\u00e4nnern in die Pedale treten<\/figcaption><\/figure>\n<\/figure>\n\n\n\n<h3 class=\"wp-block-heading\">Montag, 12. Mai - Etappe 5: Ceglie Messapica - Matera<\/h3>\n\n\n\n<iframe src=\"https:\/\/www.komoot.com\/nl-nl\/tour\/2268099907\/embed?share_token=aCWuekWcPAvuEUweXVN6xLjsYb6G6KEagK3Qh7do18cp9CsKP9&#038;profile=1\" width=\"100%\" height=\"500\" frameborder=\"0\" scrolling=\"no\"><\/iframe>\n\n\n\n<p>Ich entscheide mich heute f\u00fcr einen gem\u00e4chlichen Start, zusammen mit einem Leidensgenossen, der es ebenfalls vorzieht, das Tempo zu steigern. Die ersten H\u00fcgel sind wie Bremsschwellen auf der Stra\u00dfe, aber nach 60 Kilometern schlie\u00dfen wir uns der Gruppe an. Es regnet weiter, aber die Stimmung bleibt gut. Matera - UNESCO-Weltkulturerbe mit seinen antiken H\u00f6hlenwohnungen - ist die Belohnung nach dieser nassen, aber stimmungsvollen Fahrt.<\/p>\n\n\n\n<figure class=\"wp-block-gallery has-nested-images columns-default is-cropped wp-block-gallery-2 is-layout-flex wp-block-gallery-is-layout-flex\">\n<figure class=\"wp-block-image size-large\"><img loading=\"lazy\" decoding=\"async\" width=\"768\" height=\"1024\" data-id=\"22959\" src=\"https:\/\/cyclingdestination.cc\/wp-content\/uploads\/2025\/05\/20250512_085817-768x1024.jpg\" alt=\"\" class=\"wp-image-22959\" srcset=\"https:\/\/cyclingdestination.cc\/wp-content\/uploads\/2025\/05\/20250512_085817-768x1024.jpg 768w, https:\/\/cyclingdestination.cc\/wp-content\/uploads\/2025\/05\/20250512_085817-225x300.jpg 225w, https:\/\/cyclingdestination.cc\/wp-content\/uploads\/2025\/05\/20250512_085817-1152x1536.jpg 1152w, https:\/\/cyclingdestination.cc\/wp-content\/uploads\/2025\/05\/20250512_085817-9x12.jpg 9w, https:\/\/cyclingdestination.cc\/wp-content\/uploads\/2025\/05\/20250512_085817.jpg 1440w\" sizes=\"(max-width: 768px) 100vw, 768px\" \/><figcaption class=\"wp-element-caption\">Sch\u00f6ner Asphalt wie dieser<\/figcaption><\/figure>\n\n\n\n<figure class=\"wp-block-image size-large\"><img loading=\"lazy\" decoding=\"async\" width=\"1024\" height=\"878\" data-id=\"22957\" src=\"https:\/\/cyclingdestination.cc\/wp-content\/uploads\/2025\/05\/20250512_091240_001-1024x878.jpg\" alt=\"\" class=\"wp-image-22957\" srcset=\"https:\/\/cyclingdestination.cc\/wp-content\/uploads\/2025\/05\/20250512_091240_001-1024x878.jpg 1024w, https:\/\/cyclingdestination.cc\/wp-content\/uploads\/2025\/05\/20250512_091240_001-300x257.jpg 300w, https:\/\/cyclingdestination.cc\/wp-content\/uploads\/2025\/05\/20250512_091240_001-768x659.jpg 768w, https:\/\/cyclingdestination.cc\/wp-content\/uploads\/2025\/05\/20250512_091240_001-1536x1318.jpg 1536w, https:\/\/cyclingdestination.cc\/wp-content\/uploads\/2025\/05\/20250512_091240_001-14x12.jpg 14w, https:\/\/cyclingdestination.cc\/wp-content\/uploads\/2025\/05\/20250512_091240_001.jpg 1920w\" sizes=\"(max-width: 1024px) 100vw, 1024px\" \/><figcaption class=\"wp-element-caption\">Die typischen Trulli-H\u00e4user<\/figcaption><\/figure>\n\n\n\n<figure class=\"wp-block-image size-large\"><img loading=\"lazy\" decoding=\"async\" width=\"1024\" height=\"741\" data-id=\"22956\" src=\"https:\/\/cyclingdestination.cc\/wp-content\/uploads\/2025\/05\/20250512_100941_001-1024x741.jpg\" alt=\"\" class=\"wp-image-22956\" srcset=\"https:\/\/cyclingdestination.cc\/wp-content\/uploads\/2025\/05\/20250512_100941_001-1024x741.jpg 1024w, https:\/\/cyclingdestination.cc\/wp-content\/uploads\/2025\/05\/20250512_100941_001-300x217.jpg 300w, https:\/\/cyclingdestination.cc\/wp-content\/uploads\/2025\/05\/20250512_100941_001-768x556.jpg 768w, https:\/\/cyclingdestination.cc\/wp-content\/uploads\/2025\/05\/20250512_100941_001-1536x1112.jpg 1536w, https:\/\/cyclingdestination.cc\/wp-content\/uploads\/2025\/05\/20250512_100941_001-18x12.jpg 18w, https:\/\/cyclingdestination.cc\/wp-content\/uploads\/2025\/05\/20250512_100941_001.jpg 1920w\" sizes=\"(max-width: 1024px) 100vw, 1024px\" \/><figcaption class=\"wp-element-caption\">Es ist ziemlich h\u00fcgelig hier<\/figcaption><\/figure>\n<\/figure>\n\n\n\n<h3 class=\"wp-block-heading\">Dienstag, 13. Mai - Etappe 6: Potenza - Neapel<\/h3>\n\n\n\n<iframe src=\"https:\/\/www.komoot.com\/nl-nl\/tour\/2268104413\/embed?share_token=aDuACyRSEeVlldGZRU745nNbbQp7YUqLHdfMwhZKt3XfoQpn8y&#038;profile=1\" width=\"100%\" height=\"500\" frameborder=\"0\" scrolling=\"no\"><\/iframe>\n\n\n\n<p>Heute schreiben wir einen Klassiker: die bisher l\u00e4ngste Etappe. Sonne, Regen, Hagel, Donner, Wind und sogar \u00fcberflutete Stra\u00dfen - es ist ein meteorologisches Schlachtfeld. Die Fahrt f\u00fchrt uns durch Tunnel und chaotischen Stadtverkehr. Neapel entt\u00e4uscht nicht: laut, lebendig und total verr\u00fcckt. Wir beenden die Fahrt, wie es sich geh\u00f6rt, mit Pasta und einem Burger mit Pommes. Carbo-Loading, auf italienische Art.<\/p>\n\n\n\n<figure class=\"wp-block-gallery has-nested-images columns-default is-cropped wp-block-gallery-3 is-layout-flex wp-block-gallery-is-layout-flex\">\n<figure class=\"wp-block-image size-large\"><img loading=\"lazy\" decoding=\"async\" width=\"1024\" height=\"962\" data-id=\"22955\" src=\"https:\/\/cyclingdestination.cc\/wp-content\/uploads\/2025\/05\/20250513_115338-1024x962.jpg\" alt=\"\" class=\"wp-image-22955\" srcset=\"https:\/\/cyclingdestination.cc\/wp-content\/uploads\/2025\/05\/20250513_115338-1024x962.jpg 1024w, https:\/\/cyclingdestination.cc\/wp-content\/uploads\/2025\/05\/20250513_115338-300x282.jpg 300w, https:\/\/cyclingdestination.cc\/wp-content\/uploads\/2025\/05\/20250513_115338-768x722.jpg 768w, https:\/\/cyclingdestination.cc\/wp-content\/uploads\/2025\/05\/20250513_115338-13x12.jpg 13w, https:\/\/cyclingdestination.cc\/wp-content\/uploads\/2025\/05\/20250513_115338.jpg 1097w\" sizes=\"(max-width: 1024px) 100vw, 1024px\" \/><figcaption class=\"wp-element-caption\">Der Giro ist da<\/figcaption><\/figure>\n\n\n\n<figure class=\"wp-block-image size-large\"><img loading=\"lazy\" decoding=\"async\" width=\"1024\" height=\"766\" data-id=\"22958\" src=\"https:\/\/cyclingdestination.cc\/wp-content\/uploads\/2025\/05\/20250513_093246_001-1024x766.jpg\" alt=\"\" class=\"wp-image-22958\" srcset=\"https:\/\/cyclingdestination.cc\/wp-content\/uploads\/2025\/05\/20250513_093246_001-1024x766.jpg 1024w, https:\/\/cyclingdestination.cc\/wp-content\/uploads\/2025\/05\/20250513_093246_001-300x224.jpg 300w, https:\/\/cyclingdestination.cc\/wp-content\/uploads\/2025\/05\/20250513_093246_001-768x574.jpg 768w, https:\/\/cyclingdestination.cc\/wp-content\/uploads\/2025\/05\/20250513_093246_001-1536x1149.jpg 1536w, https:\/\/cyclingdestination.cc\/wp-content\/uploads\/2025\/05\/20250513_093246_001-16x12.jpg 16w, https:\/\/cyclingdestination.cc\/wp-content\/uploads\/2025\/05\/20250513_093246_001.jpg 1920w\" sizes=\"(max-width: 1024px) 100vw, 1024px\" \/><figcaption class=\"wp-element-caption\">Ein sch\u00f6nes Dorf wie dieses<\/figcaption><\/figure>\n<\/figure>\n\n\n\n<h3 class=\"wp-block-heading\">Mittwoch, 14. Mai - Etappe 7: Castel di Sangro - Tagliacozzo<\/h3>\n\n\n\n<iframe src=\"https:\/\/www.komoot.com\/nl-nl\/tour\/2268112425\/embed?share_token=aChU9EII96mvbmkSE8XiKNsjHuOsRTN0vaw5sC7E7B3KOmoIsH&#038;profile=1\" width=\"100%\" height=\"500\" frameborder=\"0\" scrolling=\"no\"><\/iframe>\n\n\n\n<p>Der Tag beginnt trocken, aber das h\u00e4lt nicht lange an. Um die 90-Kilometer-Marke herum bricht der Regen aus, und die K\u00e4lte bei\u00dft. Die H\u00e4lfte der Gruppe bricht ab. Wir sieben Tapferen fahren weiter, steigen in der Abendd\u00e4mmerung ab und klettern im Neoprenanzug weiter. Nach dem Zieleinlauf st\u00fcrzen wir uns fr\u00f6stelnd, aber zufrieden in den Van.<\/p>\n\n\n\n<figure class=\"wp-block-gallery has-nested-images columns-default is-cropped wp-block-gallery-4 is-layout-flex wp-block-gallery-is-layout-flex\">\n<figure class=\"wp-block-image size-large\"><img loading=\"lazy\" decoding=\"async\" width=\"1024\" height=\"824\" data-id=\"22961\" src=\"https:\/\/cyclingdestination.cc\/wp-content\/uploads\/2025\/05\/20250514_153413-1024x824.jpg\" alt=\"\" class=\"wp-image-22961\" srcset=\"https:\/\/cyclingdestination.cc\/wp-content\/uploads\/2025\/05\/20250514_153413-1024x824.jpg 1024w, https:\/\/cyclingdestination.cc\/wp-content\/uploads\/2025\/05\/20250514_153413-300x241.jpg 300w, https:\/\/cyclingdestination.cc\/wp-content\/uploads\/2025\/05\/20250514_153413-768x618.jpg 768w, https:\/\/cyclingdestination.cc\/wp-content\/uploads\/2025\/05\/20250514_153413-1536x1236.jpg 1536w, https:\/\/cyclingdestination.cc\/wp-content\/uploads\/2025\/05\/20250514_153413-15x12.jpg 15w, https:\/\/cyclingdestination.cc\/wp-content\/uploads\/2025\/05\/20250514_153413.jpg 1920w\" sizes=\"(max-width: 1024px) 100vw, 1024px\" \/><figcaption class=\"wp-element-caption\">Nach oben<\/figcaption><\/figure>\n\n\n\n<figure class=\"wp-block-image size-large\"><img loading=\"lazy\" decoding=\"async\" width=\"804\" height=\"1024\" data-id=\"22962\" src=\"https:\/\/cyclingdestination.cc\/wp-content\/uploads\/2025\/05\/20250514_132759-804x1024.jpg\" alt=\"\" class=\"wp-image-22962\" srcset=\"https:\/\/cyclingdestination.cc\/wp-content\/uploads\/2025\/05\/20250514_132759-804x1024.jpg 804w, https:\/\/cyclingdestination.cc\/wp-content\/uploads\/2025\/05\/20250514_132759-235x300.jpg 235w, https:\/\/cyclingdestination.cc\/wp-content\/uploads\/2025\/05\/20250514_132759-768x978.jpg 768w, https:\/\/cyclingdestination.cc\/wp-content\/uploads\/2025\/05\/20250514_132759-1206x1536.jpg 1206w, https:\/\/cyclingdestination.cc\/wp-content\/uploads\/2025\/05\/20250514_132759-9x12.jpg 9w, https:\/\/cyclingdestination.cc\/wp-content\/uploads\/2025\/05\/20250514_132759.jpg 1507w\" sizes=\"(max-width: 804px) 100vw, 804px\" \/><figcaption class=\"wp-element-caption\">Sch\u00f6ne wei\u00dfe D\u00f6rfer<\/figcaption><\/figure>\n\n\n\n<figure class=\"wp-block-image size-large\"><img loading=\"lazy\" decoding=\"async\" width=\"1024\" height=\"768\" data-id=\"22963\" src=\"https:\/\/cyclingdestination.cc\/wp-content\/uploads\/2025\/05\/20250514_123207-1024x768.jpg\" alt=\"\" class=\"wp-image-22963\" srcset=\"https:\/\/cyclingdestination.cc\/wp-content\/uploads\/2025\/05\/20250514_123207-1024x768.jpg 1024w, https:\/\/cyclingdestination.cc\/wp-content\/uploads\/2025\/05\/20250514_123207-300x225.jpg 300w, https:\/\/cyclingdestination.cc\/wp-content\/uploads\/2025\/05\/20250514_123207-768x576.jpg 768w, https:\/\/cyclingdestination.cc\/wp-content\/uploads\/2025\/05\/20250514_123207-1536x1152.jpg 1536w, https:\/\/cyclingdestination.cc\/wp-content\/uploads\/2025\/05\/20250514_123207-16x12.jpg 16w, https:\/\/cyclingdestination.cc\/wp-content\/uploads\/2025\/05\/20250514_123207.jpg 1920w\" sizes=\"(max-width: 1024px) 100vw, 1024px\" \/><figcaption class=\"wp-element-caption\">Straffer neuer Asphalt f\u00fcr den Giro<\/figcaption><\/figure>\n<\/figure>\n\n\n\n<h3 class=\"wp-block-heading\">Donnerstag, 15. Mai - Extra-Etappe: Rom (Anpassung durch die Organisation)<\/h3>\n\n\n\n<p>Ein logistischer Masterplan: Die Etappe 21 wird vorgezogen. So vermeiden wir einen doppelten Transfer von 700 Kilometern. Drei Transporter, zwei Anh\u00e4nger und viel Vernunft bringen uns an den Start. Die Fahrt nach Rom f\u00fchlt sich an wie eine Sonntagsfahrt: Kaffeestopp mit Tiramisu, Fotos machen, mit der Gruppe lachen. Am Ende nehme ich den Zug nach Rom, damit ich morgen wirklich die Ziellinie in Rom \u00fcberqueren kann.<\/p>\n\n\n\n<h3 class=\"wp-block-heading\">Donnerstag, 16. Mai - Etappe 8: Giulianova - Castelraimondo<\/h3>\n\n\n\n<iframe src=\"https:\/\/www.komoot.com\/nl-nl\/tour\/2268119519\/embed?share_token=ag85sD5BZdn8qf5sAeOYJmVTAmeMZRA3mJyjDm6qm9FsmjQGvo&#038;profile=1\" width=\"100%\" height=\"500\" frameborder=\"0\" scrolling=\"no\"><\/iframe>\n\n\n\n<p>Wir laufen wieder nach Plan. Am Start ist es k\u00fchl, und es regnet in der Luft. Ich entscheide mich f\u00fcr einen fr\u00fchen Aufbruch. Der Anstieg nach Valico di Santa Maria Maddalena (12,3 km bei 7,2%) ist zwar steil, aber nur ein Vorgeschmack. Sp\u00e4ter folgen Steigungen von 15%, und Cagliole erreicht sogar einen Spitzenwert von 17%. Das Eis nach der Fahrt ist kein Luxus, sondern eine Notwendigkeit. Erleichterung in einer Waffel.<\/p>\n\n\n\n<figure class=\"wp-block-gallery has-nested-images columns-default is-cropped wp-block-gallery-5 is-layout-flex wp-block-gallery-is-layout-flex\">\n<figure class=\"wp-block-image size-large\"><img loading=\"lazy\" decoding=\"async\" width=\"884\" height=\"1024\" data-id=\"22970\" src=\"https:\/\/cyclingdestination.cc\/wp-content\/uploads\/2025\/05\/20250516_120915-884x1024.jpg\" alt=\"\" class=\"wp-image-22970\" srcset=\"https:\/\/cyclingdestination.cc\/wp-content\/uploads\/2025\/05\/20250516_120915-884x1024.jpg 884w, https:\/\/cyclingdestination.cc\/wp-content\/uploads\/2025\/05\/20250516_120915-259x300.jpg 259w, https:\/\/cyclingdestination.cc\/wp-content\/uploads\/2025\/05\/20250516_120915-768x889.jpg 768w, https:\/\/cyclingdestination.cc\/wp-content\/uploads\/2025\/05\/20250516_120915-1326x1536.jpg 1326w, https:\/\/cyclingdestination.cc\/wp-content\/uploads\/2025\/05\/20250516_120915-10x12.jpg 10w, https:\/\/cyclingdestination.cc\/wp-content\/uploads\/2025\/05\/20250516_120915.jpg 1658w\" sizes=\"(max-width: 884px) 100vw, 884px\" \/><\/figure>\n\n\n\n<figure class=\"wp-block-image size-large\"><img loading=\"lazy\" decoding=\"async\" width=\"1024\" height=\"786\" data-id=\"22965\" src=\"https:\/\/cyclingdestination.cc\/wp-content\/uploads\/2025\/05\/20250516_131802-1024x786.jpg\" alt=\"\" class=\"wp-image-22965\" srcset=\"https:\/\/cyclingdestination.cc\/wp-content\/uploads\/2025\/05\/20250516_131802-1024x786.jpg 1024w, https:\/\/cyclingdestination.cc\/wp-content\/uploads\/2025\/05\/20250516_131802-300x230.jpg 300w, https:\/\/cyclingdestination.cc\/wp-content\/uploads\/2025\/05\/20250516_131802-768x590.jpg 768w, https:\/\/cyclingdestination.cc\/wp-content\/uploads\/2025\/05\/20250516_131802-1536x1179.jpg 1536w, https:\/\/cyclingdestination.cc\/wp-content\/uploads\/2025\/05\/20250516_131802-16x12.jpg 16w, https:\/\/cyclingdestination.cc\/wp-content\/uploads\/2025\/05\/20250516_131802.jpg 1920w\" sizes=\"(max-width: 1024px) 100vw, 1024px\" \/><figcaption class=\"wp-element-caption\">Sch\u00f6ne Aussicht, schlechte Stra\u00dfen<\/figcaption><\/figure>\n\n\n\n<figure class=\"wp-block-image size-large\"><img loading=\"lazy\" decoding=\"async\" width=\"597\" height=\"1024\" data-id=\"22964\" src=\"https:\/\/cyclingdestination.cc\/wp-content\/uploads\/2025\/05\/20250516_132050-597x1024.jpg\" alt=\"\" class=\"wp-image-22964\" srcset=\"https:\/\/cyclingdestination.cc\/wp-content\/uploads\/2025\/05\/20250516_132050-597x1024.jpg 597w, https:\/\/cyclingdestination.cc\/wp-content\/uploads\/2025\/05\/20250516_132050-175x300.jpg 175w, https:\/\/cyclingdestination.cc\/wp-content\/uploads\/2025\/05\/20250516_132050-768x1317.jpg 768w, https:\/\/cyclingdestination.cc\/wp-content\/uploads\/2025\/05\/20250516_132050-896x1536.jpg 896w, https:\/\/cyclingdestination.cc\/wp-content\/uploads\/2025\/05\/20250516_132050-7x12.jpg 7w, https:\/\/cyclingdestination.cc\/wp-content\/uploads\/2025\/05\/20250516_132050.jpg 1120w\" sizes=\"(max-width: 597px) 100vw, 597px\" \/><figcaption class=\"wp-element-caption\">Im Zuge dessen d\u00fcrfen Sie hier entladen<\/figcaption><\/figure>\n\n\n\n<figure class=\"wp-block-image size-large\"><img loading=\"lazy\" decoding=\"async\" width=\"768\" height=\"1024\" data-id=\"22966\" src=\"https:\/\/cyclingdestination.cc\/wp-content\/uploads\/2025\/05\/20250516_133802-768x1024.jpg\" alt=\"\" class=\"wp-image-22966\" srcset=\"https:\/\/cyclingdestination.cc\/wp-content\/uploads\/2025\/05\/20250516_133802-768x1024.jpg 768w, https:\/\/cyclingdestination.cc\/wp-content\/uploads\/2025\/05\/20250516_133802-225x300.jpg 225w, https:\/\/cyclingdestination.cc\/wp-content\/uploads\/2025\/05\/20250516_133802-1152x1536.jpg 1152w, https:\/\/cyclingdestination.cc\/wp-content\/uploads\/2025\/05\/20250516_133802-9x12.jpg 9w, https:\/\/cyclingdestination.cc\/wp-content\/uploads\/2025\/05\/20250516_133802.jpg 1440w\" sizes=\"(max-width: 768px) 100vw, 768px\" \/><figcaption class=\"wp-element-caption\">Manchmal k\u00f6nnte der Stra\u00dfenbelag besser sein<\/figcaption><\/figure>\n\n\n\n<figure class=\"wp-block-image size-large\"><img loading=\"lazy\" decoding=\"async\" width=\"768\" height=\"1024\" data-id=\"22969\" src=\"https:\/\/cyclingdestination.cc\/wp-content\/uploads\/2025\/05\/20250516_174659-768x1024.jpg\" alt=\"\" class=\"wp-image-22969\" srcset=\"https:\/\/cyclingdestination.cc\/wp-content\/uploads\/2025\/05\/20250516_174659-768x1024.jpg 768w, https:\/\/cyclingdestination.cc\/wp-content\/uploads\/2025\/05\/20250516_174659-225x300.jpg 225w, https:\/\/cyclingdestination.cc\/wp-content\/uploads\/2025\/05\/20250516_174659-1152x1536.jpg 1152w, https:\/\/cyclingdestination.cc\/wp-content\/uploads\/2025\/05\/20250516_174659-9x12.jpg 9w, https:\/\/cyclingdestination.cc\/wp-content\/uploads\/2025\/05\/20250516_174659.jpg 1440w\" sizes=\"(max-width: 768px) 100vw, 768px\" \/><\/figure>\n\n\n\n<figure class=\"wp-block-image size-large\"><img loading=\"lazy\" decoding=\"async\" width=\"1024\" height=\"766\" data-id=\"22967\" src=\"https:\/\/cyclingdestination.cc\/wp-content\/uploads\/2025\/05\/20250516_174702-1024x766.jpg\" alt=\"\" class=\"wp-image-22967\" srcset=\"https:\/\/cyclingdestination.cc\/wp-content\/uploads\/2025\/05\/20250516_174702-1024x766.jpg 1024w, https:\/\/cyclingdestination.cc\/wp-content\/uploads\/2025\/05\/20250516_174702-300x224.jpg 300w, https:\/\/cyclingdestination.cc\/wp-content\/uploads\/2025\/05\/20250516_174702-768x574.jpg 768w, https:\/\/cyclingdestination.cc\/wp-content\/uploads\/2025\/05\/20250516_174702-1536x1149.jpg 1536w, https:\/\/cyclingdestination.cc\/wp-content\/uploads\/2025\/05\/20250516_174702-16x12.jpg 16w, https:\/\/cyclingdestination.cc\/wp-content\/uploads\/2025\/05\/20250516_174702.jpg 1920w\" sizes=\"(max-width: 1024px) 100vw, 1024px\" \/><\/figure>\n<\/figure>\n\n\n\n<h3 class=\"wp-block-heading\">Freitag, 17. Mai - Etappe 9: Gubbio - Siena<\/h3>\n\n\n\n<iframe src=\"https:\/\/www.komoot.com\/nl-nl\/tour\/2268122840\/embed?share_token=aa3j1SPp5iL8H4h8Amg0FLUq1PNNoj1K9lVegSUhuSQIcVMqcK&#038;profile=1\" width=\"100%\" height=\"500\" frameborder=\"0\" scrolling=\"no\"><\/iframe>\n\n\n\n<p>Endlich trocken, zum Gl\u00fcck - denn heute stehen Schotterabschnitte auf dem Programm. Sie kommen erst am Ende der Strecke, fordern aber ihren Tribut: f\u00fcnf Reifenpannen, langsame Anstiege auf losem Schotter und feste Prozente. Die Via Santa Caterina mit ihren 17% sieht im Fernsehen k\u00fcrzer und weniger steil aus. Profis fahren hier mit 20 km\/h hoch, wir k\u00e4mpfen um jeden Meter. Aber die Piazza del Campo in Siena macht alles wieder wett.<\/p>\n\n\n\n<figure class=\"wp-block-gallery has-nested-images columns-default is-cropped wp-block-gallery-6 is-layout-flex wp-block-gallery-is-layout-flex\">\n<figure class=\"wp-block-image size-large\"><img loading=\"lazy\" decoding=\"async\" width=\"1024\" height=\"768\" data-id=\"22973\" src=\"https:\/\/cyclingdestination.cc\/wp-content\/uploads\/2025\/05\/20250517_100720-1024x768.jpg\" alt=\"\" class=\"wp-image-22973\" srcset=\"https:\/\/cyclingdestination.cc\/wp-content\/uploads\/2025\/05\/20250517_100720-1024x768.jpg 1024w, https:\/\/cyclingdestination.cc\/wp-content\/uploads\/2025\/05\/20250517_100720-300x225.jpg 300w, https:\/\/cyclingdestination.cc\/wp-content\/uploads\/2025\/05\/20250517_100720-768x576.jpg 768w, https:\/\/cyclingdestination.cc\/wp-content\/uploads\/2025\/05\/20250517_100720-1536x1152.jpg 1536w, https:\/\/cyclingdestination.cc\/wp-content\/uploads\/2025\/05\/20250517_100720-16x12.jpg 16w, https:\/\/cyclingdestination.cc\/wp-content\/uploads\/2025\/05\/20250517_100720.jpg 1920w\" sizes=\"(max-width: 1024px) 100vw, 1024px\" \/><\/figure>\n\n\n\n<figure class=\"wp-block-image size-large\"><img loading=\"lazy\" decoding=\"async\" width=\"768\" height=\"1024\" data-id=\"22974\" src=\"https:\/\/cyclingdestination.cc\/wp-content\/uploads\/2025\/05\/20250517_141052-768x1024.jpg\" alt=\"\" class=\"wp-image-22974\" srcset=\"https:\/\/cyclingdestination.cc\/wp-content\/uploads\/2025\/05\/20250517_141052-768x1024.jpg 768w, https:\/\/cyclingdestination.cc\/wp-content\/uploads\/2025\/05\/20250517_141052-225x300.jpg 225w, https:\/\/cyclingdestination.cc\/wp-content\/uploads\/2025\/05\/20250517_141052-1152x1536.jpg 1152w, https:\/\/cyclingdestination.cc\/wp-content\/uploads\/2025\/05\/20250517_141052-9x12.jpg 9w, https:\/\/cyclingdestination.cc\/wp-content\/uploads\/2025\/05\/20250517_141052.jpg 1440w\" sizes=\"(max-width: 768px) 100vw, 768px\" \/><\/figure>\n\n\n\n<figure class=\"wp-block-image size-large\"><img loading=\"lazy\" decoding=\"async\" width=\"766\" height=\"1024\" data-id=\"22972\" src=\"https:\/\/cyclingdestination.cc\/wp-content\/uploads\/2025\/05\/20250517_144036-766x1024.jpg\" alt=\"\" class=\"wp-image-22972\" srcset=\"https:\/\/cyclingdestination.cc\/wp-content\/uploads\/2025\/05\/20250517_144036-766x1024.jpg 766w, https:\/\/cyclingdestination.cc\/wp-content\/uploads\/2025\/05\/20250517_144036-224x300.jpg 224w, https:\/\/cyclingdestination.cc\/wp-content\/uploads\/2025\/05\/20250517_144036-768x1027.jpg 768w, https:\/\/cyclingdestination.cc\/wp-content\/uploads\/2025\/05\/20250517_144036-1149x1536.jpg 1149w, https:\/\/cyclingdestination.cc\/wp-content\/uploads\/2025\/05\/20250517_144036-9x12.jpg 9w, https:\/\/cyclingdestination.cc\/wp-content\/uploads\/2025\/05\/20250517_144036.jpg 1436w\" sizes=\"(max-width: 766px) 100vw, 766px\" \/><\/figure>\n\n\n\n<figure class=\"wp-block-image size-large\"><img loading=\"lazy\" decoding=\"async\" width=\"1024\" height=\"768\" data-id=\"22975\" src=\"https:\/\/cyclingdestination.cc\/wp-content\/uploads\/2025\/05\/20250517_152344-1024x768.jpg\" alt=\"\" class=\"wp-image-22975\" srcset=\"https:\/\/cyclingdestination.cc\/wp-content\/uploads\/2025\/05\/20250517_152344-1024x768.jpg 1024w, https:\/\/cyclingdestination.cc\/wp-content\/uploads\/2025\/05\/20250517_152344-300x225.jpg 300w, https:\/\/cyclingdestination.cc\/wp-content\/uploads\/2025\/05\/20250517_152344-768x576.jpg 768w, https:\/\/cyclingdestination.cc\/wp-content\/uploads\/2025\/05\/20250517_152344-1536x1152.jpg 1536w, https:\/\/cyclingdestination.cc\/wp-content\/uploads\/2025\/05\/20250517_152344-16x12.jpg 16w, https:\/\/cyclingdestination.cc\/wp-content\/uploads\/2025\/05\/20250517_152344.jpg 1920w\" sizes=\"(max-width: 1024px) 100vw, 1024px\" \/><figcaption class=\"wp-element-caption\">Strade Bianche<\/figcaption><\/figure>\n\n\n\n<figure class=\"wp-block-image size-large\"><img loading=\"lazy\" decoding=\"async\" width=\"1024\" height=\"768\" data-id=\"22971\" src=\"https:\/\/cyclingdestination.cc\/wp-content\/uploads\/2025\/05\/20250517_153641-1024x768.jpg\" alt=\"\" class=\"wp-image-22971\" srcset=\"https:\/\/cyclingdestination.cc\/wp-content\/uploads\/2025\/05\/20250517_153641-1024x768.jpg 1024w, https:\/\/cyclingdestination.cc\/wp-content\/uploads\/2025\/05\/20250517_153641-300x225.jpg 300w, https:\/\/cyclingdestination.cc\/wp-content\/uploads\/2025\/05\/20250517_153641-768x576.jpg 768w, https:\/\/cyclingdestination.cc\/wp-content\/uploads\/2025\/05\/20250517_153641-1536x1152.jpg 1536w, https:\/\/cyclingdestination.cc\/wp-content\/uploads\/2025\/05\/20250517_153641-16x12.jpg 16w, https:\/\/cyclingdestination.cc\/wp-content\/uploads\/2025\/05\/20250517_153641.jpg 1920w\" sizes=\"(max-width: 1024px) 100vw, 1024px\" \/><\/figure>\n\n\n\n<figure class=\"wp-block-image size-large\"><img loading=\"lazy\" decoding=\"async\" width=\"1024\" height=\"768\" data-id=\"22979\" src=\"https:\/\/cyclingdestination.cc\/wp-content\/uploads\/2025\/05\/20250517_155114-1024x768.jpg\" alt=\"\" class=\"wp-image-22979\" srcset=\"https:\/\/cyclingdestination.cc\/wp-content\/uploads\/2025\/05\/20250517_155114-1024x768.jpg 1024w, https:\/\/cyclingdestination.cc\/wp-content\/uploads\/2025\/05\/20250517_155114-300x225.jpg 300w, https:\/\/cyclingdestination.cc\/wp-content\/uploads\/2025\/05\/20250517_155114-768x576.jpg 768w, https:\/\/cyclingdestination.cc\/wp-content\/uploads\/2025\/05\/20250517_155114-1536x1152.jpg 1536w, https:\/\/cyclingdestination.cc\/wp-content\/uploads\/2025\/05\/20250517_155114-16x12.jpg 16w, https:\/\/cyclingdestination.cc\/wp-content\/uploads\/2025\/05\/20250517_155114.jpg 1920w\" sizes=\"(max-width: 1024px) 100vw, 1024px\" \/><figcaption class=\"wp-element-caption\">Mehr wei\u00dfe Stra\u00dfen<\/figcaption><\/figure>\n\n\n\n<figure class=\"wp-block-image size-large\"><img loading=\"lazy\" decoding=\"async\" width=\"766\" height=\"1024\" data-id=\"22978\" src=\"https:\/\/cyclingdestination.cc\/wp-content\/uploads\/2025\/05\/20250517_164628-766x1024.jpg\" alt=\"\" class=\"wp-image-22978\" srcset=\"https:\/\/cyclingdestination.cc\/wp-content\/uploads\/2025\/05\/20250517_164628-766x1024.jpg 766w, https:\/\/cyclingdestination.cc\/wp-content\/uploads\/2025\/05\/20250517_164628-224x300.jpg 224w, https:\/\/cyclingdestination.cc\/wp-content\/uploads\/2025\/05\/20250517_164628-768x1027.jpg 768w, https:\/\/cyclingdestination.cc\/wp-content\/uploads\/2025\/05\/20250517_164628-1149x1536.jpg 1149w, https:\/\/cyclingdestination.cc\/wp-content\/uploads\/2025\/05\/20250517_164628-9x12.jpg 9w, https:\/\/cyclingdestination.cc\/wp-content\/uploads\/2025\/05\/20250517_164628.jpg 1436w\" sizes=\"(max-width: 766px) 100vw, 766px\" \/><\/figure>\n\n\n\n<figure class=\"wp-block-image size-large\"><img loading=\"lazy\" decoding=\"async\" width=\"1024\" height=\"547\" data-id=\"22977\" src=\"https:\/\/cyclingdestination.cc\/wp-content\/uploads\/2025\/05\/20250517_182155-1024x547.jpg\" alt=\"\" class=\"wp-image-22977\" srcset=\"https:\/\/cyclingdestination.cc\/wp-content\/uploads\/2025\/05\/20250517_182155-1024x547.jpg 1024w, https:\/\/cyclingdestination.cc\/wp-content\/uploads\/2025\/05\/20250517_182155-300x160.jpg 300w, https:\/\/cyclingdestination.cc\/wp-content\/uploads\/2025\/05\/20250517_182155-768x410.jpg 768w, https:\/\/cyclingdestination.cc\/wp-content\/uploads\/2025\/05\/20250517_182155-1536x821.jpg 1536w, https:\/\/cyclingdestination.cc\/wp-content\/uploads\/2025\/05\/20250517_182155-18x10.jpg 18w, https:\/\/cyclingdestination.cc\/wp-content\/uploads\/2025\/05\/20250517_182155.jpg 1920w\" sizes=\"(max-width: 1024px) 100vw, 1024px\" \/><figcaption class=\"wp-element-caption\">Piazza del Campo!<\/figcaption><\/figure>\n<\/figure>\n\n\n\n<p>Wir klopfen 1034 Kilometer mit 15.000 H\u00f6henmetern auf den Z\u00e4hler. Die Beine sind m\u00fcde, aber das Herz will mehr. Auf zur zweiten Woche!<\/p>\n\n\n\n<p>Mehr \u00fcber den Giro d'Italia? Dann besuchen Sie die <a href=\"https:\/\/www.giroditalia.it\/il-percorso\/\">offizielle Seite<\/a> <\/p>\n\n\n\n<p>Mehr \u00fcber Italien? Dann schauen Sie sich unser Spezial <a href=\"https:\/\/cyclingdestination.cc\/de\/fietsen-in-italie\/\">Radfahren in Italien Seite<\/a><\/p>","protected":false},"excerpt":{"rendered":"<p>Voor Cycling Destination is Kees Langeveld onderweg in het prachtige Itali\u00eb. Je kon het eerste deel van zijn avontuur, voor de giro uit rijden met &#8216;Un Giorno Prima&#8217; bij ons al lezen. Hier is zijn verslag van een week vol heroiek, gravel en regen. Kees fietst alle etappes, dus die gaat wel een hoop kilometers [&hellip;]<\/p>\n","protected":false},"author":1,"featured_media":22952,"comment_status":"open","ping_status":"open","sticky":false,"template":"","format":"standard","meta":{"_acf_changed":false,"iawp_total_views":249,"footnotes":""},"categories":[344,342,14,334,255,8],"tags":[528,77,560],"class_list":["post-22951","post","type-post","status-publish","format-standard","has-post-thumbnail","hentry","category-basilicata","category-campania","category-italie","category-puglia","category-toscane","category-verhalen","tag-giro-ditalia","tag-italie","tag-kees-langeveld"],"acf":[],"featured_image_url":{"thumbnail":"https:\/\/cyclingdestination.cc\/wp-content\/uploads\/2025\/05\/20250511_144036-150x150.jpg","medium":"https:\/\/cyclingdestination.cc\/wp-content\/uploads\/2025\/05\/20250511_144036-178x300.jpg","medium_large":"https:\/\/cyclingdestination.cc\/wp-content\/uploads\/2025\/05\/20250511_144036-768x1291.jpg","large":"https:\/\/cyclingdestination.cc\/wp-content\/uploads\/2025\/05\/20250511_144036-609x1024.jpg","1536x1536":"https:\/\/cyclingdestination.cc\/wp-content\/uploads\/2025\/05\/20250511_144036-914x1536.jpg","2048x2048":"https:\/\/cyclingdestination.cc\/wp-content\/uploads\/2025\/05\/20250511_144036.jpg","trp-custom-language-flag":"https:\/\/cyclingdestination.cc\/wp-content\/uploads\/2025\/05\/20250511_144036-7x12.jpg"},"post_author":"Sander","assigned_categories":"Basilicata, Campania, Itali\u00eb, Puglia, Toscane, Verhalen","yoast_head":"<!-- This site is optimized with the Yoast SEO plugin v27.4 - https:\/\/yoast.com\/product\/yoast-seo-wordpress\/ -->\n<title>Giro d&#039;Italia - de eerste week van Kees Langeveld - Cycling Destination<\/title>\n<meta name=\"description\" content=\"Kees Langeveld rijdt een dag voor de Giro d&#039;italia door Itali\u00eb. Lees zijn verhalen hier op CyclingDestination.\" \/>\n<meta name=\"robots\" content=\"index, follow, max-snippet:-1, max-image-preview:large, max-video-preview:-1\" \/>\n<link rel=\"canonical\" href=\"https:\/\/cyclingdestination.cc\/de\/verhalen\/giro-ditalia-2025-un-giorno-prima-de-eerste-week-vol-heroiek-regen-en-gravel\/\" \/>\n<meta property=\"og:locale\" content=\"de_DE\" \/>\n<meta property=\"og:type\" content=\"article\" \/>\n<meta property=\"og:title\" content=\"Giro d&#039;Italia - de eerste week van Kees Langeveld - Cycling Destination\" \/>\n<meta property=\"og:description\" content=\"Kees Langeveld rijdt een dag voor de Giro d&#039;italia door Itali\u00eb. Lees zijn verhalen hier op CyclingDestination.\" \/>\n<meta property=\"og:url\" content=\"https:\/\/cyclingdestination.cc\/de\/verhalen\/giro-ditalia-2025-un-giorno-prima-de-eerste-week-vol-heroiek-regen-en-gravel\/\" \/>\n<meta property=\"og:site_name\" content=\"Cycling Destination\" \/>\n<meta property=\"article:publisher\" content=\"https:\/\/www.facebook.com\/cyclingdestination.cc\" \/>\n<meta property=\"article:published_time\" content=\"2025-05-24T18:51:34+00:00\" \/>\n<meta property=\"article:modified_time\" content=\"2025-05-26T15:11:20+00:00\" \/>\n<meta property=\"og:image\" content=\"https:\/\/cyclingdestination.cc\/wp-content\/uploads\/2025\/05\/20250511_144036.jpg\" \/>\n\t<meta property=\"og:image:width\" content=\"1142\" \/>\n\t<meta property=\"og:image:height\" content=\"1920\" \/>\n\t<meta property=\"og:image:type\" content=\"image\/jpeg\" \/>\n<meta name=\"author\" content=\"Sander\" \/>\n<meta name=\"twitter:card\" content=\"summary_large_image\" \/>\n<meta name=\"twitter:creator\" content=\"@cyclingdestin\" \/>\n<meta name=\"twitter:site\" content=\"@cyclingdestin\" \/>\n<meta name=\"twitter:label1\" content=\"Verfasst von\" \/>\n\t<meta name=\"twitter:data1\" content=\"Sander\" \/>\n\t<meta name=\"twitter:label2\" content=\"Gesch\u00e4tzte Lesezeit\" \/>\n\t<meta name=\"twitter:data2\" content=\"10\u00a0Minuten\" \/>\n<script type=\"application\/ld+json\" class=\"yoast-schema-graph\">{\"@context\":\"https:\\\/\\\/schema.org\",\"@graph\":[{\"@type\":\"Article\",\"@id\":\"https:\\\/\\\/cyclingdestination.cc\\\/verhalen\\\/giro-ditalia-2025-un-giorno-prima-de-eerste-week-vol-heroiek-regen-en-gravel#article\",\"isPartOf\":{\"@id\":\"https:\\\/\\\/cyclingdestination.cc\\\/verhalen\\\/giro-ditalia-2025-un-giorno-prima-de-eerste-week-vol-heroiek-regen-en-gravel\"},\"author\":{\"name\":\"Sander\",\"@id\":\"https:\\\/\\\/cyclingdestination.cc\\\/#\\\/schema\\\/person\\\/d8be1d6ea48cbeb775e9ea6b57e54a7d\"},\"headline\":\"Giro d\u2019Italia 2025 \u2013 Un giorno prima: De eerste week vol hero\u00efek, regen en gravel\",\"datePublished\":\"2025-05-24T18:51:34+00:00\",\"dateModified\":\"2025-05-26T15:11:20+00:00\",\"mainEntityOfPage\":{\"@id\":\"https:\\\/\\\/cyclingdestination.cc\\\/verhalen\\\/giro-ditalia-2025-un-giorno-prima-de-eerste-week-vol-heroiek-regen-en-gravel\"},\"wordCount\":798,\"commentCount\":0,\"publisher\":{\"@id\":\"https:\\\/\\\/cyclingdestination.cc\\\/#organization\"},\"image\":{\"@id\":\"https:\\\/\\\/cyclingdestination.cc\\\/verhalen\\\/giro-ditalia-2025-un-giorno-prima-de-eerste-week-vol-heroiek-regen-en-gravel#primaryimage\"},\"thumbnailUrl\":\"https:\\\/\\\/cyclingdestination.cc\\\/wp-content\\\/uploads\\\/2025\\\/05\\\/20250511_144036.jpg\",\"keywords\":[\"Giro d'Italia\",\"itali\u00eb\",\"Kees Langeveld\"],\"articleSection\":[\"Basilicata\",\"Campania\",\"Itali\u00eb\",\"Puglia\",\"Toscane\",\"Verhalen\"],\"inLanguage\":\"de\",\"potentialAction\":[{\"@type\":\"CommentAction\",\"name\":\"Comment\",\"target\":[\"https:\\\/\\\/cyclingdestination.cc\\\/verhalen\\\/giro-ditalia-2025-un-giorno-prima-de-eerste-week-vol-heroiek-regen-en-gravel#respond\"]}]},{\"@type\":\"WebPage\",\"@id\":\"https:\\\/\\\/cyclingdestination.cc\\\/verhalen\\\/giro-ditalia-2025-un-giorno-prima-de-eerste-week-vol-heroiek-regen-en-gravel\",\"url\":\"https:\\\/\\\/cyclingdestination.cc\\\/verhalen\\\/giro-ditalia-2025-un-giorno-prima-de-eerste-week-vol-heroiek-regen-en-gravel\",\"name\":\"Giro d'Italia - de eerste week van Kees Langeveld - Cycling Destination\",\"isPartOf\":{\"@id\":\"https:\\\/\\\/cyclingdestination.cc\\\/#website\"},\"primaryImageOfPage\":{\"@id\":\"https:\\\/\\\/cyclingdestination.cc\\\/verhalen\\\/giro-ditalia-2025-un-giorno-prima-de-eerste-week-vol-heroiek-regen-en-gravel#primaryimage\"},\"image\":{\"@id\":\"https:\\\/\\\/cyclingdestination.cc\\\/verhalen\\\/giro-ditalia-2025-un-giorno-prima-de-eerste-week-vol-heroiek-regen-en-gravel#primaryimage\"},\"thumbnailUrl\":\"https:\\\/\\\/cyclingdestination.cc\\\/wp-content\\\/uploads\\\/2025\\\/05\\\/20250511_144036.jpg\",\"datePublished\":\"2025-05-24T18:51:34+00:00\",\"dateModified\":\"2025-05-26T15:11:20+00:00\",\"description\":\"Kees Langeveld rijdt een dag voor de Giro d'italia door Itali\u00eb. Lees zijn verhalen hier op CyclingDestination.\",\"breadcrumb\":{\"@id\":\"https:\\\/\\\/cyclingdestination.cc\\\/verhalen\\\/giro-ditalia-2025-un-giorno-prima-de-eerste-week-vol-heroiek-regen-en-gravel#breadcrumb\"},\"inLanguage\":\"de\",\"potentialAction\":[{\"@type\":\"ReadAction\",\"target\":[\"https:\\\/\\\/cyclingdestination.cc\\\/verhalen\\\/giro-ditalia-2025-un-giorno-prima-de-eerste-week-vol-heroiek-regen-en-gravel\"]}]},{\"@type\":\"ImageObject\",\"inLanguage\":\"de\",\"@id\":\"https:\\\/\\\/cyclingdestination.cc\\\/verhalen\\\/giro-ditalia-2025-un-giorno-prima-de-eerste-week-vol-heroiek-regen-en-gravel#primaryimage\",\"url\":\"https:\\\/\\\/cyclingdestination.cc\\\/wp-content\\\/uploads\\\/2025\\\/05\\\/20250511_144036.jpg\",\"contentUrl\":\"https:\\\/\\\/cyclingdestination.cc\\\/wp-content\\\/uploads\\\/2025\\\/05\\\/20250511_144036.jpg\",\"width\":1142,\"height\":1920},{\"@type\":\"BreadcrumbList\",\"@id\":\"https:\\\/\\\/cyclingdestination.cc\\\/verhalen\\\/giro-ditalia-2025-un-giorno-prima-de-eerste-week-vol-heroiek-regen-en-gravel#breadcrumb\",\"itemListElement\":[{\"@type\":\"ListItem\",\"position\":1,\"name\":\"Home\",\"item\":\"https:\\\/\\\/cyclingdestination.cc\\\/\"},{\"@type\":\"ListItem\",\"position\":2,\"name\":\"Giro d\u2019Italia 2025 \u2013 Un giorno prima: De eerste week vol hero\u00efek, regen en gravel\"}]},{\"@type\":\"WebSite\",\"@id\":\"https:\\\/\\\/cyclingdestination.cc\\\/#website\",\"url\":\"https:\\\/\\\/cyclingdestination.cc\\\/\",\"name\":\"Cycling Destination\",\"description\":\"Inspiratie voor jouw volgende fietsavontuur\",\"publisher\":{\"@id\":\"https:\\\/\\\/cyclingdestination.cc\\\/#organization\"},\"potentialAction\":[{\"@type\":\"SearchAction\",\"target\":{\"@type\":\"EntryPoint\",\"urlTemplate\":\"https:\\\/\\\/cyclingdestination.cc\\\/?s={search_term_string}\"},\"query-input\":{\"@type\":\"PropertyValueSpecification\",\"valueRequired\":true,\"valueName\":\"search_term_string\"}}],\"inLanguage\":\"de\"},{\"@type\":\"Organization\",\"@id\":\"https:\\\/\\\/cyclingdestination.cc\\\/#organization\",\"name\":\"Cycling Destination\",\"url\":\"https:\\\/\\\/cyclingdestination.cc\\\/\",\"logo\":{\"@type\":\"ImageObject\",\"inLanguage\":\"de\",\"@id\":\"https:\\\/\\\/cyclingdestination.cc\\\/#\\\/schema\\\/logo\\\/image\\\/\",\"url\":\"https:\\\/\\\/cyclingdestination.cc\\\/wp-content\\\/uploads\\\/2022\\\/01\\\/cyclingdestination_logo_RGB_zwart_vDEF-1.png\",\"contentUrl\":\"https:\\\/\\\/cyclingdestination.cc\\\/wp-content\\\/uploads\\\/2022\\\/01\\\/cyclingdestination_logo_RGB_zwart_vDEF-1.png\",\"width\":2550,\"height\":814,\"caption\":\"Cycling Destination\"},\"image\":{\"@id\":\"https:\\\/\\\/cyclingdestination.cc\\\/#\\\/schema\\\/logo\\\/image\\\/\"},\"sameAs\":[\"https:\\\/\\\/www.facebook.com\\\/cyclingdestination.cc\",\"https:\\\/\\\/x.com\\\/cyclingdestin\",\"https:\\\/\\\/www.instagram.com\\\/cyclingdestination.cc\\\/\"]},{\"@type\":\"Person\",\"@id\":\"https:\\\/\\\/cyclingdestination.cc\\\/#\\\/schema\\\/person\\\/d8be1d6ea48cbeb775e9ea6b57e54a7d\",\"name\":\"Sander\",\"url\":\"https:\\\/\\\/cyclingdestination.cc\\\/de\\\/author\\\/admin\"}]}<\/script>\n<!-- \/ Yoast SEO plugin. -->","yoast_head_json":{"title":"Giro d'Italia - Die erste Woche von Kees Langeveld - Cycling Destination","description":"Kees Langeveld f\u00e4hrt einen Tag vor dem Giro d'italia durch Italien. Lesen Sie seine Geschichten hier auf CyclingDestination.","robots":{"index":"index","follow":"follow","max-snippet":"max-snippet:-1","max-image-preview":"max-image-preview:large","max-video-preview":"max-video-preview:-1"},"canonical":"https:\/\/cyclingdestination.cc\/de\/verhalen\/giro-ditalia-2025-un-giorno-prima-de-eerste-week-vol-heroiek-regen-en-gravel\/","og_locale":"de_DE","og_type":"article","og_title":"Giro d'Italia - de eerste week van Kees Langeveld - Cycling Destination","og_description":"Kees Langeveld rijdt een dag voor de Giro d'italia door Itali\u00eb. Lees zijn verhalen hier op CyclingDestination.","og_url":"https:\/\/cyclingdestination.cc\/de\/verhalen\/giro-ditalia-2025-un-giorno-prima-de-eerste-week-vol-heroiek-regen-en-gravel\/","og_site_name":"Cycling Destination","article_publisher":"https:\/\/www.facebook.com\/cyclingdestination.cc","article_published_time":"2025-05-24T18:51:34+00:00","article_modified_time":"2025-05-26T15:11:20+00:00","og_image":[{"width":1142,"height":1920,"url":"https:\/\/cyclingdestination.cc\/wp-content\/uploads\/2025\/05\/20250511_144036.jpg","type":"image\/jpeg"}],"author":"Sander","twitter_card":"summary_large_image","twitter_creator":"@cyclingdestin","twitter_site":"@cyclingdestin","twitter_misc":{"Verfasst von":"Sander","Gesch\u00e4tzte Lesezeit":"10\u00a0Minuten"},"schema":{"@context":"https:\/\/schema.org","@graph":[{"@type":"Article","@id":"https:\/\/cyclingdestination.cc\/verhalen\/giro-ditalia-2025-un-giorno-prima-de-eerste-week-vol-heroiek-regen-en-gravel#article","isPartOf":{"@id":"https:\/\/cyclingdestination.cc\/verhalen\/giro-ditalia-2025-un-giorno-prima-de-eerste-week-vol-heroiek-regen-en-gravel"},"author":{"name":"Sander","@id":"https:\/\/cyclingdestination.cc\/#\/schema\/person\/d8be1d6ea48cbeb775e9ea6b57e54a7d"},"headline":"Giro d\u2019Italia 2025 \u2013 Un giorno prima: De eerste week vol hero\u00efek, regen en gravel","datePublished":"2025-05-24T18:51:34+00:00","dateModified":"2025-05-26T15:11:20+00:00","mainEntityOfPage":{"@id":"https:\/\/cyclingdestination.cc\/verhalen\/giro-ditalia-2025-un-giorno-prima-de-eerste-week-vol-heroiek-regen-en-gravel"},"wordCount":798,"commentCount":0,"publisher":{"@id":"https:\/\/cyclingdestination.cc\/#organization"},"image":{"@id":"https:\/\/cyclingdestination.cc\/verhalen\/giro-ditalia-2025-un-giorno-prima-de-eerste-week-vol-heroiek-regen-en-gravel#primaryimage"},"thumbnailUrl":"https:\/\/cyclingdestination.cc\/wp-content\/uploads\/2025\/05\/20250511_144036.jpg","keywords":["Giro d'Italia","itali\u00eb","Kees Langeveld"],"articleSection":["Basilicata","Campania","Itali\u00eb","Puglia","Toscane","Verhalen"],"inLanguage":"de","potentialAction":[{"@type":"CommentAction","name":"Comment","target":["https:\/\/cyclingdestination.cc\/verhalen\/giro-ditalia-2025-un-giorno-prima-de-eerste-week-vol-heroiek-regen-en-gravel#respond"]}]},{"@type":"WebPage","@id":"https:\/\/cyclingdestination.cc\/verhalen\/giro-ditalia-2025-un-giorno-prima-de-eerste-week-vol-heroiek-regen-en-gravel","url":"https:\/\/cyclingdestination.cc\/verhalen\/giro-ditalia-2025-un-giorno-prima-de-eerste-week-vol-heroiek-regen-en-gravel","name":"Giro d'Italia - Die erste Woche von Kees Langeveld - Cycling Destination","isPartOf":{"@id":"https:\/\/cyclingdestination.cc\/#website"},"primaryImageOfPage":{"@id":"https:\/\/cyclingdestination.cc\/verhalen\/giro-ditalia-2025-un-giorno-prima-de-eerste-week-vol-heroiek-regen-en-gravel#primaryimage"},"image":{"@id":"https:\/\/cyclingdestination.cc\/verhalen\/giro-ditalia-2025-un-giorno-prima-de-eerste-week-vol-heroiek-regen-en-gravel#primaryimage"},"thumbnailUrl":"https:\/\/cyclingdestination.cc\/wp-content\/uploads\/2025\/05\/20250511_144036.jpg","datePublished":"2025-05-24T18:51:34+00:00","dateModified":"2025-05-26T15:11:20+00:00","description":"Kees Langeveld f\u00e4hrt einen Tag vor dem Giro d'italia durch Italien. Lesen Sie seine Geschichten hier auf CyclingDestination.","breadcrumb":{"@id":"https:\/\/cyclingdestination.cc\/verhalen\/giro-ditalia-2025-un-giorno-prima-de-eerste-week-vol-heroiek-regen-en-gravel#breadcrumb"},"inLanguage":"de","potentialAction":[{"@type":"ReadAction","target":["https:\/\/cyclingdestination.cc\/verhalen\/giro-ditalia-2025-un-giorno-prima-de-eerste-week-vol-heroiek-regen-en-gravel"]}]},{"@type":"ImageObject","inLanguage":"de","@id":"https:\/\/cyclingdestination.cc\/verhalen\/giro-ditalia-2025-un-giorno-prima-de-eerste-week-vol-heroiek-regen-en-gravel#primaryimage","url":"https:\/\/cyclingdestination.cc\/wp-content\/uploads\/2025\/05\/20250511_144036.jpg","contentUrl":"https:\/\/cyclingdestination.cc\/wp-content\/uploads\/2025\/05\/20250511_144036.jpg","width":1142,"height":1920},{"@type":"BreadcrumbList","@id":"https:\/\/cyclingdestination.cc\/verhalen\/giro-ditalia-2025-un-giorno-prima-de-eerste-week-vol-heroiek-regen-en-gravel#breadcrumb","itemListElement":[{"@type":"ListItem","position":1,"name":"Home","item":"https:\/\/cyclingdestination.cc\/"},{"@type":"ListItem","position":2,"name":"Giro d\u2019Italia 2025 \u2013 Un giorno prima: De eerste week vol hero\u00efek, regen en gravel"}]},{"@type":"WebSite","@id":"https:\/\/cyclingdestination.cc\/#website","url":"https:\/\/cyclingdestination.cc\/","name":"Ziel Radfahren","description":"Inspiration f\u00fcr Ihr n\u00e4chstes Fahrradabenteuer","publisher":{"@id":"https:\/\/cyclingdestination.cc\/#organization"},"potentialAction":[{"@type":"SearchAction","target":{"@type":"EntryPoint","urlTemplate":"https:\/\/cyclingdestination.cc\/?s={search_term_string}"},"query-input":{"@type":"PropertyValueSpecification","valueRequired":true,"valueName":"search_term_string"}}],"inLanguage":"de"},{"@type":"Organization","@id":"https:\/\/cyclingdestination.cc\/#organization","name":"Ziel Radfahren","url":"https:\/\/cyclingdestination.cc\/","logo":{"@type":"ImageObject","inLanguage":"de","@id":"https:\/\/cyclingdestination.cc\/#\/schema\/logo\/image\/","url":"https:\/\/cyclingdestination.cc\/wp-content\/uploads\/2022\/01\/cyclingdestination_logo_RGB_zwart_vDEF-1.png","contentUrl":"https:\/\/cyclingdestination.cc\/wp-content\/uploads\/2022\/01\/cyclingdestination_logo_RGB_zwart_vDEF-1.png","width":2550,"height":814,"caption":"Cycling Destination"},"image":{"@id":"https:\/\/cyclingdestination.cc\/#\/schema\/logo\/image\/"},"sameAs":["https:\/\/www.facebook.com\/cyclingdestination.cc","https:\/\/x.com\/cyclingdestin","https:\/\/www.instagram.com\/cyclingdestination.cc\/"]},{"@type":"Person","@id":"https:\/\/cyclingdestination.cc\/#\/schema\/person\/d8be1d6ea48cbeb775e9ea6b57e54a7d","name":"Sander","url":"https:\/\/cyclingdestination.cc\/de\/author\/admin"}]}},"_links":{"self":[{"href":"https:\/\/cyclingdestination.cc\/de\/wp-json\/wp\/v2\/posts\/22951","targetHints":{"allow":["GET"]}}],"collection":[{"href":"https:\/\/cyclingdestination.cc\/de\/wp-json\/wp\/v2\/posts"}],"about":[{"href":"https:\/\/cyclingdestination.cc\/de\/wp-json\/wp\/v2\/types\/post"}],"author":[{"embeddable":true,"href":"https:\/\/cyclingdestination.cc\/de\/wp-json\/wp\/v2\/users\/1"}],"replies":[{"embeddable":true,"href":"https:\/\/cyclingdestination.cc\/de\/wp-json\/wp\/v2\/comments?post=22951"}],"version-history":[{"count":0,"href":"https:\/\/cyclingdestination.cc\/de\/wp-json\/wp\/v2\/posts\/22951\/revisions"}],"wp:featuredmedia":[{"embeddable":true,"href":"https:\/\/cyclingdestination.cc\/de\/wp-json\/wp\/v2\/media\/22952"}],"wp:attachment":[{"href":"https:\/\/cyclingdestination.cc\/de\/wp-json\/wp\/v2\/media?parent=22951"}],"wp:term":[{"taxonomy":"category","embeddable":true,"href":"https:\/\/cyclingdestination.cc\/de\/wp-json\/wp\/v2\/categories?post=22951"},{"taxonomy":"post_tag","embeddable":true,"href":"https:\/\/cyclingdestination.cc\/de\/wp-json\/wp\/v2\/tags?post=22951"}],"curies":[{"name":"wp","href":"https:\/\/api.w.org\/{rel}","templated":true}]}}