{"id":24646,"date":"2025-10-16T16:37:41","date_gmt":"2025-10-16T14:37:41","guid":{"rendered":"https:\/\/cyclingdestination.cc\/?p=24646"},"modified":"2025-10-18T17:56:45","modified_gmt":"2025-10-18T15:56:45","slug":"fietsavontuur-in-centraal-portugal-langs-de-atlantische-ziel","status":"publish","type":"post","link":"https:\/\/cyclingdestination.cc\/de\/verhalen\/portugal\/centraal-portugal\/fietsavontuur-in-centraal-portugal-langs-de-atlantische-ziel","title":{"rendered":"Fahrradabenteuer in Zentralportugal entlang der atlantischen Seele"},"content":{"rendered":"<h3 class=\"wp-block-heading\"><strong>Von Porto nach Foz do Arelho - mit dem Fahrrad durch Kultur, salzige Seeluft und Geschichte<\/strong><\/h3>\n\n\n\n<p>Die K\u00fcste Zentralportugals ist kein Ort der Eile. Hier geht es nicht um H\u00f6henmeter oder Segmentrekorde, sondern um den Rhythmus des Meeres, den Geruch von Harz und die Geschichten der Menschen, die dort leben. In drei Tagen radeln wir von Porto nach Foz do Arelho, begleitet von Reiseleiter Ruben - immer l\u00e4chelnd, voller Wissen und Liebe f\u00fcr sein Land. Er kennt jede Kurve, jede Br\u00fccke und jede Geschichte. Unterwegs weist er uns auf Details hin, die wir sonst \u00fcbersehen w\u00fcrden: den Duft der Kiefern, die Spuren der Fischer, den Rhythmus der Wellen.<\/p>\n\n\n\n<p><a href=\"https:\/\/cyclingdestination.cc\/de\/fietsen-in-portugal\/\">Mehr \u00fcber Portugal erfahren Sie hier<\/a><\/p>\n\n\n\n<figure class=\"wp-block-gallery has-nested-images columns-default is-cropped wp-block-gallery-1 is-layout-flex wp-block-gallery-is-layout-flex\">\n<figure class=\"wp-block-image size-large\"><img fetchpriority=\"high\" decoding=\"async\" width=\"768\" height=\"1024\" data-id=\"24688\" src=\"https:\/\/cyclingdestination.cc\/wp-content\/uploads\/2025\/10\/MiddenPortugal-768x1024.jpeg\" alt=\"\" class=\"wp-image-24688\" srcset=\"https:\/\/cyclingdestination.cc\/wp-content\/uploads\/2025\/10\/MiddenPortugal-768x1024.jpeg 768w, https:\/\/cyclingdestination.cc\/wp-content\/uploads\/2025\/10\/MiddenPortugal-225x300.jpeg 225w, https:\/\/cyclingdestination.cc\/wp-content\/uploads\/2025\/10\/MiddenPortugal-1152x1536.jpeg 1152w, https:\/\/cyclingdestination.cc\/wp-content\/uploads\/2025\/10\/MiddenPortugal-9x12.jpeg 9w, https:\/\/cyclingdestination.cc\/wp-content\/uploads\/2025\/10\/MiddenPortugal.jpeg 1440w\" sizes=\"(max-width: 768px) 100vw, 768px\" \/><\/figure>\n\n\n\n<figure class=\"wp-block-image size-large\"><img decoding=\"async\" width=\"768\" height=\"1024\" data-id=\"24685\" src=\"https:\/\/cyclingdestination.cc\/wp-content\/uploads\/2025\/10\/MiddenPortugal-1-768x1024.jpeg\" alt=\"\" class=\"wp-image-24685\" srcset=\"https:\/\/cyclingdestination.cc\/wp-content\/uploads\/2025\/10\/MiddenPortugal-1-768x1024.jpeg 768w, https:\/\/cyclingdestination.cc\/wp-content\/uploads\/2025\/10\/MiddenPortugal-1-225x300.jpeg 225w, https:\/\/cyclingdestination.cc\/wp-content\/uploads\/2025\/10\/MiddenPortugal-1-1152x1536.jpeg 1152w, https:\/\/cyclingdestination.cc\/wp-content\/uploads\/2025\/10\/MiddenPortugal-1-9x12.jpeg 9w, https:\/\/cyclingdestination.cc\/wp-content\/uploads\/2025\/10\/MiddenPortugal-1.jpeg 1440w\" sizes=\"(max-width: 768px) 100vw, 768px\" \/><\/figure>\n\n\n\n<figure class=\"wp-block-image size-large\"><img decoding=\"async\" width=\"768\" height=\"1024\" data-id=\"24684\" src=\"https:\/\/cyclingdestination.cc\/wp-content\/uploads\/2025\/10\/MiddenPortugal-2-768x1024.jpeg\" alt=\"\" class=\"wp-image-24684\" srcset=\"https:\/\/cyclingdestination.cc\/wp-content\/uploads\/2025\/10\/MiddenPortugal-2-768x1024.jpeg 768w, https:\/\/cyclingdestination.cc\/wp-content\/uploads\/2025\/10\/MiddenPortugal-2-225x300.jpeg 225w, https:\/\/cyclingdestination.cc\/wp-content\/uploads\/2025\/10\/MiddenPortugal-2-1152x1536.jpeg 1152w, https:\/\/cyclingdestination.cc\/wp-content\/uploads\/2025\/10\/MiddenPortugal-2-9x12.jpeg 9w, https:\/\/cyclingdestination.cc\/wp-content\/uploads\/2025\/10\/MiddenPortugal-2.jpeg 1440w\" sizes=\"(max-width: 768px) 100vw, 768px\" \/><\/figure>\n<\/figure>\n\n\n\n<h2 class=\"wp-block-heading\"><strong>Tag 1 - Von Azulejos zu Arte X\u00e1vega<\/strong><\/h2>\n\n\n\n<p>Die Reise beginnt in Porto, unter den B\u00f6gen der eisernen Ponte Lu\u00eds I., wo der Douro in der Morgensonne glitzert. Wir fahren durch enge, gepflasterte Stra\u00dfen hinunter zum Fluss und sp\u00fcren das Vibrieren des Kopfsteinpflasters in unserem Lenker: \"Das nennt man eine portugiesische Massage! Ruben erkl\u00e4rt, dass der Portwein, der hier verkauft wird, nicht aus der Stadt selbst stammt: Die Trauben wachsen im Douro-Tal, der Wein reift auf der anderen Seite des Flusses - in Gaia. Und die gew\u00f6lbte Br\u00fccke, \u00fcber die wir fahren? Mit ihr soll Porto einst seinen K\u00f6nig geehrt haben, aber als Dom Lu\u00eds bei der Er\u00f6ffnung nicht erschien, beschlossen die Einheimischen, das \"Dom\" aus dem Namen zu streichen. \"Typisch Porto\", grinst Ruben. \"Stolz, direkt und ein bisschen eingebildet.<\/p>\n\n\n\n<h3 class=\"wp-block-heading\">Kurzer Halt<\/h3>\n\n\n\n<p>Wir halten kurz am Bahnhof S\u00e3o Bento, wo Tausende von blauen Kacheln - azulejos - Geschichten von Schlachten und Bauernm\u00e4rkten erz\u00e4hlen. Ruben zeigt auf zwei fehlplatzierte St\u00fccke. \"Sie haben 22.000 von ihnen von Hand gelegt. Ein Puzzle aus Porzellan.\" Und etwas sp\u00e4ter, am Rande der Stadt, taucht das Meer bei Miramar auf, wo die <strong>Capela do Senhor da Pedra<\/strong> Er steht auf einem Felsen in der Brandung. \"Jeden Winter schlagen die Wellen \u00fcber sie hinweg\", sagt Ruben. \"Und trotzdem bauen sie die Kapelle immer wieder neu auf. Denn der Glaube ist hier st\u00e4rker als das Wasser. Und f\u00fcr die Fischer ist es wichtig, dass sie ihren Gott in der N\u00e4he des Meeres anrufen k\u00f6nnen.\"<\/p>\n\n\n\n<h3 class=\"wp-block-heading\">Wind<\/h3>\n\n\n\n<p>An der K\u00fcste bl\u00e4st der Wind lebhaft. Wir geben die geplante Route auf und entscheiden uns f\u00fcr eine Schottervariante entlang der 65 Kilometer langen Lagune von Aveiro und dem Canal da Murtosa - staubiger, aber ruhiger. Zwischen Pinienb\u00e4umen und Sandwegen riecht es nach Meer und Pinien. Hier treffen Salz und S\u00fc\u00dfe aufeinander. An manchen Stellen d\u00fcmpeln die Moliceiros im Wasser. Kleine Boote, bemalt mit Heiligen, Liebeserkl\u00e4rungen und unanst\u00e4ndigen Szenen. Ruben lacht: \"Nach der Diktatur durften wir endlich wieder lachen, sogar auf einem Boot.\" Unter <strong>Costa Nova<\/strong> dann machen wir uns auf den Weg. Hier schimmern die gestreiften H\u00e4user - palheiros in rot, blau, gelb - im Sonnenlicht. \"Das waren fr\u00fcher Schuppen f\u00fcr die Netze der Fischer\", erkl\u00e4rt Ruben. \"Mit den bunten Streifen sch\u00fctzten die Fischer die W\u00e4nde vor dem salzigen Meer. Die Farben stammen von Farbresten, die beim Streichen von Booten anfallen.\"&nbsp;<\/p>\n\n\n\n<p>Wir enden in <strong>Praia de Mira<\/strong>in dem das Meer nicht nur bewundert, sondern auch gez\u00e4hmt wird. Ruben spricht \u00fcber <strong>Arte X\u00e1vega<\/strong>Der traditionelle Fischfang, bei dem die M\u00e4nner fr\u00fcher ruderten und heute Traktoren an den Strand schicken, um die Netze einzuholen. \"Der Fisch wurde direkt von den Booten verkauft\", sagt er, \"direkt vom Meer in die Pfanne\". Ein Ritual, das nach Salz, Benzin und Geschichte riecht.<\/p>\n\n\n\n<figure class=\"wp-block-gallery has-nested-images columns-default is-cropped wp-block-gallery-2 is-layout-flex wp-block-gallery-is-layout-flex\">\n<figure class=\"wp-block-image size-large\"><img loading=\"lazy\" decoding=\"async\" width=\"768\" height=\"1024\" data-id=\"24686\" src=\"https:\/\/cyclingdestination.cc\/wp-content\/uploads\/2025\/10\/MiddenPortugal-3-768x1024.jpeg\" alt=\"\" class=\"wp-image-24686\" srcset=\"https:\/\/cyclingdestination.cc\/wp-content\/uploads\/2025\/10\/MiddenPortugal-3-768x1024.jpeg 768w, https:\/\/cyclingdestination.cc\/wp-content\/uploads\/2025\/10\/MiddenPortugal-3-225x300.jpeg 225w, https:\/\/cyclingdestination.cc\/wp-content\/uploads\/2025\/10\/MiddenPortugal-3-1152x1536.jpeg 1152w, https:\/\/cyclingdestination.cc\/wp-content\/uploads\/2025\/10\/MiddenPortugal-3-9x12.jpeg 9w, https:\/\/cyclingdestination.cc\/wp-content\/uploads\/2025\/10\/MiddenPortugal-3.jpeg 1440w\" sizes=\"(max-width: 768px) 100vw, 768px\" \/><\/figure>\n\n\n\n<figure class=\"wp-block-image size-large\"><img loading=\"lazy\" decoding=\"async\" width=\"768\" height=\"1024\" data-id=\"24689\" src=\"https:\/\/cyclingdestination.cc\/wp-content\/uploads\/2025\/10\/WhatsApp-Image-2025-09-26-at-15.35.48-3-768x1024.jpeg\" alt=\"\" class=\"wp-image-24689\" srcset=\"https:\/\/cyclingdestination.cc\/wp-content\/uploads\/2025\/10\/WhatsApp-Image-2025-09-26-at-15.35.48-3-768x1024.jpeg 768w, https:\/\/cyclingdestination.cc\/wp-content\/uploads\/2025\/10\/WhatsApp-Image-2025-09-26-at-15.35.48-3-225x300.jpeg 225w, https:\/\/cyclingdestination.cc\/wp-content\/uploads\/2025\/10\/WhatsApp-Image-2025-09-26-at-15.35.48-3-1152x1536.jpeg 1152w, https:\/\/cyclingdestination.cc\/wp-content\/uploads\/2025\/10\/WhatsApp-Image-2025-09-26-at-15.35.48-3-9x12.jpeg 9w, https:\/\/cyclingdestination.cc\/wp-content\/uploads\/2025\/10\/WhatsApp-Image-2025-09-26-at-15.35.48-3.jpeg 1440w\" sizes=\"(max-width: 768px) 100vw, 768px\" \/><\/figure>\n\n\n\n<figure class=\"wp-block-image size-large\"><img loading=\"lazy\" decoding=\"async\" width=\"576\" height=\"1024\" data-id=\"24691\" src=\"https:\/\/cyclingdestination.cc\/wp-content\/uploads\/2025\/10\/WhatsApp-Image-2025-09-26-at-15.35.48-5-576x1024.jpeg\" alt=\"\" class=\"wp-image-24691\" srcset=\"https:\/\/cyclingdestination.cc\/wp-content\/uploads\/2025\/10\/WhatsApp-Image-2025-09-26-at-15.35.48-5-576x1024.jpeg 576w, https:\/\/cyclingdestination.cc\/wp-content\/uploads\/2025\/10\/WhatsApp-Image-2025-09-26-at-15.35.48-5-169x300.jpeg 169w, https:\/\/cyclingdestination.cc\/wp-content\/uploads\/2025\/10\/WhatsApp-Image-2025-09-26-at-15.35.48-5-768x1365.jpeg 768w, https:\/\/cyclingdestination.cc\/wp-content\/uploads\/2025\/10\/WhatsApp-Image-2025-09-26-at-15.35.48-5-864x1536.jpeg 864w, https:\/\/cyclingdestination.cc\/wp-content\/uploads\/2025\/10\/WhatsApp-Image-2025-09-26-at-15.35.48-5-7x12.jpeg 7w, https:\/\/cyclingdestination.cc\/wp-content\/uploads\/2025\/10\/WhatsApp-Image-2025-09-26-at-15.35.48-5.jpeg 1080w\" sizes=\"(max-width: 576px) 100vw, 576px\" \/><\/figure>\n\n\n\n<figure class=\"wp-block-image size-large\"><img loading=\"lazy\" decoding=\"async\" width=\"1024\" height=\"768\" data-id=\"24690\" src=\"https:\/\/cyclingdestination.cc\/wp-content\/uploads\/2025\/10\/WhatsApp-Image-2025-09-26-at-15.35.48-6-1024x768.jpeg\" alt=\"\" class=\"wp-image-24690\" srcset=\"https:\/\/cyclingdestination.cc\/wp-content\/uploads\/2025\/10\/WhatsApp-Image-2025-09-26-at-15.35.48-6-1024x768.jpeg 1024w, https:\/\/cyclingdestination.cc\/wp-content\/uploads\/2025\/10\/WhatsApp-Image-2025-09-26-at-15.35.48-6-300x225.jpeg 300w, https:\/\/cyclingdestination.cc\/wp-content\/uploads\/2025\/10\/WhatsApp-Image-2025-09-26-at-15.35.48-6-768x576.jpeg 768w, https:\/\/cyclingdestination.cc\/wp-content\/uploads\/2025\/10\/WhatsApp-Image-2025-09-26-at-15.35.48-6-1536x1152.jpeg 1536w, https:\/\/cyclingdestination.cc\/wp-content\/uploads\/2025\/10\/WhatsApp-Image-2025-09-26-at-15.35.48-6-16x12.jpeg 16w, https:\/\/cyclingdestination.cc\/wp-content\/uploads\/2025\/10\/WhatsApp-Image-2025-09-26-at-15.35.48-6.jpeg 1920w\" sizes=\"(max-width: 1024px) 100vw, 1024px\" \/><\/figure>\n<\/figure>\n\n\n\n<h2 class=\"wp-block-heading\"><strong>Tag 2 - Von W\u00e4ldern zu Wellen<\/strong><\/h2>\n\n\n\n<p>Der zweite Tag f\u00fchrt uns weiter nach S\u00fcden, entlang einer K\u00fcste, die sich gleichzeitig wild und organisiert anf\u00fchlt. Der Wind ist lebhaft, die Luft voller Harz. Wir fahren durch Kiefernw\u00e4lder, die einst von Menschen gepflanzt wurden, um die D\u00fcnen zu sch\u00fctzen und das Landesinnere vor dem Spr\u00fchen zu bewahren. \"Ohne diese B\u00e4ume\", sagt Ruben, \"w\u00fcrde das Meer jedes Jahr ein St\u00fcck Land gewinnen\".<\/p>\n\n\n\n<p>Unter <strong>Figueira da Foz<\/strong> zeigt er auf die Reihe von Leuchtt\u00fcrmen entlang der K\u00fcste und die langen Molen, die die Flussm\u00fcndung offen halten. \"Wir verhandeln hier mit dem Meer\", sagt Ruben. \"Nie gewonnen, nie verloren - aber immer weiter segeln.\" Es folgen ruhige Kilometer durch kleine D\u00f6rfer, bis die Steigung zum <strong>Nazar\u00e9<\/strong> beginnen.<\/p>\n\n\n\n<h3 class=\"wp-block-heading\">Pilgerst\u00e4tte<\/h3>\n\n\n\n<p>Jahrhundertelang war dies ein Wallfahrtsort. Oben auf der Klippe von <strong>S\u00edtio<\/strong> Ruben erz\u00e4hlt die Legende von Dom Fuas, dem Ritter, der auf der Jagd im Nebel fast in den Abgrund st\u00fcrzte. Im letzten Moment erschien die Muttergottes von Nazar\u00e9 und bewahrte ihn vor dem Sturz. \"Deshalb steht diese Kapelle hier\", sagt Ruben, \"genau dort, wo sein Pferd gerade noch rechtzeitig zum Stehen kam.\" Auf dem Dorfplatz tragen die Frauen an den St\u00e4nden immer noch R\u00f6cke mit sieben Lagen - eine Hommage an die sieben Wellen des Ozeans. Heute ist Nazar\u00e9 ber\u00fchmt f\u00fcr seine Surfer, die 30 Meter hohen Wellen trotzen, aber das Echo des Glaubens hallt immer noch in der Brandung wider.<\/p>\n\n\n\n<p>Wir verbringen die Nacht in Nazar\u00e9, wo die Abendluft nach Salz und Sonne riecht und die Sonne langsam hinter dem Horizont verschwindet. Der Fisch trocknet auf Holzgestellen: <strong>Peixe seco<\/strong>Makrelen und Sardinen, die im letzten Licht schimmern. \"So haben sie es fr\u00fcher alle gemacht\", sagt Ruben. \"Sonne, Salz und Geduld - mehr brauchten sie nicht.\"<\/p>\n\n\n\n<figure class=\"wp-block-gallery has-nested-images columns-default is-cropped wp-block-gallery-3 is-layout-flex wp-block-gallery-is-layout-flex\">\n<figure class=\"wp-block-image size-large\"><img loading=\"lazy\" decoding=\"async\" width=\"768\" height=\"1024\" data-id=\"24693\" src=\"https:\/\/cyclingdestination.cc\/wp-content\/uploads\/2025\/10\/WhatsApp-Image-2025-09-26-at-15.35.49-2-768x1024.jpeg\" alt=\"\" class=\"wp-image-24693\" srcset=\"https:\/\/cyclingdestination.cc\/wp-content\/uploads\/2025\/10\/WhatsApp-Image-2025-09-26-at-15.35.49-2-768x1024.jpeg 768w, https:\/\/cyclingdestination.cc\/wp-content\/uploads\/2025\/10\/WhatsApp-Image-2025-09-26-at-15.35.49-2-225x300.jpeg 225w, https:\/\/cyclingdestination.cc\/wp-content\/uploads\/2025\/10\/WhatsApp-Image-2025-09-26-at-15.35.49-2-1152x1536.jpeg 1152w, https:\/\/cyclingdestination.cc\/wp-content\/uploads\/2025\/10\/WhatsApp-Image-2025-09-26-at-15.35.49-2-9x12.jpeg 9w, https:\/\/cyclingdestination.cc\/wp-content\/uploads\/2025\/10\/WhatsApp-Image-2025-09-26-at-15.35.49-2.jpeg 1440w\" sizes=\"(max-width: 768px) 100vw, 768px\" \/><\/figure>\n\n\n\n<figure class=\"wp-block-image size-large\"><img loading=\"lazy\" decoding=\"async\" width=\"768\" height=\"1024\" data-id=\"24694\" src=\"https:\/\/cyclingdestination.cc\/wp-content\/uploads\/2025\/10\/WhatsApp-Image-2025-09-26-at-15.35.48-4-768x1024.jpeg\" alt=\"\" class=\"wp-image-24694\" srcset=\"https:\/\/cyclingdestination.cc\/wp-content\/uploads\/2025\/10\/WhatsApp-Image-2025-09-26-at-15.35.48-4-768x1024.jpeg 768w, https:\/\/cyclingdestination.cc\/wp-content\/uploads\/2025\/10\/WhatsApp-Image-2025-09-26-at-15.35.48-4-225x300.jpeg 225w, https:\/\/cyclingdestination.cc\/wp-content\/uploads\/2025\/10\/WhatsApp-Image-2025-09-26-at-15.35.48-4-1152x1536.jpeg 1152w, https:\/\/cyclingdestination.cc\/wp-content\/uploads\/2025\/10\/WhatsApp-Image-2025-09-26-at-15.35.48-4-9x12.jpeg 9w, https:\/\/cyclingdestination.cc\/wp-content\/uploads\/2025\/10\/WhatsApp-Image-2025-09-26-at-15.35.48-4.jpeg 1440w\" sizes=\"(max-width: 768px) 100vw, 768px\" \/><\/figure>\n\n\n\n<figure class=\"wp-block-image size-large\"><img loading=\"lazy\" decoding=\"async\" width=\"768\" height=\"1024\" data-id=\"24695\" src=\"https:\/\/cyclingdestination.cc\/wp-content\/uploads\/2025\/10\/WhatsApp-Image-2025-09-26-at-15.35.49-4-768x1024.jpeg\" alt=\"\" class=\"wp-image-24695\" srcset=\"https:\/\/cyclingdestination.cc\/wp-content\/uploads\/2025\/10\/WhatsApp-Image-2025-09-26-at-15.35.49-4-768x1024.jpeg 768w, https:\/\/cyclingdestination.cc\/wp-content\/uploads\/2025\/10\/WhatsApp-Image-2025-09-26-at-15.35.49-4-225x300.jpeg 225w, https:\/\/cyclingdestination.cc\/wp-content\/uploads\/2025\/10\/WhatsApp-Image-2025-09-26-at-15.35.49-4-1152x1536.jpeg 1152w, https:\/\/cyclingdestination.cc\/wp-content\/uploads\/2025\/10\/WhatsApp-Image-2025-09-26-at-15.35.49-4-9x12.jpeg 9w, https:\/\/cyclingdestination.cc\/wp-content\/uploads\/2025\/10\/WhatsApp-Image-2025-09-26-at-15.35.49-4.jpeg 1440w\" sizes=\"(max-width: 768px) 100vw, 768px\" \/><\/figure>\n<\/figure>\n\n\n\n<h2 class=\"wp-block-heading\"><strong>Tag 3 - Schotter und schimmernde Lagunen<\/strong><\/h2>\n\n\n\n<p>Wir brechen fr\u00fch auf, das Meer noch in den Ohren. Der Anstieg aus Nazar\u00e9 heraus hackt es, und bald danach ist ein harter Anstieg nach <strong>Pescarias<\/strong>Hier brennen die Beine, aber der Blick aufs Meer entsch\u00e4digt f\u00fcr alles. Dann weichen wir von der Hauptroute ab und folgen einem Schotterweg durch r\u00f6tlich-braune Erde. Es f\u00fchlt sich an wie eine Fahrt durch ein Gem\u00e4lde - Erde, Himmel, Meer und Stille. Ruben nennt es \"das wahre Portugal\": schroff, einfach, voller Farben.<\/p>\n\n\n\n<p>Unter <strong>S\u00e3o Martinho do Porto<\/strong> f\u00fchrt die Stra\u00dfe hinunter zu einer Bucht, die wie eine Muschel an der K\u00fcste liegt. Die Form ist nicht zuf\u00e4llig: Ruben erkl\u00e4rt, dass das Meer hier \u00fcber Jahrhunderte Sand und Felsen verschoben hat, um einen nat\u00fcrlichen Hafen zu schaffen. Schutz und offenes Meer treffen in einem Bogen aufeinander. Wir radeln durch einen nat\u00fcrlichen Durchgang in den Felsen und beobachten bewundernd, wie die Wellen gegen das Ufer schlagen.&nbsp;<\/p>\n\n\n\n<p>Die letzte Strecke nach <strong>Foz do Arelho<\/strong> f\u00fchrt \u00fcber h\u00fcgelige Stra\u00dfen. Erst das letzte St\u00fcck am Meer entlang, dann direkt an der Lagune von \u00d3bidos. Boote d\u00fcmpeln sanft am Ufer entlang, der Wind zeichnet Wellen auf das Wasser. Wir stellen die R\u00e4der ab und schauen zu, wie s\u00fc\u00df und salzig sich treffen. Ein logisches Endziel nach drei Tagen, in denen das Fahrrad vor allem ein Schl\u00fcssel war - zu Landschaft, Menschen und Geschichten.<\/p>\n\n\n\n<figure class=\"wp-block-gallery has-nested-images columns-default is-cropped wp-block-gallery-4 is-layout-flex wp-block-gallery-is-layout-flex\">\n<figure class=\"wp-block-image size-large\"><img loading=\"lazy\" decoding=\"async\" width=\"768\" height=\"1024\" data-id=\"24697\" src=\"https:\/\/cyclingdestination.cc\/wp-content\/uploads\/2025\/10\/WhatsApp-Image-2025-09-26-at-15.35.48-768x1024.jpeg\" alt=\"\" class=\"wp-image-24697\" srcset=\"https:\/\/cyclingdestination.cc\/wp-content\/uploads\/2025\/10\/WhatsApp-Image-2025-09-26-at-15.35.48-768x1024.jpeg 768w, https:\/\/cyclingdestination.cc\/wp-content\/uploads\/2025\/10\/WhatsApp-Image-2025-09-26-at-15.35.48-225x300.jpeg 225w, https:\/\/cyclingdestination.cc\/wp-content\/uploads\/2025\/10\/WhatsApp-Image-2025-09-26-at-15.35.48-1152x1536.jpeg 1152w, https:\/\/cyclingdestination.cc\/wp-content\/uploads\/2025\/10\/WhatsApp-Image-2025-09-26-at-15.35.48-9x12.jpeg 9w, https:\/\/cyclingdestination.cc\/wp-content\/uploads\/2025\/10\/WhatsApp-Image-2025-09-26-at-15.35.48.jpeg 1440w\" sizes=\"(max-width: 768px) 100vw, 768px\" \/><\/figure>\n\n\n\n<figure class=\"wp-block-image size-large\"><img loading=\"lazy\" decoding=\"async\" width=\"768\" height=\"1024\" data-id=\"24701\" src=\"https:\/\/cyclingdestination.cc\/wp-content\/uploads\/2025\/10\/WhatsApp-Image-2025-09-26-at-15.35.50-6-768x1024.jpeg\" alt=\"\" class=\"wp-image-24701\" srcset=\"https:\/\/cyclingdestination.cc\/wp-content\/uploads\/2025\/10\/WhatsApp-Image-2025-09-26-at-15.35.50-6-768x1024.jpeg 768w, https:\/\/cyclingdestination.cc\/wp-content\/uploads\/2025\/10\/WhatsApp-Image-2025-09-26-at-15.35.50-6-225x300.jpeg 225w, https:\/\/cyclingdestination.cc\/wp-content\/uploads\/2025\/10\/WhatsApp-Image-2025-09-26-at-15.35.50-6-1152x1536.jpeg 1152w, https:\/\/cyclingdestination.cc\/wp-content\/uploads\/2025\/10\/WhatsApp-Image-2025-09-26-at-15.35.50-6-9x12.jpeg 9w, https:\/\/cyclingdestination.cc\/wp-content\/uploads\/2025\/10\/WhatsApp-Image-2025-09-26-at-15.35.50-6.jpeg 1440w\" sizes=\"(max-width: 768px) 100vw, 768px\" \/><\/figure>\n\n\n\n<figure class=\"wp-block-image size-large\"><img loading=\"lazy\" decoding=\"async\" width=\"768\" height=\"1024\" data-id=\"24702\" src=\"https:\/\/cyclingdestination.cc\/wp-content\/uploads\/2025\/10\/WhatsApp-Image-2025-09-26-at-15.35.50-768x1024.jpeg\" alt=\"\" class=\"wp-image-24702\" srcset=\"https:\/\/cyclingdestination.cc\/wp-content\/uploads\/2025\/10\/WhatsApp-Image-2025-09-26-at-15.35.50-768x1024.jpeg 768w, https:\/\/cyclingdestination.cc\/wp-content\/uploads\/2025\/10\/WhatsApp-Image-2025-09-26-at-15.35.50-225x300.jpeg 225w, https:\/\/cyclingdestination.cc\/wp-content\/uploads\/2025\/10\/WhatsApp-Image-2025-09-26-at-15.35.50-1152x1536.jpeg 1152w, https:\/\/cyclingdestination.cc\/wp-content\/uploads\/2025\/10\/WhatsApp-Image-2025-09-26-at-15.35.50-9x12.jpeg 9w, https:\/\/cyclingdestination.cc\/wp-content\/uploads\/2025\/10\/WhatsApp-Image-2025-09-26-at-15.35.50.jpeg 1440w\" sizes=\"(max-width: 768px) 100vw, 768px\" \/><\/figure>\n\n\n\n<figure class=\"wp-block-image size-large\"><img loading=\"lazy\" decoding=\"async\" width=\"768\" height=\"1024\" data-id=\"24703\" src=\"https:\/\/cyclingdestination.cc\/wp-content\/uploads\/2025\/10\/WhatsApp-Image-2025-09-26-at-15.35.50-4-768x1024.jpeg\" alt=\"\" class=\"wp-image-24703\" srcset=\"https:\/\/cyclingdestination.cc\/wp-content\/uploads\/2025\/10\/WhatsApp-Image-2025-09-26-at-15.35.50-4-768x1024.jpeg 768w, https:\/\/cyclingdestination.cc\/wp-content\/uploads\/2025\/10\/WhatsApp-Image-2025-09-26-at-15.35.50-4-225x300.jpeg 225w, https:\/\/cyclingdestination.cc\/wp-content\/uploads\/2025\/10\/WhatsApp-Image-2025-09-26-at-15.35.50-4-1152x1536.jpeg 1152w, https:\/\/cyclingdestination.cc\/wp-content\/uploads\/2025\/10\/WhatsApp-Image-2025-09-26-at-15.35.50-4-9x12.jpeg 9w, https:\/\/cyclingdestination.cc\/wp-content\/uploads\/2025\/10\/WhatsApp-Image-2025-09-26-at-15.35.50-4.jpeg 1440w\" sizes=\"(max-width: 768px) 100vw, 768px\" \/><\/figure>\n\n\n\n<figure class=\"wp-block-image size-large\"><img loading=\"lazy\" decoding=\"async\" width=\"768\" height=\"1024\" data-id=\"24698\" src=\"https:\/\/cyclingdestination.cc\/wp-content\/uploads\/2025\/10\/WhatsApp-Image-2025-09-26-at-15.35.49-768x1024.jpeg\" alt=\"\" class=\"wp-image-24698\" srcset=\"https:\/\/cyclingdestination.cc\/wp-content\/uploads\/2025\/10\/WhatsApp-Image-2025-09-26-at-15.35.49-768x1024.jpeg 768w, https:\/\/cyclingdestination.cc\/wp-content\/uploads\/2025\/10\/WhatsApp-Image-2025-09-26-at-15.35.49-225x300.jpeg 225w, https:\/\/cyclingdestination.cc\/wp-content\/uploads\/2025\/10\/WhatsApp-Image-2025-09-26-at-15.35.49-1152x1536.jpeg 1152w, https:\/\/cyclingdestination.cc\/wp-content\/uploads\/2025\/10\/WhatsApp-Image-2025-09-26-at-15.35.49-9x12.jpeg 9w, https:\/\/cyclingdestination.cc\/wp-content\/uploads\/2025\/10\/WhatsApp-Image-2025-09-26-at-15.35.49.jpeg 1440w\" sizes=\"(max-width: 768px) 100vw, 768px\" \/><\/figure>\n\n\n\n<figure class=\"wp-block-image size-large\"><img loading=\"lazy\" decoding=\"async\" width=\"768\" height=\"1024\" data-id=\"24704\" src=\"https:\/\/cyclingdestination.cc\/wp-content\/uploads\/2025\/10\/WhatsApp-Image-2025-09-26-at-15.35.50-3-768x1024.jpeg\" alt=\"\" class=\"wp-image-24704\" srcset=\"https:\/\/cyclingdestination.cc\/wp-content\/uploads\/2025\/10\/WhatsApp-Image-2025-09-26-at-15.35.50-3-768x1024.jpeg 768w, https:\/\/cyclingdestination.cc\/wp-content\/uploads\/2025\/10\/WhatsApp-Image-2025-09-26-at-15.35.50-3-225x300.jpeg 225w, https:\/\/cyclingdestination.cc\/wp-content\/uploads\/2025\/10\/WhatsApp-Image-2025-09-26-at-15.35.50-3-1152x1536.jpeg 1152w, https:\/\/cyclingdestination.cc\/wp-content\/uploads\/2025\/10\/WhatsApp-Image-2025-09-26-at-15.35.50-3-9x12.jpeg 9w, https:\/\/cyclingdestination.cc\/wp-content\/uploads\/2025\/10\/WhatsApp-Image-2025-09-26-at-15.35.50-3.jpeg 1440w\" sizes=\"(max-width: 768px) 100vw, 768px\" \/><\/figure>\n<\/figure>\n\n\n\n<h2 class=\"wp-block-heading\"><strong>Essen f\u00fcr unterwegs - Meer, Zucker und Tradition<\/strong><\/h2>\n\n\n\n<p>An der K\u00fcste entlang zu radeln, ohne Fisch zu essen, ist fast unm\u00f6glich. Jede Hafenstadt hat ihren eigenen Grill oder ihre Marisqueira, wo Sardinen und Wolfsbarsch direkt vom Grill serviert werden. Unter <strong>Praia de Mira<\/strong> werden wir uns <strong>Restaurant Salgaboca<\/strong>ein stimmungsvolles Fischrestaurant am Meer, in dem alle Fische mit der Angelrute gefangen werden. Der Geruch von Holzkohle und Zitrone liegt in der Luft. Der Kellner mit seinem imposanten Schnurrbart bringt den frischen Fisch erst an den Tisch, bevor er uns nach dem Grillen vorsichtig die Gr\u00e4ten entfernt. Drau\u00dfen h\u00f6rt man die Wellen brechen, w\u00e4hrend die Teller noch dampfen. Der Fisch ist hier so frisch, dass er noch nach Salz riecht; Einfachheit ist das Geheimnis der portugiesischen K\u00fcche. Ein Teller gegrillte Dourada, etwas Zitrone und ein Glas Vinho Verde - das ist alles, was der Tag braucht.<\/p>\n\n\n\n<p>S\u00fc\u00dfigkeiten gibt es in jeder B\u00e4ckerei, aber die ber\u00fchmteste Versuchung bleibt die <strong>Pastel de Nata<\/strong>: warm, knusprig und mit weicher Vanillecreme gef\u00fcllt. Ruben erkl\u00e4rt, dass diese Liebe zu Eiern und Zucker aus den Kl\u00f6stern stammt. Vor Jahrhunderten benutzten M\u00f6nche und Nonnen das Eiwei\u00df, um W\u00e4nde zu streichen oder Kleidung zu versteifen; aus dem \u00fcbrig gebliebenen Eigelb machten sie Desserts. Deshalb schmecken portugiesische K\u00f6stlichkeiten nach Sonne, Zucker und Geschichte.<\/p>\n\n\n\n<h2 class=\"wp-block-heading\"><strong>Schloss - Das Fahrrad als Schl\u00fcssel zu Portugal<\/strong><\/h2>\n\n\n\n<p>An Portugals Atlantikk\u00fcste ist nicht Geschwindigkeit gefragt, sondern Aufmerksamkeit. Wir fahren hier nicht, um etwas zu leisten, sondern um zu beobachten. Um zu h\u00f6ren, wie das Meer atmet, um zu sp\u00fcren, wie sich der Sand bewegt, um den Geschichten eines F\u00fchrers zu lauschen, der das Land wie seine eigene Hand kennt.<\/p>\n\n\n\n<p>Ruben nennt Portugal ein Freilichtmuseum - von W\u00e4ldern mit D\u00fcnen bis zu D\u00f6rfern, die vom Meer leben. Und er hat Recht. Bei einer Radtour entlang dieser K\u00fcste entdecken wir ein Land, das ebenso hart wie weich ist, geformt von Wind, Wasser und Willen. Portugal ist Kunst, sagt die Kampagne der Tourismusagentur. Doch wer die K\u00fcste entlang radelt, entdeckt: Portugal ist auch Rhythmus. Und Atem. Und der Geruch von Harz und Meer.<\/p>\n\n\n\n<h3 class=\"wp-block-heading\"><strong>Praktisch<\/strong><\/h3>\n\n\n\n<p>Die beste Reisezeit f\u00fcr diese Region ist: April - Juni oder September - November.<br>In den Sommermonaten kann es an der K\u00fcste zu hei\u00df werden, um bequem Rad zu fahren.<br>Die Etappen sind \u00fcberschaubar: 50-65 km pro Tag, 200-500 H\u00f6henmeter.<\/p>\n\n\n\n<h3 class=\"wp-block-heading\"><strong>Routen in Zentralportugal<\/strong><\/h3>\n\n\n\n<p>F\u00fcr diejenigen, die selbst an der Atlantikk\u00fcste Zentralportugals entlang radeln wollen, finden Sie unten sowohl den urspr\u00fcnglichen Routenplan als auch die Etappen, die wir tats\u00e4chlich gefahren sind, einschlie\u00dflich einiger Schotterabschnitte und Umwege, die die Landschaft noch besser zur Geltung bringen.<\/p>\n\n\n\n<p><strong>Originelle Routenplanung:<\/strong><\/p>\n\n\n\n<ol class=\"wp-block-list\">\n<li><a href=\"https:\/\/www.komoot.com\/nl-nl\/tour\/2582025015?share_token=afWB3oXH1J4mQz4TtLfo1yNRcdrhDeao1d7BfW40CCyT6idBDt&amp;ref=wtd\">Route 1: Porto \u2192 Praia de Mira<\/a><\/li>\n\n\n\n<li><a href=\"https:\/\/www.komoot.com\/nl-nl\/tour\/2582026217?share_token=awKUK7YS566XCjfd9X7MxuBeJMax64BqvotLy3J2fiiqLWHKN8&amp;ref=wtd\">Route 2: Praia de Mira \u2192 S\u00e3o Pedro de Moel<\/a><\/li>\n\n\n\n<li><a href=\"https:\/\/www.komoot.com\/nl-nl\/tour\/2582027357?share_token=aGF8QDBduUrn1fowJyYRkg4ojMa0WdByBCdaa6rbsYUEM8LNJ9&amp;ref=wtd\">Route 3: S\u00e3o Pedro de Moel \u2192 Foz do Arelho<\/a><\/li>\n<\/ol>\n\n\n\n<p><strong>Von uns gefahrene Strecken:<br>Tag 1:<\/strong><\/p>\n\n\n\n<iframe src=\"https:\/\/www.komoot.com\/nl-nl\/tour\/2637476095\/embed?share_token=aDSVMRFXJZBfA4aj55cvEisM6cAd25Rt0xkpv67sRSMeirzHel&#038;profile=1\" width=\"100%\" height=\"600\" frameborder=\"0\" scrolling=\"no\"><\/iframe>\n\n\n\n<iframe src=\"https:\/\/www.komoot.com\/nl-nl\/tour\/2637474348\/embed?share_token=arwXXR1W6KqbH2dmttLAbpDgnB8vOd6O9tpSbUZEBt4GW1aTEb&#038;profile=1\" width=\"100%\" height=\"600\" frameborder=\"0\" scrolling=\"no\"><\/iframe>\n\n\n\n<ul class=\"wp-block-list\">\n<li><a href=\"https:\/\/www.komoot.com\/nl-nl\/tour\/2596976723?share_token=aMoJhqByPZjzoJ8sdA4qFcNigN2KGwNwxwgpFbzjV9faR3sEle&amp;ref=wtd\">Schotterweg \u00fcber den Canal da Murtosa<\/a><\/li>\n<\/ul>\n\n\n\n<p><strong>Tag 2:<\/strong><\/p>\n\n\n\n<ul class=\"wp-block-list\">\n<li><a href=\"https:\/\/www.komoot.com\/nl-nl\/tour\/2598123389?share_token=aZTdmCLeOQJh7M7OCnDdHuKflG0oaSGvbHMTFNKH729cRZHJhI&amp;ref=wtd\">Praia de Mira - Figueira da Foz<\/a><\/li>\n\n\n\n<li><a href=\"https:\/\/www.komoot.com\/nl-nl\/tour\/2598372874?share_token=avOYGRDdjUx3XDZ6hNMJ37GorCRXIKvK8SjOy8Ok2Op4r4M3Oh&amp;ref=wtd\">Figueira da Foz - Nazar\u00e9<\/a><\/li>\n\n\n\n<li><a href=\"https:\/\/www.komoot.com\/nl-nl\/tour\/2598842231?share_token=a8jeQkv1ZwDyxufRnS6Sx42ynSBEDVugrKO484vIzPrGQgmnjo&amp;ref=wtd\">Nazar\u00e9 - Schotterabschnitte in Richtung S\u00fcden<\/a><\/li>\n<\/ul>\n\n\n\n<p><strong>Tag 3:<\/strong><\/p>\n\n\n\n<ul class=\"wp-block-list\">\n<li><a href=\"https:\/\/www.komoot.com\/nl-nl\/tour\/2599820436?share_token=avDZtY5Dc3ByHTKMUJgYybeKC5zLL6okrQrrG4aU8slPJt0CsJ&amp;ref=wtd\">Schotter und r\u00f6tlich-braune Erde nach Nazar\u00e9<\/a><\/li>\n\n\n\n<li><a href=\"https:\/\/www.komoot.com\/nl-nl\/tour\/2600736507?share_token=a6J8lJQAOz2DXRHBtr1VzgHZ0oesPbijRdx1FtFJPODC9hpbpg&amp;ref=wtd\">S\u00e3o Martinho do Porto - Foz do Arelho<\/a><\/li>\n<\/ul>\n\n\n<div class=\"wp-block-latest-posts__list wp-block-advanced-posts-listing-advanced-posts-listing-block\"><style>\r\n            .grid-layout {\r\n                gap: 30px 20px !important; \r\n            }\r\n\r\n            @media (min-width: 992px) {\r\n                .grid-layout {\r\n                    grid-template-columns: repeat(3, 1fr) !important;\r\n                }\r\n            }\r\n            \r\n            \/* For very large screens *\/\r\n            @media (min-width: 1200px) {\r\n                .grid-layout {\r\n                    grid-template-columns: repeat(3, 1fr) !important;\r\n                }\r\n            }\r\n            <\/style><div class=\"wep-root\" ><div class=\"grid-layout\" ><div class=\"wep-card\">    <div class=\"wep-card-img\"><img decoding=\"async\" src=\"https:\/\/cyclingdestination.cc\/wp-content\/uploads\/2026\/04\/AdobeStock_466710788-300x200.jpeg\">        <span class=\"wep-chip\">Itali\u00eb, Liguri\u00eb, Verhalen<\/span>    <\/div><div class=\"wep-card-body\"><div class=\"wep-card-heading\">    <h4 class=\"wep-card-title\"  > <a href=\"https:\/\/cyclingdestination.cc\/de\/verhalen\/pedala-a-ponente-liguria-cycling-network-guide\">Pedala a Ponente \u2013 1.600 Kilometer Reden om het Ligurische Binnenland in te Duiken<\/a>    <\/h4>    <div class=\"meta-data\" ><p>23 April 2026 | Author: Sander<\/p>    <\/div><\/div>    <div class=\"wep-card-text\" ><p>Eindelijk een ge\u00efntegreerd fietsnetwerk dat je van de drukke Ligurische kust het binnenland in stuurt. Meer dan 30 lussen, 23 gemeenten en 40.000 hoogtemeters. En ja, de Poggio ligt om    <\/p><\/div><\/div>    <div class=\"wep-card-footer\">        <a target=\"_blank\" href=\"https:\/\/cyclingdestination.cc\/de\/verhalen\/pedala-a-ponente-liguria-cycling-network-guide\" class=\"wep-btn wep-btn-primary\">Mehr lesen<\/a>    <\/div><\/div><div class=\"wep-card\">    <div class=\"wep-card-img\"><img decoding=\"async\" src=\"https:\/\/cyclingdestination.cc\/wp-content\/uploads\/2026\/04\/Via-Verde-de-Monfrague-\u00a9-Turismo-de-Extremadura-5-300x200.jpg\">        <span class=\"wep-chip\">Extremadura, Spanje, Verhalen<\/span>    <\/div><div class=\"wep-card-body\"><div class=\"wep-card-heading\">    <h4 class=\"wep-card-title\"  > <a href=\"https:\/\/cyclingdestination.cc\/de\/verhalen\/onontdekt-extremadura-in-spanje-mag-op-de-bucketlist-voor-jouw-volgende-fietsvakantie\">Onontdekt: Extremadura in Spanje mag op de bucketlist voor jouw volgende fietsvakantie<\/a>    <\/h4>    <div class=\"meta-data\" ><p>23 April 2026 | Author: Sander<\/p>    <\/div><\/div>    <div class=\"wep-card-text\" ><p>Wie een fietsvakantie naar Spanje overweegt, komt al gauw de bekende regio\u2019s tegen. Meestal net over de grens rondom Girona, in Baskenland of juist verder naar beneden aan de kust    <\/p><\/div><\/div>    <div class=\"wep-card-footer\">        <a target=\"_blank\" href=\"https:\/\/cyclingdestination.cc\/de\/verhalen\/onontdekt-extremadura-in-spanje-mag-op-de-bucketlist-voor-jouw-volgende-fietsvakantie\" class=\"wep-btn wep-btn-primary\">Mehr lesen<\/a>    <\/div><\/div><div class=\"wep-card\">    <div class=\"wep-card-img\"><img decoding=\"async\" src=\"https:\/\/cyclingdestination.cc\/wp-content\/uploads\/2026\/04\/patrik_svedberg-biking_with_a_view-6425-2-300x200.jpg\">        <span class=\"wep-chip\">Nieuws, Verhalen, Zweden<\/span>    <\/div><div class=\"wep-card-body\"><div class=\"wep-card-heading\">    <h4 class=\"wep-card-title\"  > <a href=\"https:\/\/cyclingdestination.cc\/de\/nieuws\/vatternrundan-gravel-event-motala-zweden-2026\">V\u00e4tternrundan voegt gravel race toe in September 2026<\/a>    <\/h4>    <div class=\"meta-data\" ><p>22 April 2026 | Author: Sander<\/p>    <\/div><\/div>    <div class=\"wep-card-text\" ><p>V\u00e4tternrundan brengt voor het eerst een gravelwedstrijd uit. V\u00e4tternrundan Gravel is een 120 kilometer recreational ride op 12 september 2026 bij Motala in Zweden, met ongeveer 70 procent gravel. Inschrijving    <\/p><\/div><\/div>    <div class=\"wep-card-footer\">        <a target=\"_blank\" href=\"https:\/\/cyclingdestination.cc\/de\/nieuws\/vatternrundan-gravel-event-motala-zweden-2026\" class=\"wep-btn wep-btn-primary\">Mehr lesen<\/a>    <\/div><\/div><\/div><\/div><\/div>\n\n\n<p><\/p>","protected":false},"excerpt":{"rendered":"<p>Van Porto tot Foz do Arelho \u2013 trappen door cultuur, zilte zeelucht en geschiedenis De kust van centraal-Portugal is geen plek voor haast. Hier draait het niet om hoogtemeters of segmentrecords, maar om het ritme van de zee, de geur van hars en de verhalen van de mensen die er wonen. In drie dagen fietsen [&hellip;]<\/p>\n","protected":false},"author":21,"featured_media":24703,"comment_status":"open","ping_status":"open","sticky":false,"template":"","format":"standard","meta":{"_acf_changed":false,"iawp_total_views":180,"footnotes":""},"categories":[655,28,8],"tags":[],"class_list":["post-24646","post","type-post","status-publish","format-standard","has-post-thumbnail","hentry","category-centraal-portugal","category-portugal","category-verhalen"],"acf":[],"featured_image_url":{"thumbnail":"https:\/\/cyclingdestination.cc\/wp-content\/uploads\/2025\/10\/WhatsApp-Image-2025-09-26-at-15.35.50-4-150x150.jpeg","medium":"https:\/\/cyclingdestination.cc\/wp-content\/uploads\/2025\/10\/WhatsApp-Image-2025-09-26-at-15.35.50-4-225x300.jpeg","medium_large":"https:\/\/cyclingdestination.cc\/wp-content\/uploads\/2025\/10\/WhatsApp-Image-2025-09-26-at-15.35.50-4-768x1024.jpeg","large":"https:\/\/cyclingdestination.cc\/wp-content\/uploads\/2025\/10\/WhatsApp-Image-2025-09-26-at-15.35.50-4-768x1024.jpeg","1536x1536":"https:\/\/cyclingdestination.cc\/wp-content\/uploads\/2025\/10\/WhatsApp-Image-2025-09-26-at-15.35.50-4-1152x1536.jpeg","2048x2048":"https:\/\/cyclingdestination.cc\/wp-content\/uploads\/2025\/10\/WhatsApp-Image-2025-09-26-at-15.35.50-4.jpeg","trp-custom-language-flag":"https:\/\/cyclingdestination.cc\/wp-content\/uploads\/2025\/10\/WhatsApp-Image-2025-09-26-at-15.35.50-4-9x12.jpeg"},"post_author":"Ruth Koops van 't Jagt","assigned_categories":"Centraal-Portugal, Portugal, Verhalen","yoast_head":"<!-- This site is optimized with the Yoast SEO plugin v27.4 - https:\/\/yoast.com\/product\/yoast-seo-wordpress\/ -->\n<title>Fietsavontuur in Centraal-Portugal langs de Atlantische ziel - Cycling Destination<\/title>\n<meta name=\"description\" content=\"Fietsavontuur in Centraal-Portugal langs de Atlantische ziel\" \/>\n<meta name=\"robots\" content=\"index, follow, max-snippet:-1, max-image-preview:large, max-video-preview:-1\" \/>\n<link rel=\"canonical\" href=\"https:\/\/cyclingdestination.cc\/de\/verhalen\/portugal\/centraal-portugal\/fietsavontuur-in-centraal-portugal-langs-de-atlantische-ziel\/\" \/>\n<meta property=\"og:locale\" content=\"de_DE\" \/>\n<meta property=\"og:type\" content=\"article\" \/>\n<meta property=\"og:title\" content=\"Fietsavontuur in Centraal-Portugal langs de Atlantische ziel - Cycling Destination\" \/>\n<meta property=\"og:description\" content=\"Fietsavontuur in Centraal-Portugal langs de Atlantische ziel\" \/>\n<meta property=\"og:url\" content=\"https:\/\/cyclingdestination.cc\/de\/verhalen\/portugal\/centraal-portugal\/fietsavontuur-in-centraal-portugal-langs-de-atlantische-ziel\/\" \/>\n<meta property=\"og:site_name\" content=\"Cycling Destination\" \/>\n<meta property=\"article:publisher\" content=\"https:\/\/www.facebook.com\/cyclingdestination.cc\" \/>\n<meta property=\"article:published_time\" content=\"2025-10-16T14:37:41+00:00\" \/>\n<meta property=\"article:modified_time\" content=\"2025-10-18T15:56:45+00:00\" \/>\n<meta property=\"og:image\" content=\"https:\/\/cyclingdestination.cc\/wp-content\/uploads\/2025\/10\/WhatsApp-Image-2025-09-26-at-15.35.50-4.jpeg\" \/>\n\t<meta property=\"og:image:width\" content=\"1440\" \/>\n\t<meta property=\"og:image:height\" content=\"1920\" \/>\n\t<meta property=\"og:image:type\" content=\"image\/jpeg\" \/>\n<meta name=\"author\" content=\"Ruth Koops van &#039;t Jagt\" \/>\n<meta name=\"twitter:card\" content=\"summary_large_image\" \/>\n<meta name=\"twitter:creator\" content=\"@cyclingdestin\" \/>\n<meta name=\"twitter:site\" content=\"@cyclingdestin\" \/>\n<meta name=\"twitter:label1\" content=\"Verfasst von\" \/>\n\t<meta name=\"twitter:data1\" content=\"Ruth Koops van &#039;t Jagt\" \/>\n\t<meta name=\"twitter:label2\" content=\"Gesch\u00e4tzte Lesezeit\" \/>\n\t<meta name=\"twitter:data2\" content=\"12\u00a0Minuten\" \/>\n<script type=\"application\/ld+json\" class=\"yoast-schema-graph\">{\"@context\":\"https:\\\/\\\/schema.org\",\"@graph\":[{\"@type\":\"Article\",\"@id\":\"https:\\\/\\\/cyclingdestination.cc\\\/verhalen\\\/portugal\\\/centraal-portugal\\\/fietsavontuur-in-centraal-portugal-langs-de-atlantische-ziel#article\",\"isPartOf\":{\"@id\":\"https:\\\/\\\/cyclingdestination.cc\\\/verhalen\\\/portugal\\\/centraal-portugal\\\/fietsavontuur-in-centraal-portugal-langs-de-atlantische-ziel\"},\"author\":{\"name\":\"Ruth Koops van 't Jagt\",\"@id\":\"https:\\\/\\\/cyclingdestination.cc\\\/#\\\/schema\\\/person\\\/7885b8d61569e9023248fe9127bfffc6\"},\"headline\":\"Fietsavontuur in Centraal-Portugal langs de Atlantische ziel\",\"datePublished\":\"2025-10-16T14:37:41+00:00\",\"dateModified\":\"2025-10-18T15:56:45+00:00\",\"mainEntityOfPage\":{\"@id\":\"https:\\\/\\\/cyclingdestination.cc\\\/verhalen\\\/portugal\\\/centraal-portugal\\\/fietsavontuur-in-centraal-portugal-langs-de-atlantische-ziel\"},\"wordCount\":1549,\"commentCount\":0,\"publisher\":{\"@id\":\"https:\\\/\\\/cyclingdestination.cc\\\/#organization\"},\"image\":{\"@id\":\"https:\\\/\\\/cyclingdestination.cc\\\/verhalen\\\/portugal\\\/centraal-portugal\\\/fietsavontuur-in-centraal-portugal-langs-de-atlantische-ziel#primaryimage\"},\"thumbnailUrl\":\"https:\\\/\\\/cyclingdestination.cc\\\/wp-content\\\/uploads\\\/2025\\\/10\\\/WhatsApp-Image-2025-09-26-at-15.35.50-4.jpeg\",\"articleSection\":[\"Centraal-Portugal\",\"Portugal\",\"Verhalen\"],\"inLanguage\":\"de\",\"potentialAction\":[{\"@type\":\"CommentAction\",\"name\":\"Comment\",\"target\":[\"https:\\\/\\\/cyclingdestination.cc\\\/verhalen\\\/portugal\\\/centraal-portugal\\\/fietsavontuur-in-centraal-portugal-langs-de-atlantische-ziel#respond\"]}]},{\"@type\":\"WebPage\",\"@id\":\"https:\\\/\\\/cyclingdestination.cc\\\/verhalen\\\/portugal\\\/centraal-portugal\\\/fietsavontuur-in-centraal-portugal-langs-de-atlantische-ziel\",\"url\":\"https:\\\/\\\/cyclingdestination.cc\\\/verhalen\\\/portugal\\\/centraal-portugal\\\/fietsavontuur-in-centraal-portugal-langs-de-atlantische-ziel\",\"name\":\"Fietsavontuur in Centraal-Portugal langs de Atlantische ziel - Cycling Destination\",\"isPartOf\":{\"@id\":\"https:\\\/\\\/cyclingdestination.cc\\\/#website\"},\"primaryImageOfPage\":{\"@id\":\"https:\\\/\\\/cyclingdestination.cc\\\/verhalen\\\/portugal\\\/centraal-portugal\\\/fietsavontuur-in-centraal-portugal-langs-de-atlantische-ziel#primaryimage\"},\"image\":{\"@id\":\"https:\\\/\\\/cyclingdestination.cc\\\/verhalen\\\/portugal\\\/centraal-portugal\\\/fietsavontuur-in-centraal-portugal-langs-de-atlantische-ziel#primaryimage\"},\"thumbnailUrl\":\"https:\\\/\\\/cyclingdestination.cc\\\/wp-content\\\/uploads\\\/2025\\\/10\\\/WhatsApp-Image-2025-09-26-at-15.35.50-4.jpeg\",\"datePublished\":\"2025-10-16T14:37:41+00:00\",\"dateModified\":\"2025-10-18T15:56:45+00:00\",\"description\":\"Fietsavontuur in Centraal-Portugal langs de Atlantische ziel\",\"breadcrumb\":{\"@id\":\"https:\\\/\\\/cyclingdestination.cc\\\/verhalen\\\/portugal\\\/centraal-portugal\\\/fietsavontuur-in-centraal-portugal-langs-de-atlantische-ziel#breadcrumb\"},\"inLanguage\":\"de\",\"potentialAction\":[{\"@type\":\"ReadAction\",\"target\":[\"https:\\\/\\\/cyclingdestination.cc\\\/verhalen\\\/portugal\\\/centraal-portugal\\\/fietsavontuur-in-centraal-portugal-langs-de-atlantische-ziel\"]}]},{\"@type\":\"ImageObject\",\"inLanguage\":\"de\",\"@id\":\"https:\\\/\\\/cyclingdestination.cc\\\/verhalen\\\/portugal\\\/centraal-portugal\\\/fietsavontuur-in-centraal-portugal-langs-de-atlantische-ziel#primaryimage\",\"url\":\"https:\\\/\\\/cyclingdestination.cc\\\/wp-content\\\/uploads\\\/2025\\\/10\\\/WhatsApp-Image-2025-09-26-at-15.35.50-4.jpeg\",\"contentUrl\":\"https:\\\/\\\/cyclingdestination.cc\\\/wp-content\\\/uploads\\\/2025\\\/10\\\/WhatsApp-Image-2025-09-26-at-15.35.50-4.jpeg\",\"width\":1440,\"height\":1920},{\"@type\":\"BreadcrumbList\",\"@id\":\"https:\\\/\\\/cyclingdestination.cc\\\/verhalen\\\/portugal\\\/centraal-portugal\\\/fietsavontuur-in-centraal-portugal-langs-de-atlantische-ziel#breadcrumb\",\"itemListElement\":[{\"@type\":\"ListItem\",\"position\":1,\"name\":\"Home\",\"item\":\"https:\\\/\\\/cyclingdestination.cc\\\/\"},{\"@type\":\"ListItem\",\"position\":2,\"name\":\"Fietsavontuur in Centraal-Portugal langs de Atlantische ziel\"}]},{\"@type\":\"WebSite\",\"@id\":\"https:\\\/\\\/cyclingdestination.cc\\\/#website\",\"url\":\"https:\\\/\\\/cyclingdestination.cc\\\/\",\"name\":\"Cycling Destination\",\"description\":\"Inspiratie voor jouw volgende fietsavontuur\",\"publisher\":{\"@id\":\"https:\\\/\\\/cyclingdestination.cc\\\/#organization\"},\"potentialAction\":[{\"@type\":\"SearchAction\",\"target\":{\"@type\":\"EntryPoint\",\"urlTemplate\":\"https:\\\/\\\/cyclingdestination.cc\\\/?s={search_term_string}\"},\"query-input\":{\"@type\":\"PropertyValueSpecification\",\"valueRequired\":true,\"valueName\":\"search_term_string\"}}],\"inLanguage\":\"de\"},{\"@type\":\"Organization\",\"@id\":\"https:\\\/\\\/cyclingdestination.cc\\\/#organization\",\"name\":\"Cycling Destination\",\"url\":\"https:\\\/\\\/cyclingdestination.cc\\\/\",\"logo\":{\"@type\":\"ImageObject\",\"inLanguage\":\"de\",\"@id\":\"https:\\\/\\\/cyclingdestination.cc\\\/#\\\/schema\\\/logo\\\/image\\\/\",\"url\":\"https:\\\/\\\/cyclingdestination.cc\\\/wp-content\\\/uploads\\\/2022\\\/01\\\/cyclingdestination_logo_RGB_zwart_vDEF-1.png\",\"contentUrl\":\"https:\\\/\\\/cyclingdestination.cc\\\/wp-content\\\/uploads\\\/2022\\\/01\\\/cyclingdestination_logo_RGB_zwart_vDEF-1.png\",\"width\":2550,\"height\":814,\"caption\":\"Cycling Destination\"},\"image\":{\"@id\":\"https:\\\/\\\/cyclingdestination.cc\\\/#\\\/schema\\\/logo\\\/image\\\/\"},\"sameAs\":[\"https:\\\/\\\/www.facebook.com\\\/cyclingdestination.cc\",\"https:\\\/\\\/x.com\\\/cyclingdestin\",\"https:\\\/\\\/www.instagram.com\\\/cyclingdestination.cc\\\/\"]},{\"@type\":\"Person\",\"@id\":\"https:\\\/\\\/cyclingdestination.cc\\\/#\\\/schema\\\/person\\\/7885b8d61569e9023248fe9127bfffc6\",\"name\":\"Ruth Koops van 't Jagt\",\"url\":\"https:\\\/\\\/cyclingdestination.cc\\\/de\\\/author\\\/ruth\"}]}<\/script>\n<!-- \/ Yoast SEO plugin. -->","yoast_head_json":{"title":"Fahrradabenteuer in Zentralportugal entlang der atlantischen Seele - Cycling Destination","description":"Fahrradabenteuer in Zentralportugal entlang der atlantischen Seele","robots":{"index":"index","follow":"follow","max-snippet":"max-snippet:-1","max-image-preview":"max-image-preview:large","max-video-preview":"max-video-preview:-1"},"canonical":"https:\/\/cyclingdestination.cc\/de\/verhalen\/portugal\/centraal-portugal\/fietsavontuur-in-centraal-portugal-langs-de-atlantische-ziel\/","og_locale":"de_DE","og_type":"article","og_title":"Fietsavontuur in Centraal-Portugal langs de Atlantische ziel - Cycling Destination","og_description":"Fietsavontuur in Centraal-Portugal langs de Atlantische ziel","og_url":"https:\/\/cyclingdestination.cc\/de\/verhalen\/portugal\/centraal-portugal\/fietsavontuur-in-centraal-portugal-langs-de-atlantische-ziel\/","og_site_name":"Cycling Destination","article_publisher":"https:\/\/www.facebook.com\/cyclingdestination.cc","article_published_time":"2025-10-16T14:37:41+00:00","article_modified_time":"2025-10-18T15:56:45+00:00","og_image":[{"width":1440,"height":1920,"url":"https:\/\/cyclingdestination.cc\/wp-content\/uploads\/2025\/10\/WhatsApp-Image-2025-09-26-at-15.35.50-4.jpeg","type":"image\/jpeg"}],"author":"Ruth Koops van 't Jagt","twitter_card":"summary_large_image","twitter_creator":"@cyclingdestin","twitter_site":"@cyclingdestin","twitter_misc":{"Verfasst von":"Ruth Koops van 't Jagt","Gesch\u00e4tzte Lesezeit":"12\u00a0Minuten"},"schema":{"@context":"https:\/\/schema.org","@graph":[{"@type":"Article","@id":"https:\/\/cyclingdestination.cc\/verhalen\/portugal\/centraal-portugal\/fietsavontuur-in-centraal-portugal-langs-de-atlantische-ziel#article","isPartOf":{"@id":"https:\/\/cyclingdestination.cc\/verhalen\/portugal\/centraal-portugal\/fietsavontuur-in-centraal-portugal-langs-de-atlantische-ziel"},"author":{"name":"Ruth Koops van 't Jagt","@id":"https:\/\/cyclingdestination.cc\/#\/schema\/person\/7885b8d61569e9023248fe9127bfffc6"},"headline":"Fietsavontuur in Centraal-Portugal langs de Atlantische ziel","datePublished":"2025-10-16T14:37:41+00:00","dateModified":"2025-10-18T15:56:45+00:00","mainEntityOfPage":{"@id":"https:\/\/cyclingdestination.cc\/verhalen\/portugal\/centraal-portugal\/fietsavontuur-in-centraal-portugal-langs-de-atlantische-ziel"},"wordCount":1549,"commentCount":0,"publisher":{"@id":"https:\/\/cyclingdestination.cc\/#organization"},"image":{"@id":"https:\/\/cyclingdestination.cc\/verhalen\/portugal\/centraal-portugal\/fietsavontuur-in-centraal-portugal-langs-de-atlantische-ziel#primaryimage"},"thumbnailUrl":"https:\/\/cyclingdestination.cc\/wp-content\/uploads\/2025\/10\/WhatsApp-Image-2025-09-26-at-15.35.50-4.jpeg","articleSection":["Centraal-Portugal","Portugal","Verhalen"],"inLanguage":"de","potentialAction":[{"@type":"CommentAction","name":"Comment","target":["https:\/\/cyclingdestination.cc\/verhalen\/portugal\/centraal-portugal\/fietsavontuur-in-centraal-portugal-langs-de-atlantische-ziel#respond"]}]},{"@type":"WebPage","@id":"https:\/\/cyclingdestination.cc\/verhalen\/portugal\/centraal-portugal\/fietsavontuur-in-centraal-portugal-langs-de-atlantische-ziel","url":"https:\/\/cyclingdestination.cc\/verhalen\/portugal\/centraal-portugal\/fietsavontuur-in-centraal-portugal-langs-de-atlantische-ziel","name":"Fahrradabenteuer in Zentralportugal entlang der atlantischen Seele - Cycling Destination","isPartOf":{"@id":"https:\/\/cyclingdestination.cc\/#website"},"primaryImageOfPage":{"@id":"https:\/\/cyclingdestination.cc\/verhalen\/portugal\/centraal-portugal\/fietsavontuur-in-centraal-portugal-langs-de-atlantische-ziel#primaryimage"},"image":{"@id":"https:\/\/cyclingdestination.cc\/verhalen\/portugal\/centraal-portugal\/fietsavontuur-in-centraal-portugal-langs-de-atlantische-ziel#primaryimage"},"thumbnailUrl":"https:\/\/cyclingdestination.cc\/wp-content\/uploads\/2025\/10\/WhatsApp-Image-2025-09-26-at-15.35.50-4.jpeg","datePublished":"2025-10-16T14:37:41+00:00","dateModified":"2025-10-18T15:56:45+00:00","description":"Fahrradabenteuer in Zentralportugal entlang der atlantischen Seele","breadcrumb":{"@id":"https:\/\/cyclingdestination.cc\/verhalen\/portugal\/centraal-portugal\/fietsavontuur-in-centraal-portugal-langs-de-atlantische-ziel#breadcrumb"},"inLanguage":"de","potentialAction":[{"@type":"ReadAction","target":["https:\/\/cyclingdestination.cc\/verhalen\/portugal\/centraal-portugal\/fietsavontuur-in-centraal-portugal-langs-de-atlantische-ziel"]}]},{"@type":"ImageObject","inLanguage":"de","@id":"https:\/\/cyclingdestination.cc\/verhalen\/portugal\/centraal-portugal\/fietsavontuur-in-centraal-portugal-langs-de-atlantische-ziel#primaryimage","url":"https:\/\/cyclingdestination.cc\/wp-content\/uploads\/2025\/10\/WhatsApp-Image-2025-09-26-at-15.35.50-4.jpeg","contentUrl":"https:\/\/cyclingdestination.cc\/wp-content\/uploads\/2025\/10\/WhatsApp-Image-2025-09-26-at-15.35.50-4.jpeg","width":1440,"height":1920},{"@type":"BreadcrumbList","@id":"https:\/\/cyclingdestination.cc\/verhalen\/portugal\/centraal-portugal\/fietsavontuur-in-centraal-portugal-langs-de-atlantische-ziel#breadcrumb","itemListElement":[{"@type":"ListItem","position":1,"name":"Home","item":"https:\/\/cyclingdestination.cc\/"},{"@type":"ListItem","position":2,"name":"Fietsavontuur in Centraal-Portugal langs de Atlantische ziel"}]},{"@type":"WebSite","@id":"https:\/\/cyclingdestination.cc\/#website","url":"https:\/\/cyclingdestination.cc\/","name":"Ziel Radfahren","description":"Inspiration f\u00fcr Ihr n\u00e4chstes Fahrradabenteuer","publisher":{"@id":"https:\/\/cyclingdestination.cc\/#organization"},"potentialAction":[{"@type":"SearchAction","target":{"@type":"EntryPoint","urlTemplate":"https:\/\/cyclingdestination.cc\/?s={search_term_string}"},"query-input":{"@type":"PropertyValueSpecification","valueRequired":true,"valueName":"search_term_string"}}],"inLanguage":"de"},{"@type":"Organization","@id":"https:\/\/cyclingdestination.cc\/#organization","name":"Ziel Radfahren","url":"https:\/\/cyclingdestination.cc\/","logo":{"@type":"ImageObject","inLanguage":"de","@id":"https:\/\/cyclingdestination.cc\/#\/schema\/logo\/image\/","url":"https:\/\/cyclingdestination.cc\/wp-content\/uploads\/2022\/01\/cyclingdestination_logo_RGB_zwart_vDEF-1.png","contentUrl":"https:\/\/cyclingdestination.cc\/wp-content\/uploads\/2022\/01\/cyclingdestination_logo_RGB_zwart_vDEF-1.png","width":2550,"height":814,"caption":"Cycling Destination"},"image":{"@id":"https:\/\/cyclingdestination.cc\/#\/schema\/logo\/image\/"},"sameAs":["https:\/\/www.facebook.com\/cyclingdestination.cc","https:\/\/x.com\/cyclingdestin","https:\/\/www.instagram.com\/cyclingdestination.cc\/"]},{"@type":"Person","@id":"https:\/\/cyclingdestination.cc\/#\/schema\/person\/7885b8d61569e9023248fe9127bfffc6","name":"Ruth Koops van 't Jagt","url":"https:\/\/cyclingdestination.cc\/de\/author\/ruth"}]}},"_links":{"self":[{"href":"https:\/\/cyclingdestination.cc\/de\/wp-json\/wp\/v2\/posts\/24646","targetHints":{"allow":["GET"]}}],"collection":[{"href":"https:\/\/cyclingdestination.cc\/de\/wp-json\/wp\/v2\/posts"}],"about":[{"href":"https:\/\/cyclingdestination.cc\/de\/wp-json\/wp\/v2\/types\/post"}],"author":[{"embeddable":true,"href":"https:\/\/cyclingdestination.cc\/de\/wp-json\/wp\/v2\/users\/21"}],"replies":[{"embeddable":true,"href":"https:\/\/cyclingdestination.cc\/de\/wp-json\/wp\/v2\/comments?post=24646"}],"version-history":[{"count":11,"href":"https:\/\/cyclingdestination.cc\/de\/wp-json\/wp\/v2\/posts\/24646\/revisions"}],"predecessor-version":[{"id":24734,"href":"https:\/\/cyclingdestination.cc\/de\/wp-json\/wp\/v2\/posts\/24646\/revisions\/24734"}],"wp:featuredmedia":[{"embeddable":true,"href":"https:\/\/cyclingdestination.cc\/de\/wp-json\/wp\/v2\/media\/24703"}],"wp:attachment":[{"href":"https:\/\/cyclingdestination.cc\/de\/wp-json\/wp\/v2\/media?parent=24646"}],"wp:term":[{"taxonomy":"category","embeddable":true,"href":"https:\/\/cyclingdestination.cc\/de\/wp-json\/wp\/v2\/categories?post=24646"},{"taxonomy":"post_tag","embeddable":true,"href":"https:\/\/cyclingdestination.cc\/de\/wp-json\/wp\/v2\/tags?post=24646"}],"curies":[{"name":"wp","href":"https:\/\/api.w.org\/{rel}","templated":true}]}}