{"id":25607,"date":"2026-01-12T14:05:26","date_gmt":"2026-01-12T13:05:26","guid":{"rendered":"https:\/\/cyclingdestination.cc\/?p=25607"},"modified":"2026-01-12T14:36:33","modified_gmt":"2026-01-12T13:36:33","slug":"landal-de-vers-jouw-uitvalsbasis-voor-gravel-in-noord-brabant-en-noord-limburg","status":"publish","type":"post","link":"https:\/\/cyclingdestination.cc\/de\/verhalen\/nederland\/noord-brabant\/landal-de-vers-jouw-uitvalsbasis-voor-gravel-in-noord-brabant-en-noord-limburg","title":{"rendered":"Landal De Vers: Ihr Ausgangspunkt f\u00fcr Schotter in Nordbrabant und Nordlimburg"},"content":{"rendered":"<p>Nord-Limburg. Das Land von Schotter und Sand. Zumindest, wenn man der Website der Nordlimburger Schotter-Radrouten Glauben schenken darf. Schlie\u00dflich hei\u00dft es \u2018Land of Gravel and Sand\u2019 (Land von Kies und Sand). Dass der Titel mit der Realit\u00e4t \u00fcbereinstimmt, finden wir auch. Es gibt dort wundersch\u00f6ne Routen durch die Sand- und Kiesgruben. Bei unserem j\u00fcngsten Besuch in <a href=\"https:\/\/tc.tradetracker.net\/?c=20132&amp;m=12&amp;a=470723&amp;r=PRtripCyclingDestination&amp;u=%2Fparken%2Fde-vers%23filter%3AeyJzIjoiMyJ9\">Landal De Vers<\/a> haben wir eine dieser Routen getestet und sind zu einem erstaunlichen Ergebnis gekommen. Nicht nur die Routen im Norden Limburgs sind zum Anbei\u00dfen. Auch die Schotterrouten im \u00f6stlichen Teil von Noord-Brabant sind das, wof\u00fcr Sie gerne nach Overloon kommen werden!<\/p>\n\n\n\n<figure class=\"wp-block-gallery has-nested-images columns-default is-cropped wp-block-gallery-1 is-layout-flex wp-block-gallery-is-layout-flex\">\n<figure class=\"wp-block-image size-large\"><img fetchpriority=\"high\" decoding=\"async\" width=\"1024\" height=\"771\" data-id=\"25833\" src=\"https:\/\/cyclingdestination.cc\/wp-content\/uploads\/2026\/01\/PXL_20251128_1409542952-1024x771.jpg\" alt=\"Routen Brabant, Brabant, Radfahren, Sander Kolsloot\" class=\"wp-image-25833\" srcset=\"https:\/\/cyclingdestination.cc\/wp-content\/uploads\/2026\/01\/PXL_20251128_1409542952-1024x771.jpg 1024w, https:\/\/cyclingdestination.cc\/wp-content\/uploads\/2026\/01\/PXL_20251128_1409542952-300x226.jpg 300w, https:\/\/cyclingdestination.cc\/wp-content\/uploads\/2026\/01\/PXL_20251128_1409542952-768x578.jpg 768w, https:\/\/cyclingdestination.cc\/wp-content\/uploads\/2026\/01\/PXL_20251128_1409542952-1536x1157.jpg 1536w, https:\/\/cyclingdestination.cc\/wp-content\/uploads\/2026\/01\/PXL_20251128_1409542952-16x12.jpg 16w, https:\/\/cyclingdestination.cc\/wp-content\/uploads\/2026\/01\/PXL_20251128_1409542952.jpg 1920w\" sizes=\"(max-width: 1024px) 100vw, 1024px\" \/><figcaption class=\"wp-element-caption\">Das ist der Ort, an dem Sie sein m\u00fcssen! (c) Thomas Bogaard<\/figcaption><\/figure>\n<\/figure>\n\n\n\n<a href=\"https:\/\/tc.tradetracker.net\/?c=20132&#038;m=2295086&#038;a=470723&#038;r=&#038;u=\" target=\"_blank\" rel=\"sponsored nofollow\"><img decoding=\"async\" src=\"https:\/\/ti.tradetracker.net\/?c=20132&#038;m=2295086&#038;a=470723&#038;r=&#038;t=html\" width=\"728\" height=\"90\" border=\"0\" alt=\"\" \/><\/a>\n\n\n\n<h3 class=\"wp-block-heading\">Brabanter Schotter mit 66 Kilometern Off-Road-Spa\u00df<\/h3>\n\n\n\n<p>Als wir das Auto am Freitag unseres Wochenendes fahren <a href=\"https:\/\/tc.tradetracker.net\/?c=20132&amp;m=12&amp;a=470723&amp;r=CyclingDestination&amp;u=%2Fparken%2Fde-vers\">der Park<\/a> senden, f\u00e4llt uns sofort etwas auf: Wir befinden uns mitten im Wald. Das bedeutet, dass man in k\u00fcrzester Zeit auf unbefestigten Wegen unterwegs sein kann. Das verhei\u00dft Gutes. Auch unsere Unterkunft, etwas weiter oben im Park, verspricht viel: Mit einem Grill, viel Platz und einem Schuppen zum Unterstellen der Fahrr\u00e4der k\u00f6nnen wir uns hier austoben. <\/p>\n\n\n\n<p>Wir packen die R\u00e4der aus, machen uns bereit und Thomas (von The Cycling Code) und ich machen uns auf den Weg. Vor uns liegt eine 66 km lange Strecke \u00fcber die ungepflasterten Wege des Brabanter Landes. Das sollte etwas werden! Die Route f\u00fchrt uns aus dem Park heraus und innerhalb weniger hundert Meter in den Wald und aufs Land. Endlose Schotterwege, sogar mit Schotter\u00fcberg\u00e4ngen, fallen uns in den Scho\u00df. Wir kommen beide aus der Randstad und dort sieht man so etwas einfach nicht. Zugegeben, einige Wege waren ziemlich sumpfig (es war Ende November), und man musste sich ganz sch\u00f6n durch den Schlamm pfl\u00fcgen. Aber das macht nichts, es waren ja nur ein paar Kilometer insgesamt. <\/p>\n\n\n\n<figure class=\"wp-block-gallery has-nested-images columns-default is-cropped wp-block-gallery-2 is-layout-flex wp-block-gallery-is-layout-flex\">\n<figure class=\"wp-block-image size-large\"><img decoding=\"async\" width=\"771\" height=\"1024\" data-id=\"25615\" src=\"https:\/\/cyclingdestination.cc\/wp-content\/uploads\/2025\/12\/PXL_20251128_1214240062-771x1024.jpg\" alt=\"Schotter, Nordbrabant, Schotterweg, Sander Kolsloot\" class=\"wp-image-25615\" srcset=\"https:\/\/cyclingdestination.cc\/wp-content\/uploads\/2025\/12\/PXL_20251128_1214240062-771x1024.jpg 771w, https:\/\/cyclingdestination.cc\/wp-content\/uploads\/2025\/12\/PXL_20251128_1214240062-226x300.jpg 226w, https:\/\/cyclingdestination.cc\/wp-content\/uploads\/2025\/12\/PXL_20251128_1214240062-768x1020.jpg 768w, https:\/\/cyclingdestination.cc\/wp-content\/uploads\/2025\/12\/PXL_20251128_1214240062-1157x1536.jpg 1157w, https:\/\/cyclingdestination.cc\/wp-content\/uploads\/2025\/12\/PXL_20251128_1214240062-9x12.jpg 9w, https:\/\/cyclingdestination.cc\/wp-content\/uploads\/2025\/12\/PXL_20251128_1214240062.jpg 1446w\" sizes=\"(max-width: 771px) 100vw, 771px\" \/><\/figure>\n\n\n\n<figure class=\"wp-block-image size-large\"><img loading=\"lazy\" decoding=\"async\" width=\"771\" height=\"1024\" data-id=\"25611\" src=\"https:\/\/cyclingdestination.cc\/wp-content\/uploads\/2025\/12\/PXL_20251128_1329187082-771x1024.jpg\" alt=\"Sander Kolsloot, Brabant, mehr\" class=\"wp-image-25611\" srcset=\"https:\/\/cyclingdestination.cc\/wp-content\/uploads\/2025\/12\/PXL_20251128_1329187082-771x1024.jpg 771w, https:\/\/cyclingdestination.cc\/wp-content\/uploads\/2025\/12\/PXL_20251128_1329187082-226x300.jpg 226w, https:\/\/cyclingdestination.cc\/wp-content\/uploads\/2025\/12\/PXL_20251128_1329187082-768x1020.jpg 768w, https:\/\/cyclingdestination.cc\/wp-content\/uploads\/2025\/12\/PXL_20251128_1329187082-1157x1536.jpg 1157w, https:\/\/cyclingdestination.cc\/wp-content\/uploads\/2025\/12\/PXL_20251128_1329187082-9x12.jpg 9w, https:\/\/cyclingdestination.cc\/wp-content\/uploads\/2025\/12\/PXL_20251128_1329187082.jpg 1446w\" sizes=\"(max-width: 771px) 100vw, 771px\" \/><\/figure>\n\n\n\n<figure class=\"wp-block-image size-large\"><img loading=\"lazy\" decoding=\"async\" width=\"771\" height=\"1024\" data-id=\"25608\" src=\"https:\/\/cyclingdestination.cc\/wp-content\/uploads\/2025\/12\/PXL_20251128_1333001312-771x1024.jpg\" alt=\"Sander Kolsloot, Brabant, Schotterroute\" class=\"wp-image-25608\" srcset=\"https:\/\/cyclingdestination.cc\/wp-content\/uploads\/2025\/12\/PXL_20251128_1333001312-771x1024.jpg 771w, https:\/\/cyclingdestination.cc\/wp-content\/uploads\/2025\/12\/PXL_20251128_1333001312-226x300.jpg 226w, https:\/\/cyclingdestination.cc\/wp-content\/uploads\/2025\/12\/PXL_20251128_1333001312-768x1020.jpg 768w, https:\/\/cyclingdestination.cc\/wp-content\/uploads\/2025\/12\/PXL_20251128_1333001312-1157x1536.jpg 1157w, https:\/\/cyclingdestination.cc\/wp-content\/uploads\/2025\/12\/PXL_20251128_1333001312-9x12.jpg 9w, https:\/\/cyclingdestination.cc\/wp-content\/uploads\/2025\/12\/PXL_20251128_1333001312.jpg 1446w\" sizes=\"(max-width: 771px) 100vw, 771px\" \/><\/figure>\n<\/figure>\n\n\n\n<p>Die Route beginnt also in De Vers und man taucht zuerst durch die Helderse Duinen. Ich muss sagen, dass man auf der Route nicht viel davon sieht, aber es ist eine sch\u00f6ne Schotterstrecke. Dann geht es \u00fcber Zwartwater und den dort verlaufenden Umleitungskanal in Richtung der W\u00e4lder von Sint Anthonis. Das ist wirklich das reinste Vergn\u00fcgen. Wir machen eine Art Schleife durch den ganzen Wald dort, was uns ein breites L\u00e4cheln ins Gesicht zaubert. Wenig sp\u00e4ter kommen wir am Strandbad \u2018De Bergen\u2019 vorbei. Dort erwischen wir uns kurz auf der dortigen Mini-Motorradbahn. Der Besitzer korrigiert uns schnell: das ist nicht die Absicht! Wir haben gelacht.<\/p>\n\n\n\n<figure class=\"wp-block-gallery has-nested-images columns-default is-cropped wp-block-gallery-3 is-layout-flex wp-block-gallery-is-layout-flex\">\n<figure class=\"wp-block-image size-large\"><img loading=\"lazy\" decoding=\"async\" width=\"1024\" height=\"576\" data-id=\"25842\" src=\"https:\/\/cyclingdestination.cc\/wp-content\/uploads\/2026\/01\/LandalDeVers-10-1024x576.jpg\" alt=\"Thomas Bogaard - Schotterstra\u00dfe\" class=\"wp-image-25842\" srcset=\"https:\/\/cyclingdestination.cc\/wp-content\/uploads\/2026\/01\/LandalDeVers-10-1024x576.jpg 1024w, https:\/\/cyclingdestination.cc\/wp-content\/uploads\/2026\/01\/LandalDeVers-10-300x169.jpg 300w, https:\/\/cyclingdestination.cc\/wp-content\/uploads\/2026\/01\/LandalDeVers-10-768x432.jpg 768w, https:\/\/cyclingdestination.cc\/wp-content\/uploads\/2026\/01\/LandalDeVers-10-1536x864.jpg 1536w, https:\/\/cyclingdestination.cc\/wp-content\/uploads\/2026\/01\/LandalDeVers-10-18x10.jpg 18w, https:\/\/cyclingdestination.cc\/wp-content\/uploads\/2026\/01\/LandalDeVers-10.jpg 1920w\" sizes=\"(max-width: 1024px) 100vw, 1024px\" \/><figcaption class=\"wp-element-caption\">Sch\u00f6ne Vielfalt<\/figcaption><\/figure>\n\n\n\n<figure class=\"wp-block-image size-large\"><img loading=\"lazy\" decoding=\"async\" width=\"576\" height=\"1024\" data-id=\"25839\" src=\"https:\/\/cyclingdestination.cc\/wp-content\/uploads\/2026\/01\/LandalDeVers-07-576x1024.jpg\" alt=\"\" class=\"wp-image-25839\" srcset=\"https:\/\/cyclingdestination.cc\/wp-content\/uploads\/2026\/01\/LandalDeVers-07-576x1024.jpg 576w, https:\/\/cyclingdestination.cc\/wp-content\/uploads\/2026\/01\/LandalDeVers-07-169x300.jpg 169w, https:\/\/cyclingdestination.cc\/wp-content\/uploads\/2026\/01\/LandalDeVers-07-768x1365.jpg 768w, https:\/\/cyclingdestination.cc\/wp-content\/uploads\/2026\/01\/LandalDeVers-07-864x1536.jpg 864w, https:\/\/cyclingdestination.cc\/wp-content\/uploads\/2026\/01\/LandalDeVers-07-7x12.jpg 7w, https:\/\/cyclingdestination.cc\/wp-content\/uploads\/2026\/01\/LandalDeVers-07.jpg 1080w\" sizes=\"(max-width: 576px) 100vw, 576px\" \/><\/figure>\n\n\n\n<figure class=\"wp-block-image size-large\"><img loading=\"lazy\" decoding=\"async\" width=\"576\" height=\"1024\" data-id=\"25843\" src=\"https:\/\/cyclingdestination.cc\/wp-content\/uploads\/2026\/01\/LandalDeVers-12-576x1024.jpg\" alt=\"\" class=\"wp-image-25843\" srcset=\"https:\/\/cyclingdestination.cc\/wp-content\/uploads\/2026\/01\/LandalDeVers-12-576x1024.jpg 576w, https:\/\/cyclingdestination.cc\/wp-content\/uploads\/2026\/01\/LandalDeVers-12-169x300.jpg 169w, https:\/\/cyclingdestination.cc\/wp-content\/uploads\/2026\/01\/LandalDeVers-12-768x1365.jpg 768w, https:\/\/cyclingdestination.cc\/wp-content\/uploads\/2026\/01\/LandalDeVers-12-864x1536.jpg 864w, https:\/\/cyclingdestination.cc\/wp-content\/uploads\/2026\/01\/LandalDeVers-12-7x12.jpg 7w, https:\/\/cyclingdestination.cc\/wp-content\/uploads\/2026\/01\/LandalDeVers-12.jpg 1080w\" sizes=\"(max-width: 576px) 100vw, 576px\" \/><figcaption class=\"wp-element-caption\">Breite Wege entlang des Wassers<\/figcaption><\/figure>\n\n\n\n<figure class=\"wp-block-image size-large\"><img loading=\"lazy\" decoding=\"async\" width=\"1024\" height=\"576\" data-id=\"25840\" src=\"https:\/\/cyclingdestination.cc\/wp-content\/uploads\/2026\/01\/LandalDeVers-08-1024x576.jpg\" alt=\"\" class=\"wp-image-25840\" srcset=\"https:\/\/cyclingdestination.cc\/wp-content\/uploads\/2026\/01\/LandalDeVers-08-1024x576.jpg 1024w, https:\/\/cyclingdestination.cc\/wp-content\/uploads\/2026\/01\/LandalDeVers-08-300x169.jpg 300w, https:\/\/cyclingdestination.cc\/wp-content\/uploads\/2026\/01\/LandalDeVers-08-768x432.jpg 768w, https:\/\/cyclingdestination.cc\/wp-content\/uploads\/2026\/01\/LandalDeVers-08-1536x864.jpg 1536w, https:\/\/cyclingdestination.cc\/wp-content\/uploads\/2026\/01\/LandalDeVers-08-18x10.jpg 18w, https:\/\/cyclingdestination.cc\/wp-content\/uploads\/2026\/01\/LandalDeVers-08.jpg 1920w\" sizes=\"(max-width: 1024px) 100vw, 1024px\" \/><figcaption class=\"wp-element-caption\">Die W\u00e4lder um The Fresh sind wundersch\u00f6n<\/figcaption><\/figure>\n<\/figure>\n\n\n\n<p>Dann geht's weiter Richtung Molenheide. Dort kann sich Thomas (mal wieder) nicht zur\u00fcckhalten und am kleinen See ist er ein ge\u00fcbter Crosser, aber auch einer, der den Walk of Shame machen muss. L\u00e4cheln auf allen Seiten. DAS ist auch ungef\u00e4hr die H\u00e4lfte unserer Strecke. Ein St\u00fcck weiter, am Hoge Raam, m\u00fcssen wir von unseren R\u00e4dern absteigen und die Schleppf\u00e4hre benutzen. Auch das ist ein Riesenspa\u00df, schon allein wegen der etwas instabilen F\u00e4hre. Zum Gl\u00fcck bleiben wir trocken. Von da an ist es wieder herrlich durch die landwirtschaftlichen Gebiete von Nordbrabant. Jetzt ist es \u00fcberwiegend Ackerland, nur um Hondsberg herum gibt es ein wenig Wald. Das ist nur einen Katzensprung von unserem Zielort entfernt. Die Strecke umfasst insgesamt mehr als 50% Schotter. Das ist nicht schlecht f\u00fcr die Niederlande.<\/p>\n\n\n\n<iframe src=\"https:\/\/www.komoot.com\/nl-nl\/tour\/2700274156\/embed?share_token=adgsGdzUTB5AkKwnAUTRqTLRdLw50yX3sq0W1KeYRwB379e22C&#038;profile=1\" width=\"100%\" height=\"580\" frameborder=\"0\" scrolling=\"no\"><\/iframe>\n\n\n\n<h3 class=\"wp-block-heading\">Land of Gravel and Sand - nur einen Steinwurf entfernt<\/h3>\n\n\n\n<p>Am Samstag erwartet uns eine sch\u00f6ne Herausforderung. \u00dcber 100 km Schotterstrecke in der <a href=\"https:\/\/landvangrindenzand.nl\/\">Land aus Kies und Sand<\/a>. Wir haben eine sch\u00f6ne Route von Leandra Bisschops gefunden. Routemaster Thomas Bogaard hat sie ein wenig angepasst, so dass wir eine sch\u00f6ne Fahrt vor uns haben. Wir sind zu neunt und das macht es besonders gem\u00fctlich. Es sind nicht nur eine Reihe von BEAT-Clubfahrern gekommen, sondern auch der Mann hinter <a href=\"http:\/\/www.gravelstrook.cc\">Schotterstreifen.cc<\/a> ist den ganzen Weg von Zeeland (der Provinz) f\u00fcr unsere Gesellschaftsfahrt hergekommen.<\/p>\n\n\n\n<figure class=\"wp-block-gallery has-nested-images columns-default is-cropped wp-block-gallery-4 is-layout-flex wp-block-gallery-is-layout-flex\">\n<figure class=\"wp-block-image size-large\"><img loading=\"lazy\" decoding=\"async\" width=\"1024\" height=\"576\" data-id=\"25755\" src=\"https:\/\/cyclingdestination.cc\/wp-content\/uploads\/2026\/01\/LandalDeVers-5-1024x576.jpg\" alt=\"Landal de Vers\" class=\"wp-image-25755\" srcset=\"https:\/\/cyclingdestination.cc\/wp-content\/uploads\/2026\/01\/LandalDeVers-5-1024x576.jpg 1024w, https:\/\/cyclingdestination.cc\/wp-content\/uploads\/2026\/01\/LandalDeVers-5-300x169.jpg 300w, https:\/\/cyclingdestination.cc\/wp-content\/uploads\/2026\/01\/LandalDeVers-5-768x432.jpg 768w, https:\/\/cyclingdestination.cc\/wp-content\/uploads\/2026\/01\/LandalDeVers-5-1536x864.jpg 1536w, https:\/\/cyclingdestination.cc\/wp-content\/uploads\/2026\/01\/LandalDeVers-5-18x10.jpg 18w, https:\/\/cyclingdestination.cc\/wp-content\/uploads\/2026\/01\/LandalDeVers-5.jpg 1920w\" sizes=\"(max-width: 1024px) 100vw, 1024px\" \/><figcaption class=\"wp-element-caption\">Wir sind zu neunt unterwegs - eine tolle Gruppe f\u00fcr unser Abenteuer<\/figcaption><\/figure>\n<\/figure>\n\n\n\n<p>F\u00fcr uns geht es jetzt darum, die Maasduinen zu erreichen. Das bedeutet, dass wir mit einer Querung durch die Overloonsche Duinen beginnen. Auch hier gibt es mehrere Radwege, aber da wir schon genug Schotter vor die Schnauze bekommen, entscheiden wir uns f\u00fcr die \u00dcberquerung \u00fcber die Betonradwege. Auf der Ostseite machen wir dann die \u00dcberfahrt zur F\u00e4hre nach Bergen, Nordlimburg. Von dort aus k\u00f6nnen wir die Route fortsetzen und das tun wir auch. <\/p>\n\n\n\n<figure class=\"wp-block-gallery has-nested-images columns-default is-cropped wp-block-gallery-5 is-layout-flex wp-block-gallery-is-layout-flex\">\n<figure class=\"wp-block-image size-large\"><img loading=\"lazy\" decoding=\"async\" width=\"576\" height=\"1024\" data-id=\"25759\" src=\"https:\/\/cyclingdestination.cc\/wp-content\/uploads\/2026\/01\/LandalDeVers-4-576x1024.jpg\" alt=\"\" class=\"wp-image-25759\" srcset=\"https:\/\/cyclingdestination.cc\/wp-content\/uploads\/2026\/01\/LandalDeVers-4-576x1024.jpg 576w, https:\/\/cyclingdestination.cc\/wp-content\/uploads\/2026\/01\/LandalDeVers-4-169x300.jpg 169w, https:\/\/cyclingdestination.cc\/wp-content\/uploads\/2026\/01\/LandalDeVers-4-768x1365.jpg 768w, https:\/\/cyclingdestination.cc\/wp-content\/uploads\/2026\/01\/LandalDeVers-4-864x1536.jpg 864w, https:\/\/cyclingdestination.cc\/wp-content\/uploads\/2026\/01\/LandalDeVers-4-7x12.jpg 7w, https:\/\/cyclingdestination.cc\/wp-content\/uploads\/2026\/01\/LandalDeVers-4.jpg 1080w\" sizes=\"(max-width: 576px) 100vw, 576px\" \/><figcaption class=\"wp-element-caption\">Die Limburger hei\u00dfen uns willkommen! <\/figcaption><\/figure>\n\n\n\n<figure class=\"wp-block-image size-large\"><img loading=\"lazy\" decoding=\"async\" width=\"576\" height=\"1024\" data-id=\"25758\" src=\"https:\/\/cyclingdestination.cc\/wp-content\/uploads\/2026\/01\/LandalDeVers-6-576x1024.jpg\" alt=\"\" class=\"wp-image-25758\" srcset=\"https:\/\/cyclingdestination.cc\/wp-content\/uploads\/2026\/01\/LandalDeVers-6-576x1024.jpg 576w, https:\/\/cyclingdestination.cc\/wp-content\/uploads\/2026\/01\/LandalDeVers-6-169x300.jpg 169w, https:\/\/cyclingdestination.cc\/wp-content\/uploads\/2026\/01\/LandalDeVers-6-768x1365.jpg 768w, https:\/\/cyclingdestination.cc\/wp-content\/uploads\/2026\/01\/LandalDeVers-6-864x1536.jpg 864w, https:\/\/cyclingdestination.cc\/wp-content\/uploads\/2026\/01\/LandalDeVers-6-7x12.jpg 7w, https:\/\/cyclingdestination.cc\/wp-content\/uploads\/2026\/01\/LandalDeVers-6.jpg 1080w\" sizes=\"(max-width: 576px) 100vw, 576px\" \/><figcaption class=\"wp-element-caption\">Der Anfang der Route ist ziemlich sumpfig<\/figcaption><\/figure>\n\n\n\n<figure class=\"wp-block-image size-large\"><img loading=\"lazy\" decoding=\"async\" width=\"576\" height=\"1024\" data-id=\"25757\" src=\"https:\/\/cyclingdestination.cc\/wp-content\/uploads\/2026\/01\/LandalDeVers-2-576x1024.jpg\" alt=\"\" class=\"wp-image-25757\" srcset=\"https:\/\/cyclingdestination.cc\/wp-content\/uploads\/2026\/01\/LandalDeVers-2-576x1024.jpg 576w, https:\/\/cyclingdestination.cc\/wp-content\/uploads\/2026\/01\/LandalDeVers-2-169x300.jpg 169w, https:\/\/cyclingdestination.cc\/wp-content\/uploads\/2026\/01\/LandalDeVers-2-768x1365.jpg 768w, https:\/\/cyclingdestination.cc\/wp-content\/uploads\/2026\/01\/LandalDeVers-2-864x1536.jpg 864w, https:\/\/cyclingdestination.cc\/wp-content\/uploads\/2026\/01\/LandalDeVers-2-7x12.jpg 7w, https:\/\/cyclingdestination.cc\/wp-content\/uploads\/2026\/01\/LandalDeVers-2.jpg 1080w\" sizes=\"(max-width: 576px) 100vw, 576px\" \/><figcaption class=\"wp-element-caption\">Ein Bild!<\/figcaption><\/figure>\n<\/figure>\n\n\n\n<h3 class=\"wp-block-heading\">Boggy in Richtung De Maasduinen<\/h3>\n\n\n\n<p>Die erste Strecke ist z\u00e4h und sumpfig. Entlang der Heukelomsche beek ist es sehr nass und meist gepfl\u00fcgt. Diese Strecke ist besser im Sommer zu fahren. Aber egal: wir kommen durch. Von da an geht es los wie ein Kondor durch den Maasduinen-Nationalpark. Zun\u00e4chst nach S\u00fcden, vorbei am Maaspark-Brunnen und dem dahinter liegenden verminten Leukersee. Dann, nach Papenbeek, tauchen wir wieder in das Wald- und Heidegebiet ein. Auch hier werden wir, wie schon am Freitag, mit endlos sch\u00f6nen Schotterpisten verw\u00f6hnt. Da wir buchst\u00e4blich eine Art Schlange bilden, sehen wir viel von diesem Gebiet. Die Kamera macht \u00dcberstunden. <\/p>\n\n\n\n<p>Bei den Landg\u00fctern Trappenberg und De Hamert geht es ein wenig bergauf. Hier finden Sie auch die sch\u00f6ne Heidelandschaft und die typische Aussicht und das Bild von De Maasduinen. Ab hier sto\u00dfen Sie auch auf ein sch\u00f6nes St\u00fcck Singletrail entlang eines tiefer gelegenen Gew\u00e4ssers. Seien Sie aber vorsichtig, denn ehe Sie sich versehen, nehmen Sie ein erfrischendes Bad. Das sollten wir nicht haben. <\/p>\n\n\n\n<figure class=\"wp-block-gallery has-nested-images columns-default is-cropped wp-block-gallery-6 is-layout-flex wp-block-gallery-is-layout-flex\">\n<figure class=\"wp-block-image size-large\"><img loading=\"lazy\" decoding=\"async\" width=\"576\" height=\"1024\" data-id=\"25751\" src=\"https:\/\/cyclingdestination.cc\/wp-content\/uploads\/2026\/01\/LandalDeVers29_jpg-576x1024.jpg\" alt=\"\" class=\"wp-image-25751\" srcset=\"https:\/\/cyclingdestination.cc\/wp-content\/uploads\/2026\/01\/LandalDeVers29_jpg-576x1024.jpg 576w, https:\/\/cyclingdestination.cc\/wp-content\/uploads\/2026\/01\/LandalDeVers29_jpg-169x300.jpg 169w, https:\/\/cyclingdestination.cc\/wp-content\/uploads\/2026\/01\/LandalDeVers29_jpg-768x1365.jpg 768w, https:\/\/cyclingdestination.cc\/wp-content\/uploads\/2026\/01\/LandalDeVers29_jpg-864x1536.jpg 864w, https:\/\/cyclingdestination.cc\/wp-content\/uploads\/2026\/01\/LandalDeVers29_jpg-7x12.jpg 7w, https:\/\/cyclingdestination.cc\/wp-content\/uploads\/2026\/01\/LandalDeVers29_jpg.jpg 1080w\" sizes=\"(max-width: 576px) 100vw, 576px\" \/><figcaption class=\"wp-element-caption\">eine Br\u00fccke f\u00fcr die Vielfalt<\/figcaption><\/figure>\n\n\n\n<figure class=\"wp-block-image size-large\"><img loading=\"lazy\" decoding=\"async\" width=\"576\" height=\"1024\" data-id=\"25752\" src=\"https:\/\/cyclingdestination.cc\/wp-content\/uploads\/2026\/01\/LandalDeVers46_jpg-576x1024.jpg\" alt=\"\" class=\"wp-image-25752\" srcset=\"https:\/\/cyclingdestination.cc\/wp-content\/uploads\/2026\/01\/LandalDeVers46_jpg-576x1024.jpg 576w, https:\/\/cyclingdestination.cc\/wp-content\/uploads\/2026\/01\/LandalDeVers46_jpg-169x300.jpg 169w, https:\/\/cyclingdestination.cc\/wp-content\/uploads\/2026\/01\/LandalDeVers46_jpg-768x1365.jpg 768w, https:\/\/cyclingdestination.cc\/wp-content\/uploads\/2026\/01\/LandalDeVers46_jpg-864x1536.jpg 864w, https:\/\/cyclingdestination.cc\/wp-content\/uploads\/2026\/01\/LandalDeVers46_jpg-7x12.jpg 7w, https:\/\/cyclingdestination.cc\/wp-content\/uploads\/2026\/01\/LandalDeVers46_jpg.jpg 1080w\" sizes=\"(max-width: 576px) 100vw, 576px\" \/><figcaption class=\"wp-element-caption\">wundersch\u00f6ne Moorlandschaft<\/figcaption><\/figure>\n<\/figure>\n\n\n\n<h3 class=\"wp-block-heading\">Wieder drau\u00dfen im Moor<\/h3>\n\n\n\n<p>Dann wandert man wieder \u00fcber den Moorboden. Manchmal f\u00fchlt man sich ein bisschen wie auf der Veluwe. Ein St\u00fcck weiter wandert man am Reindersmeer entlang. Hier geht es wirklich durch den Sand, und wenn er locker ist, muss man ein bisschen schieben. Weiter geht es noch ein St\u00fcckchen weiter am Eendenmeer entlang, wo es etwas mehr mit Spazierg\u00e4ngern zu tun hat. <\/p>\n\n\n\n<p>Nach 73 km k\u00f6nnen Sie im \u2018Alten Gasthaus\u2019 in Ottersum eine perfekte Mittagspause einlegen. Auf der Originalroute beginnt und endet man hier, aber f\u00fcr uns ist es so nach der H\u00e4lfte der Strecke. Uns wird ein sch\u00f6nes Mittagsmen\u00fc serviert, aber bald kommt die Frage: \u2018Haben Sie auch Flan?\u2019. Es stellt sich heraus, dass es so ist, und das gute Beispiel folgt der guten Praxis. Eine ganze Reihe von Scheiben Limburger Flan, die wirklich lecker sind, werden auf den Tisch gelegt. Wir k\u00f6nnen loslegen.<\/p>\n\n\n\n<figure class=\"wp-block-gallery has-nested-images columns-default is-cropped wp-block-gallery-7 is-layout-flex wp-block-gallery-is-layout-flex\">\n<figure class=\"wp-block-image size-large\"><img loading=\"lazy\" decoding=\"async\" width=\"1024\" height=\"576\" data-id=\"25834\" src=\"https:\/\/cyclingdestination.cc\/wp-content\/uploads\/2026\/01\/LandalDeVers-3-1-1024x576.jpg\" alt=\"\" class=\"wp-image-25834\" srcset=\"https:\/\/cyclingdestination.cc\/wp-content\/uploads\/2026\/01\/LandalDeVers-3-1-1024x576.jpg 1024w, https:\/\/cyclingdestination.cc\/wp-content\/uploads\/2026\/01\/LandalDeVers-3-1-300x169.jpg 300w, https:\/\/cyclingdestination.cc\/wp-content\/uploads\/2026\/01\/LandalDeVers-3-1-768x432.jpg 768w, https:\/\/cyclingdestination.cc\/wp-content\/uploads\/2026\/01\/LandalDeVers-3-1-1536x864.jpg 1536w, https:\/\/cyclingdestination.cc\/wp-content\/uploads\/2026\/01\/LandalDeVers-3-1-18x10.jpg 18w, https:\/\/cyclingdestination.cc\/wp-content\/uploads\/2026\/01\/LandalDeVers-3-1.jpg 1920w\" sizes=\"(max-width: 1024px) 100vw, 1024px\" \/><\/figure>\n\n\n\n<figure class=\"wp-block-image size-large\"><img loading=\"lazy\" decoding=\"async\" width=\"1024\" height=\"576\" data-id=\"25835\" src=\"https:\/\/cyclingdestination.cc\/wp-content\/uploads\/2026\/01\/LandalDeVers-4-1-1024x576.jpg\" alt=\"\" class=\"wp-image-25835\" srcset=\"https:\/\/cyclingdestination.cc\/wp-content\/uploads\/2026\/01\/LandalDeVers-4-1-1024x576.jpg 1024w, https:\/\/cyclingdestination.cc\/wp-content\/uploads\/2026\/01\/LandalDeVers-4-1-300x169.jpg 300w, https:\/\/cyclingdestination.cc\/wp-content\/uploads\/2026\/01\/LandalDeVers-4-1-768x432.jpg 768w, https:\/\/cyclingdestination.cc\/wp-content\/uploads\/2026\/01\/LandalDeVers-4-1-1536x864.jpg 1536w, https:\/\/cyclingdestination.cc\/wp-content\/uploads\/2026\/01\/LandalDeVers-4-1-18x10.jpg 18w, https:\/\/cyclingdestination.cc\/wp-content\/uploads\/2026\/01\/LandalDeVers-4-1.jpg 1920w\" sizes=\"(max-width: 1024px) 100vw, 1024px\" \/><\/figure>\n<\/figure>\n\n\n\n<p>Die letzte Strecke f\u00fchrt zur\u00fcck nach Bergen, um nach Overloon \u00fcberzusetzen. Bis dahin gibt es noch einige sch\u00f6ne Kleinode in Nordlimburg zu sehen. Siehe unten!<\/p>\n\n\n\n<figure class=\"wp-block-gallery has-nested-images columns-default is-cropped wp-block-gallery-8 is-layout-flex wp-block-gallery-is-layout-flex\">\n<figure class=\"wp-block-image size-large\"><img loading=\"lazy\" decoding=\"async\" width=\"1024\" height=\"576\" data-id=\"25750\" src=\"https:\/\/cyclingdestination.cc\/wp-content\/uploads\/2026\/01\/LandalDeVers9_jpg-1024x576.jpg\" alt=\"\" class=\"wp-image-25750\" srcset=\"https:\/\/cyclingdestination.cc\/wp-content\/uploads\/2026\/01\/LandalDeVers9_jpg-1024x576.jpg 1024w, https:\/\/cyclingdestination.cc\/wp-content\/uploads\/2026\/01\/LandalDeVers9_jpg-300x169.jpg 300w, https:\/\/cyclingdestination.cc\/wp-content\/uploads\/2026\/01\/LandalDeVers9_jpg-768x432.jpg 768w, https:\/\/cyclingdestination.cc\/wp-content\/uploads\/2026\/01\/LandalDeVers9_jpg-1536x864.jpg 1536w, https:\/\/cyclingdestination.cc\/wp-content\/uploads\/2026\/01\/LandalDeVers9_jpg-18x10.jpg 18w, https:\/\/cyclingdestination.cc\/wp-content\/uploads\/2026\/01\/LandalDeVers9_jpg.jpg 1920w\" sizes=\"(max-width: 1024px) 100vw, 1024px\" \/><figcaption class=\"wp-element-caption\">Das ist ein Vergn\u00fcgen, nicht wahr? <\/figcaption><\/figure>\n<\/figure>\n\n\n\n<p>In Overloon wollen wir zumindest durch das Kriegsmuseum fahren. Das kann man mit dem Fahrrad \u00fcber die spezielle Radfahrerbr\u00fccke und -route machen. Man muss dann durch den Museumspark fahren und kommt automatisch dorthin. Das gibt ein paar tolle Bilder. Siehe unten:<\/p>\n\n\n\n<blockquote class=\"instagram-media\" data-instgrm-captioned data-instgrm-permalink=\"https:\/\/www.instagram.com\/reel\/DRpdf-8CGn8\/?utm_source=ig_embed&amp;utm_campaign=loading\" data-instgrm-version=\"14\" style=\" background:#FFF; border:0; border-radius:3px; box-shadow:0 0 1px 0 rgba(0,0,0,0.5),0 1px 10px 0 rgba(0,0,0,0.15); margin: 1px; max-width:540px; min-width:326px; padding:0; width:99.375%; width:-webkit-calc(80% - 2px); width:calc(100% - 2px);\"><div style=\"padding:20px;\"> <a href=\"https:\/\/www.instagram.com\/reel\/DRpdf-8CGn8\/?utm_source=ig_embed&amp;utm_campaign=loading\" style=\" background:#FFFFFF; line-height:0; padding:0 0; text-align:center; text-decoration:none; width:100%;\" target=\"_blank\"> <div style=\" display: flex; flex-direction: row; align-items: center;\"> <div style=\"background-color: #F4F4F4; border-radius: 50%; flex-grow: 0; height: 40px; margin-right: 14px; width: 40px;\"><\/div> <div style=\"display: flex; flex-direction: column; flex-grow: 1; justify-content: center;\"> <div style=\" background-color: #F4F4F4; border-radius: 4px; flex-grow: 0; height: 14px; margin-bottom: 6px; width: 100px;\"><\/div> <div style=\" background-color: #F4F4F4; border-radius: 4px; flex-grow: 0; height: 14px; width: 60px;\"><\/div><\/div><\/div><div style=\"padding: 19% 0;\"><\/div> <div style=\"display:block; height:50px; margin:0 auto 12px; width:50px;\"><svg width=\"50px\" height=\"50px\" viewbox=\"0 0 60 60\" version=\"1.1\" xmlns=\"https:\/\/www.w3.org\/2000\/svg\" xmlns:xlink=\"https:\/\/www.w3.org\/1999\/xlink\"><g stroke=\"none\" stroke-width=\"1\" fill=\"none\" fill-rule=\"evenodd\"><g transform=\"translate(-511.000000, -20.000000)\" fill=\"#000000\"><g><path d=\"M556.869,30.41 C554.814,30.41 553.148,32.076 553.148,34.131 C553.148,36.186 554.814,37.852 556.869,37.852 C558.924,37.852 560.59,36.186 560.59,34.131 C560.59,32.076 558.924,30.41 556.869,30.41 M541,60.657 C535.114,60.657 530.342,55.887 530.342,50 C530.342,44.114 535.114,39.342 541,39.342 C546.887,39.342 551.658,44.114 551.658,50 C551.658,55.887 546.887,60.657 541,60.657 M541,33.886 C532.1,33.886 524.886,41.1 524.886,50 C524.886,58.899 532.1,66.113 541,66.113 C549.9,66.113 557.115,58.899 557.115,50 C557.115,41.1 549.9,33.886 541,33.886 M565.378,62.101 C565.244,65.022 564.756,66.606 564.346,67.663 C563.803,69.06 563.154,70.057 562.106,71.106 C561.058,72.155 560.06,72.803 558.662,73.347 C557.607,73.757 556.021,74.244 553.102,74.378 C549.944,74.521 548.997,74.552 541,74.552 C533.003,74.552 532.056,74.521 528.898,74.378 C525.979,74.244 524.393,73.757 523.338,73.347 C521.94,72.803 520.942,72.155 519.894,71.106 C518.846,70.057 518.197,69.06 517.654,67.663 C517.244,66.606 516.755,65.022 516.623,62.101 C516.479,58.943 516.448,57.996 516.448,50 C516.448,42.003 516.479,41.056 516.623,37.899 C516.755,34.978 517.244,33.391 517.654,32.338 C518.197,30.938 518.846,29.942 519.894,28.894 C520.942,27.846 521.94,27.196 523.338,26.654 C524.393,26.244 525.979,25.756 528.898,25.623 C532.057,25.479 533.004,25.448 541,25.448 C548.997,25.448 549.943,25.479 553.102,25.623 C556.021,25.756 557.607,26.244 558.662,26.654 C560.06,27.196 561.058,27.846 562.106,28.894 C563.154,29.942 563.803,30.938 564.346,32.338 C564.756,33.391 565.244,34.978 565.378,37.899 C565.522,41.056 565.552,42.003 565.552,50 C565.552,57.996 565.522,58.943 565.378,62.101 M570.82,37.631 C570.674,34.438 570.167,32.258 569.425,30.349 C568.659,28.377 567.633,26.702 565.965,25.035 C564.297,23.368 562.623,22.342 560.652,21.575 C558.743,20.834 556.562,20.326 553.369,20.18 C550.169,20.033 549.148,20 541,20 C532.853,20 531.831,20.033 528.631,20.18 C525.438,20.326 523.257,20.834 521.349,21.575 C519.376,22.342 517.703,23.368 516.035,25.035 C514.368,26.702 513.342,28.377 512.574,30.349 C511.834,32.258 511.326,34.438 511.181,37.631 C511.035,40.831 511,41.851 511,50 C511,58.147 511.035,59.17 511.181,62.369 C511.326,65.562 511.834,67.743 512.574,69.651 C513.342,71.625 514.368,73.296 516.035,74.965 C517.703,76.634 519.376,77.658 521.349,78.425 C523.257,79.167 525.438,79.673 528.631,79.82 C531.831,79.965 532.853,80.001 541,80.001 C549.148,80.001 550.169,79.965 553.369,79.82 C556.562,79.673 558.743,79.167 560.652,78.425 C562.623,77.658 564.297,76.634 565.965,74.965 C567.633,73.296 568.659,71.625 569.425,69.651 C570.167,67.743 570.674,65.562 570.82,62.369 C570.966,59.17 571,58.147 571,50 C571,41.851 570.966,40.831 570.82,37.631\"><\/path><\/g><\/g><\/g><\/svg><\/div><div style=\"padding-top: 8px;\"> <div style=\" color:#3897f0; font-family:Arial,sans-serif; font-size:14px; font-style:normal; font-weight:550; line-height:18px;\">Diesen Beitrag auf Instagram anzeigen<\/div><\/div><div style=\"padding: 12.5% 0;\"><\/div> <div style=\"display: flex; flex-direction: row; margin-bottom: 14px; align-items: center;\"><div> <div style=\"background-color: #F4F4F4; border-radius: 50%; height: 12.5px; width: 12.5px; transform: translateX(0px) translateY(7px);\"><\/div> <div style=\"background-color: #F4F4F4; height: 12.5px; transform: rotate(-45deg) translateX(3px) translateY(1px); width: 12.5px; flex-grow: 0; margin-right: 14px; margin-left: 2px;\"><\/div> <div style=\"background-color: #F4F4F4; border-radius: 50%; height: 12.5px; width: 12.5px; transform: translateX(9px) translateY(-18px);\"><\/div><\/div><div style=\"margin-left: 8px;\"> <div style=\" background-color: #F4F4F4; border-radius: 50%; flex-grow: 0; height: 20px; width: 20px;\"><\/div> <div style=\" width: 0; height: 0; border-top: 2px solid transparent; border-left: 6px solid #f4f4f4; border-bottom: 2px solid transparent; transform: translateX(16px) translateY(-4px) rotate(30deg)\"><\/div><\/div><div style=\"margin-left: auto;\"> <div style=\" width: 0px; border-top: 8px solid #F4F4F4; border-right: 8px solid transparent; transform: translateY(16px);\"><\/div> <div style=\" background-color: #F4F4F4; flex-grow: 0; height: 12px; width: 16px; transform: translateY(-4px);\"><\/div> <div style=\" width: 0; height: 0; border-top: 8px solid #F4F4F4; border-left: 8px solid transparent; transform: translateY(-4px) translateX(8px);\"><\/div><\/div><\/div> <div style=\"display: flex; flex-direction: column; flex-grow: 1; justify-content: center; margin-bottom: 24px;\"> <div style=\" background-color: #F4F4F4; border-radius: 4px; flex-grow: 0; height: 14px; margin-bottom: 6px; width: 224px;\"><\/div> <div style=\" background-color: #F4F4F4; border-radius: 4px; flex-grow: 0; height: 14px; width: 144px;\"><\/div><\/div><\/a><p style=\" color:#c9c8cd; font-family:Arial,sans-serif; font-size:14px; line-height:17px; margin-bottom:0; margin-top:8px; overflow:hidden; padding:8px 0 7px; text-align:center; text-overflow:ellipsis; white-space:nowrap;\"><a href=\"https:\/\/www.instagram.com\/reel\/DRpdf-8CGn8\/?utm_source=ig_embed&amp;utm_campaign=loading\" style=\" color:#c9c8cd; font-family:Arial,sans-serif; font-size:14px; font-style:normal; font-weight:normal; line-height:17px; text-decoration:none;\" target=\"_blank\">Ein Beitrag geteilt von Cycling Destination (@cyclingdestination.cc)<\/a><\/p><\/div><\/blockquote>\n<script async src=\"\/\/www.instagram.com\/embed.js\"><\/script>\n\n\n\n<iframe src=\"https:\/\/www.komoot.com\/nl-nl\/tour\/2701179674\/embed?share_token=a1WkqwR8W9RcZfNj8WM425I7f3yRWlPTxIkz88aNb6g3MvtjdQ&#038;profile=1&#038;gallery=1\" width=\"100%\" height=\"700\" frameborder=\"0\" scrolling=\"no\"><\/iframe>\n\n\n\n<p>Frank, einer unserer Mitfahrer, bricht sich kurz vor der F\u00e4hre das Schaltauge. Seine Frau, die in der N\u00e4he ist, kommt mit dem Besenwagen und holt ihn ab. Auch das geh\u00f6rt zur Abmachung. Wir beenden den Tag mit einem Drink im Grand-Caf\u00e9 Brother and Sister am Park. <\/p>\n\n\n\n<script type=\"text\/javascript\" src=\"https:\/\/ti.tradetracker.net\/?c=20132&#038;m=2496619&#038;a=470723&#038;r=&#038;t=popup\" charset=\"UTF-8\"><\/script>\n\n\n\n<h3 class=\"wp-block-heading\">Finale am Sonntag<\/h3>\n\n\n\n<p>Ich habe den Sonntag genutzt, um selbst eine sch\u00f6ne kurze Runde zu drehen. Nach einer guten Nachtruhe weitere 30 km, um die unbefestigte Umgebung zu erkunden. Es ist so wundersch\u00f6n hier. Die Strecke f\u00fchrt wieder durch das Gr\u00fcn, den Wald, zwischen den B\u00e4umen hindurch und \u00fcber ein St\u00fcck Wiese, das sehr sumpfig wird, wenn es viel geregnet hat. Gut f\u00fcr das Krafttraining. Passen Sie auch auf, wenn Sie die N-Stra\u00dfe \u00fcberqueren, denn danach gibt es eine Art Steilhang mit einem wilden Gitter, an dem Sie sich nicht die Reifen kaputt machen wollen. (Anmerkung: Ich habe es getan. Ein netter Schlangenbiss hat meine Fahrt unterbrochen). <\/p>\n\n\n\n<figure class=\"wp-block-gallery has-nested-images columns-default is-cropped wp-block-gallery-9 is-layout-flex wp-block-gallery-is-layout-flex\">\n<figure class=\"wp-block-image size-large\"><img loading=\"lazy\" decoding=\"async\" width=\"576\" height=\"1024\" data-id=\"25853\" src=\"https:\/\/cyclingdestination.cc\/wp-content\/uploads\/2026\/01\/LandalDeVers-25-576x1024.jpg\" alt=\"\" class=\"wp-image-25853\" srcset=\"https:\/\/cyclingdestination.cc\/wp-content\/uploads\/2026\/01\/LandalDeVers-25-576x1024.jpg 576w, https:\/\/cyclingdestination.cc\/wp-content\/uploads\/2026\/01\/LandalDeVers-25-169x300.jpg 169w, https:\/\/cyclingdestination.cc\/wp-content\/uploads\/2026\/01\/LandalDeVers-25-768x1365.jpg 768w, https:\/\/cyclingdestination.cc\/wp-content\/uploads\/2026\/01\/LandalDeVers-25-864x1536.jpg 864w, https:\/\/cyclingdestination.cc\/wp-content\/uploads\/2026\/01\/LandalDeVers-25-7x12.jpg 7w, https:\/\/cyclingdestination.cc\/wp-content\/uploads\/2026\/01\/LandalDeVers-25.jpg 1080w\" sizes=\"(max-width: 576px) 100vw, 576px\" \/><\/figure>\n\n\n\n<figure class=\"wp-block-image size-large\"><img loading=\"lazy\" decoding=\"async\" width=\"1024\" height=\"576\" data-id=\"25837\" src=\"https:\/\/cyclingdestination.cc\/wp-content\/uploads\/2026\/01\/LandalDeVers-1-1-1024x576.jpg\" alt=\"\" class=\"wp-image-25837\" srcset=\"https:\/\/cyclingdestination.cc\/wp-content\/uploads\/2026\/01\/LandalDeVers-1-1-1024x576.jpg 1024w, https:\/\/cyclingdestination.cc\/wp-content\/uploads\/2026\/01\/LandalDeVers-1-1-300x169.jpg 300w, https:\/\/cyclingdestination.cc\/wp-content\/uploads\/2026\/01\/LandalDeVers-1-1-768x432.jpg 768w, https:\/\/cyclingdestination.cc\/wp-content\/uploads\/2026\/01\/LandalDeVers-1-1-1536x864.jpg 1536w, https:\/\/cyclingdestination.cc\/wp-content\/uploads\/2026\/01\/LandalDeVers-1-1-18x10.jpg 18w, https:\/\/cyclingdestination.cc\/wp-content\/uploads\/2026\/01\/LandalDeVers-1-1.jpg 1920w\" sizes=\"(max-width: 1024px) 100vw, 1024px\" \/><\/figure>\n\n\n\n<figure class=\"wp-block-image size-large\"><img loading=\"lazy\" decoding=\"async\" width=\"576\" height=\"1024\" data-id=\"25844\" src=\"https:\/\/cyclingdestination.cc\/wp-content\/uploads\/2026\/01\/LandalDeVers-14-576x1024.jpg\" alt=\"\" class=\"wp-image-25844\" srcset=\"https:\/\/cyclingdestination.cc\/wp-content\/uploads\/2026\/01\/LandalDeVers-14-576x1024.jpg 576w, https:\/\/cyclingdestination.cc\/wp-content\/uploads\/2026\/01\/LandalDeVers-14-169x300.jpg 169w, https:\/\/cyclingdestination.cc\/wp-content\/uploads\/2026\/01\/LandalDeVers-14-768x1365.jpg 768w, https:\/\/cyclingdestination.cc\/wp-content\/uploads\/2026\/01\/LandalDeVers-14-864x1536.jpg 864w, https:\/\/cyclingdestination.cc\/wp-content\/uploads\/2026\/01\/LandalDeVers-14-7x12.jpg 7w, https:\/\/cyclingdestination.cc\/wp-content\/uploads\/2026\/01\/LandalDeVers-14.jpg 1080w\" sizes=\"(max-width: 576px) 100vw, 576px\" \/><\/figure>\n<\/figure>\n\n\n\n<iframe src=\"https:\/\/www.komoot.com\/nl-nl\/tour\/2701954281\/embed?share_token=apW9d1LVRuxXjJUgKhcnRwr0eqMU0ukcE8KYyuw6r6gATFlXx7&#038;profile=1\" width=\"100%\" height=\"580\" frameborder=\"0\" scrolling=\"no\"><\/iframe>\n\n\n\n<h3 class=\"wp-block-heading\">Landal De Vers ist eine luxuri\u00f6se Basis<\/h3>\n\n\n\n<p>Der Park von <a href=\"https:\/\/tc.tradetracker.net\/?c=20132&amp;m=12&amp;a=470723&amp;r=CyclingDestination&amp;u=%2Fparken%2Fde-vers\">Landal De Vers<\/a> befindet sich am Rande von Overloon. Sch\u00f6n im Wald versteckt, finden Sie einen weitl\u00e4ufigen Park, wo Sie einen neuen und einen etwas \u00e4lteren Teil finden. Wir verf\u00fcgen \u00fcber eine luxuri\u00f6se Unterkunft f\u00fcr 6 Personen, einschlie\u00dflich Sauna, Green-Egg-Grill und einer gro\u00dfen Terrasse. Vor der T\u00fcr gibt es Platz f\u00fcr zwei Autos und im Schuppen k\u00f6nnen bis zu 10 Fahrr\u00e4der untergebracht werden. Das ger\u00e4umige Wohnzimmer und die K\u00fcche sind sch\u00f6n, wenn Sie mit einer gr\u00f6\u00dferen Gruppe sind. Die zwei Badezimmer (eines im Erdgeschoss, en-suite zum Schlafzimmer) und eines im Obergeschoss runden das Angebot ab. <\/p>\n\n\n\n<figure class=\"wp-block-gallery has-nested-images columns-default is-cropped wp-block-gallery-10 is-layout-flex wp-block-gallery-is-layout-flex\">\n<figure class=\"wp-block-image size-large\"><img loading=\"lazy\" decoding=\"async\" width=\"1024\" height=\"576\" data-id=\"25847\" src=\"https:\/\/cyclingdestination.cc\/wp-content\/uploads\/2026\/01\/LandalDeVers-23-1024x576.jpg\" alt=\"\" class=\"wp-image-25847\" srcset=\"https:\/\/cyclingdestination.cc\/wp-content\/uploads\/2026\/01\/LandalDeVers-23-1024x576.jpg 1024w, https:\/\/cyclingdestination.cc\/wp-content\/uploads\/2026\/01\/LandalDeVers-23-300x169.jpg 300w, https:\/\/cyclingdestination.cc\/wp-content\/uploads\/2026\/01\/LandalDeVers-23-768x432.jpg 768w, https:\/\/cyclingdestination.cc\/wp-content\/uploads\/2026\/01\/LandalDeVers-23-1536x864.jpg 1536w, https:\/\/cyclingdestination.cc\/wp-content\/uploads\/2026\/01\/LandalDeVers-23-18x10.jpg 18w, https:\/\/cyclingdestination.cc\/wp-content\/uploads\/2026\/01\/LandalDeVers-23.jpg 1920w\" sizes=\"(max-width: 1024px) 100vw, 1024px\" \/><figcaption class=\"wp-element-caption\">Ger\u00e4umige Schlafzimmer<\/figcaption><\/figure>\n\n\n\n<figure class=\"wp-block-image size-large\"><img loading=\"lazy\" decoding=\"async\" width=\"768\" height=\"1024\" data-id=\"25849\" src=\"https:\/\/cyclingdestination.cc\/wp-content\/uploads\/2026\/01\/LandalDeVers-18-768x1024.jpg\" alt=\"\" class=\"wp-image-25849\" srcset=\"https:\/\/cyclingdestination.cc\/wp-content\/uploads\/2026\/01\/LandalDeVers-18-768x1024.jpg 768w, https:\/\/cyclingdestination.cc\/wp-content\/uploads\/2026\/01\/LandalDeVers-18-225x300.jpg 225w, https:\/\/cyclingdestination.cc\/wp-content\/uploads\/2026\/01\/LandalDeVers-18-1152x1536.jpg 1152w, https:\/\/cyclingdestination.cc\/wp-content\/uploads\/2026\/01\/LandalDeVers-18-9x12.jpg 9w, https:\/\/cyclingdestination.cc\/wp-content\/uploads\/2026\/01\/LandalDeVers-18.jpg 1440w\" sizes=\"(max-width: 768px) 100vw, 768px\" \/><figcaption class=\"wp-element-caption\">Grillen auf dem Kamado<\/figcaption><\/figure>\n\n\n\n<figure class=\"wp-block-image size-large\"><img loading=\"lazy\" decoding=\"async\" width=\"576\" height=\"1024\" data-id=\"25848\" src=\"https:\/\/cyclingdestination.cc\/wp-content\/uploads\/2026\/01\/LandalDeVers-22-576x1024.jpg\" alt=\"\" class=\"wp-image-25848\" srcset=\"https:\/\/cyclingdestination.cc\/wp-content\/uploads\/2026\/01\/LandalDeVers-22-576x1024.jpg 576w, https:\/\/cyclingdestination.cc\/wp-content\/uploads\/2026\/01\/LandalDeVers-22-169x300.jpg 169w, https:\/\/cyclingdestination.cc\/wp-content\/uploads\/2026\/01\/LandalDeVers-22-768x1365.jpg 768w, https:\/\/cyclingdestination.cc\/wp-content\/uploads\/2026\/01\/LandalDeVers-22-864x1536.jpg 864w, https:\/\/cyclingdestination.cc\/wp-content\/uploads\/2026\/01\/LandalDeVers-22-7x12.jpg 7w, https:\/\/cyclingdestination.cc\/wp-content\/uploads\/2026\/01\/LandalDeVers-22.jpg 1080w\" sizes=\"(max-width: 576px) 100vw, 576px\" \/><figcaption class=\"wp-element-caption\">Auch eine Sauna darf nicht fehlen<\/figcaption><\/figure>\n\n\n\n<figure class=\"wp-block-image size-large\"><img loading=\"lazy\" decoding=\"async\" width=\"1024\" height=\"576\" data-id=\"25851\" src=\"https:\/\/cyclingdestination.cc\/wp-content\/uploads\/2026\/01\/LandalDeVers-24-1024x576.jpg\" alt=\"\" class=\"wp-image-25851\" srcset=\"https:\/\/cyclingdestination.cc\/wp-content\/uploads\/2026\/01\/LandalDeVers-24-1024x576.jpg 1024w, https:\/\/cyclingdestination.cc\/wp-content\/uploads\/2026\/01\/LandalDeVers-24-300x169.jpg 300w, https:\/\/cyclingdestination.cc\/wp-content\/uploads\/2026\/01\/LandalDeVers-24-768x432.jpg 768w, https:\/\/cyclingdestination.cc\/wp-content\/uploads\/2026\/01\/LandalDeVers-24-1536x864.jpg 1536w, https:\/\/cyclingdestination.cc\/wp-content\/uploads\/2026\/01\/LandalDeVers-24-18x10.jpg 18w, https:\/\/cyclingdestination.cc\/wp-content\/uploads\/2026\/01\/LandalDeVers-24.jpg 1920w\" sizes=\"(max-width: 1024px) 100vw, 1024px\" \/><figcaption class=\"wp-element-caption\">Ein ger\u00e4umiges Wohnzimmer + K\u00fcche. Ideal f\u00fcr sechs<\/figcaption><\/figure>\n<\/figure>\n\n\n\n<p>Im Park finden Sie auch das Restaurant <a href=\"https:\/\/www.grandcafebroerenzus.nl\/\">Grand Caf\u00e9 Bruder und Schwester<\/a>, wo man sowohl einen Drink als auch ein sch\u00f6nes Abendessen zu sich nehmen kann. Das Getr\u00e4nk nach unserer Samstagsfahrt schmeckt besonders gut. Es gibt einen Minigolfplatz, ein Schwimmbad (Badehose vergessen...) und einen Minimarkt mit einigen Dingen des t\u00e4glichen Bedarfs. F\u00fcr Lebensmittel ist der Plus im Dorf nur ein paar Minuten mit dem Auto oder 10 Minuten zu Fu\u00df entfernt.<\/p>\n\n\n\n<figure class=\"wp-block-gallery has-nested-images columns-default is-cropped wp-block-gallery-11 is-layout-flex wp-block-gallery-is-layout-flex\">\n<figure class=\"wp-block-image size-large\"><img loading=\"lazy\" decoding=\"async\" width=\"576\" height=\"1024\" data-id=\"25857\" src=\"https:\/\/cyclingdestination.cc\/wp-content\/uploads\/2026\/01\/LandalDeVers-06-576x1024.jpg\" alt=\"\" class=\"wp-image-25857\" srcset=\"https:\/\/cyclingdestination.cc\/wp-content\/uploads\/2026\/01\/LandalDeVers-06-576x1024.jpg 576w, https:\/\/cyclingdestination.cc\/wp-content\/uploads\/2026\/01\/LandalDeVers-06-169x300.jpg 169w, https:\/\/cyclingdestination.cc\/wp-content\/uploads\/2026\/01\/LandalDeVers-06-768x1365.jpg 768w, https:\/\/cyclingdestination.cc\/wp-content\/uploads\/2026\/01\/LandalDeVers-06-864x1536.jpg 864w, https:\/\/cyclingdestination.cc\/wp-content\/uploads\/2026\/01\/LandalDeVers-06-7x12.jpg 7w, https:\/\/cyclingdestination.cc\/wp-content\/uploads\/2026\/01\/LandalDeVers-06.jpg 1080w\" sizes=\"(max-width: 576px) 100vw, 576px\" \/><figcaption class=\"wp-element-caption\">Jenseits des Eingangs<\/figcaption><\/figure>\n\n\n\n<figure class=\"wp-block-image size-large\"><img loading=\"lazy\" decoding=\"async\" width=\"576\" height=\"1024\" data-id=\"25858\" src=\"https:\/\/cyclingdestination.cc\/wp-content\/uploads\/2026\/01\/LandalDeVers-19-576x1024.jpg\" alt=\"\" class=\"wp-image-25858\" srcset=\"https:\/\/cyclingdestination.cc\/wp-content\/uploads\/2026\/01\/LandalDeVers-19-576x1024.jpg 576w, https:\/\/cyclingdestination.cc\/wp-content\/uploads\/2026\/01\/LandalDeVers-19-169x300.jpg 169w, https:\/\/cyclingdestination.cc\/wp-content\/uploads\/2026\/01\/LandalDeVers-19-768x1365.jpg 768w, https:\/\/cyclingdestination.cc\/wp-content\/uploads\/2026\/01\/LandalDeVers-19-864x1536.jpg 864w, https:\/\/cyclingdestination.cc\/wp-content\/uploads\/2026\/01\/LandalDeVers-19-7x12.jpg 7w, https:\/\/cyclingdestination.cc\/wp-content\/uploads\/2026\/01\/LandalDeVers-19.jpg 1080w\" sizes=\"(max-width: 576px) 100vw, 576px\" \/><figcaption class=\"wp-element-caption\">Der Parkeingang und das Restaurant (c) Sander Kolsloot<\/figcaption><\/figure>\n\n\n\n<figure class=\"wp-block-image size-large\"><img loading=\"lazy\" decoding=\"async\" width=\"576\" height=\"1024\" data-id=\"25850\" src=\"https:\/\/cyclingdestination.cc\/wp-content\/uploads\/2026\/01\/LandalDeVers-20-576x1024.jpg\" alt=\"\" class=\"wp-image-25850\" srcset=\"https:\/\/cyclingdestination.cc\/wp-content\/uploads\/2026\/01\/LandalDeVers-20-576x1024.jpg 576w, https:\/\/cyclingdestination.cc\/wp-content\/uploads\/2026\/01\/LandalDeVers-20-169x300.jpg 169w, https:\/\/cyclingdestination.cc\/wp-content\/uploads\/2026\/01\/LandalDeVers-20-768x1365.jpg 768w, https:\/\/cyclingdestination.cc\/wp-content\/uploads\/2026\/01\/LandalDeVers-20-864x1536.jpg 864w, https:\/\/cyclingdestination.cc\/wp-content\/uploads\/2026\/01\/LandalDeVers-20-7x12.jpg 7w, https:\/\/cyclingdestination.cc\/wp-content\/uploads\/2026\/01\/LandalDeVers-20.jpg 1080w\" sizes=\"(max-width: 576px) 100vw, 576px\" \/><figcaption class=\"wp-element-caption\">Unser Haus mit Terrasse<\/figcaption><\/figure>\n\n\n\n<figure class=\"wp-block-image size-large\"><img loading=\"lazy\" decoding=\"async\" width=\"771\" height=\"1024\" data-id=\"25614\" src=\"https:\/\/cyclingdestination.cc\/wp-content\/uploads\/2025\/12\/PXL_20251128_1509434892-771x1024.jpg\" alt=\"\" class=\"wp-image-25614\" srcset=\"https:\/\/cyclingdestination.cc\/wp-content\/uploads\/2025\/12\/PXL_20251128_1509434892-771x1024.jpg 771w, https:\/\/cyclingdestination.cc\/wp-content\/uploads\/2025\/12\/PXL_20251128_1509434892-226x300.jpg 226w, https:\/\/cyclingdestination.cc\/wp-content\/uploads\/2025\/12\/PXL_20251128_1509434892-768x1020.jpg 768w, https:\/\/cyclingdestination.cc\/wp-content\/uploads\/2025\/12\/PXL_20251128_1509434892-1157x1536.jpg 1157w, https:\/\/cyclingdestination.cc\/wp-content\/uploads\/2025\/12\/PXL_20251128_1509434892-9x12.jpg 9w, https:\/\/cyclingdestination.cc\/wp-content\/uploads\/2025\/12\/PXL_20251128_1509434892.jpg 1446w\" sizes=\"(max-width: 771px) 100vw, 771px\" \/><figcaption class=\"wp-element-caption\">Absp\u00fclen!<\/figcaption><\/figure>\n<\/figure>\n\n\n\n<p>F\u00fcr Radfahrer gibt es einen Fahrradverleih, aber keine sportlichen Modelle. Es gibt jedoch einen sch\u00f6nen Absp\u00fclbereich, den wir nach unseren Fahrten eifrig nutzten. Das ist eine Art Hygienefaktor, Wortspiel beabsichtigt. <\/p>","protected":false},"excerpt":{"rendered":"<p>Noord-Limburg. Het Land van Grind en Zand. Tenminste, als we de website met gravelfietsroutes van Noord-Limburg mogen geloven. Die heet immers &#8216;Land van Grind en Zand&#8217;. Dat de titel overeenkomt met de werkelijkheid, daar zijn we het wel mee eens. Je hebt er prachtige routes door de zand- en grindafgravingen. Op ons recente bezoek aan [&hellip;]<\/p>\n","protected":false},"author":1,"featured_media":25756,"comment_status":"open","ping_status":"open","sticky":false,"template":"","format":"standard","meta":{"_acf_changed":false,"iawp_total_views":314,"footnotes":""},"categories":[118,306,9,300,8],"tags":[707,704,706],"class_list":["post-25607","post","type-post","status-publish","format-standard","has-post-thumbnail","hentry","category-gravel","category-limburg","category-nederland","category-noord-brabant","category-verhalen","tag-maasduinen","tag-noord-limburg","tag-np-de-maasduinen"],"acf":[],"featured_image_url":{"thumbnail":"https:\/\/cyclingdestination.cc\/wp-content\/uploads\/2026\/01\/LandalDeVers18_jpg-150x150.jpg","medium":"https:\/\/cyclingdestination.cc\/wp-content\/uploads\/2026\/01\/LandalDeVers18_jpg-300x169.jpg","medium_large":"https:\/\/cyclingdestination.cc\/wp-content\/uploads\/2026\/01\/LandalDeVers18_jpg-768x432.jpg","large":"https:\/\/cyclingdestination.cc\/wp-content\/uploads\/2026\/01\/LandalDeVers18_jpg-1024x576.jpg","1536x1536":"https:\/\/cyclingdestination.cc\/wp-content\/uploads\/2026\/01\/LandalDeVers18_jpg-1536x864.jpg","2048x2048":"https:\/\/cyclingdestination.cc\/wp-content\/uploads\/2026\/01\/LandalDeVers18_jpg.jpg","trp-custom-language-flag":"https:\/\/cyclingdestination.cc\/wp-content\/uploads\/2026\/01\/LandalDeVers18_jpg-18x10.jpg"},"post_author":"Sander","assigned_categories":"Gravel, Limburg, Nederland, Noord-Brabant, Verhalen","yoast_head":"<!-- This site is optimized with the Yoast SEO plugin v27.4 - https:\/\/yoast.com\/product\/yoast-seo-wordpress\/ -->\n<title>Landal de Vers: Gravel basecamp Noord-Brabant- Cycling Destination<\/title>\n<meta name=\"description\" content=\"Landal De Vers: jouw uitvalsbasis voor gravel in Noord-Brabant \u00e9n Noord-Limburg\" \/>\n<meta name=\"robots\" content=\"index, follow, max-snippet:-1, max-image-preview:large, max-video-preview:-1\" \/>\n<link rel=\"canonical\" href=\"https:\/\/cyclingdestination.cc\/de\/verhalen\/nederland\/noord-brabant\/landal-de-vers-jouw-uitvalsbasis-voor-gravel-in-noord-brabant-en-noord-limburg\/\" \/>\n<meta property=\"og:locale\" content=\"de_DE\" \/>\n<meta property=\"og:type\" content=\"article\" \/>\n<meta property=\"og:title\" content=\"Landal de Vers: Gravel basecamp Noord-Brabant- Cycling Destination\" \/>\n<meta property=\"og:description\" content=\"Landal De Vers: jouw uitvalsbasis voor gravel in Noord-Brabant \u00e9n Noord-Limburg\" \/>\n<meta property=\"og:url\" content=\"https:\/\/cyclingdestination.cc\/de\/verhalen\/nederland\/noord-brabant\/landal-de-vers-jouw-uitvalsbasis-voor-gravel-in-noord-brabant-en-noord-limburg\/\" \/>\n<meta property=\"og:site_name\" content=\"Cycling Destination\" \/>\n<meta property=\"article:publisher\" content=\"https:\/\/www.facebook.com\/cyclingdestination.cc\" \/>\n<meta property=\"article:published_time\" content=\"2026-01-12T13:05:26+00:00\" \/>\n<meta property=\"article:modified_time\" content=\"2026-01-12T13:36:33+00:00\" \/>\n<meta property=\"og:image\" content=\"https:\/\/cyclingdestination.cc\/wp-content\/uploads\/2026\/01\/LandalDeVers18_jpg.jpg\" \/>\n\t<meta property=\"og:image:width\" content=\"1920\" \/>\n\t<meta property=\"og:image:height\" content=\"1080\" \/>\n\t<meta property=\"og:image:type\" content=\"image\/jpeg\" \/>\n<meta name=\"author\" content=\"Sander\" \/>\n<meta name=\"twitter:card\" content=\"summary_large_image\" \/>\n<meta name=\"twitter:creator\" content=\"@cyclingdestin\" \/>\n<meta name=\"twitter:site\" content=\"@cyclingdestin\" \/>\n<meta name=\"twitter:label1\" content=\"Verfasst von\" \/>\n\t<meta name=\"twitter:data1\" content=\"Sander\" \/>\n\t<meta name=\"twitter:label2\" content=\"Gesch\u00e4tzte Lesezeit\" \/>\n\t<meta name=\"twitter:data2\" content=\"14\u00a0Minuten\" \/>\n<script type=\"application\/ld+json\" class=\"yoast-schema-graph\">{\"@context\":\"https:\\\/\\\/schema.org\",\"@graph\":[{\"@type\":\"Article\",\"@id\":\"https:\\\/\\\/cyclingdestination.cc\\\/verhalen\\\/nederland\\\/noord-brabant\\\/landal-de-vers-jouw-uitvalsbasis-voor-gravel-in-noord-brabant-en-noord-limburg#article\",\"isPartOf\":{\"@id\":\"https:\\\/\\\/cyclingdestination.cc\\\/verhalen\\\/nederland\\\/noord-brabant\\\/landal-de-vers-jouw-uitvalsbasis-voor-gravel-in-noord-brabant-en-noord-limburg\"},\"author\":{\"name\":\"Sander\",\"@id\":\"https:\\\/\\\/cyclingdestination.cc\\\/#\\\/schema\\\/person\\\/d8be1d6ea48cbeb775e9ea6b57e54a7d\"},\"headline\":\"Landal De Vers: jouw uitvalsbasis voor gravel in Noord-Brabant \u00e9n Noord-Limburg\",\"datePublished\":\"2026-01-12T13:05:26+00:00\",\"dateModified\":\"2026-01-12T13:36:33+00:00\",\"mainEntityOfPage\":{\"@id\":\"https:\\\/\\\/cyclingdestination.cc\\\/verhalen\\\/nederland\\\/noord-brabant\\\/landal-de-vers-jouw-uitvalsbasis-voor-gravel-in-noord-brabant-en-noord-limburg\"},\"wordCount\":1575,\"commentCount\":0,\"publisher\":{\"@id\":\"https:\\\/\\\/cyclingdestination.cc\\\/#organization\"},\"image\":{\"@id\":\"https:\\\/\\\/cyclingdestination.cc\\\/verhalen\\\/nederland\\\/noord-brabant\\\/landal-de-vers-jouw-uitvalsbasis-voor-gravel-in-noord-brabant-en-noord-limburg#primaryimage\"},\"thumbnailUrl\":\"https:\\\/\\\/cyclingdestination.cc\\\/wp-content\\\/uploads\\\/2026\\\/01\\\/LandalDeVers18_jpg.jpg\",\"keywords\":[\"Maasduinen\",\"noord-limburg\",\"NP de Maasduinen\"],\"articleSection\":[\"Gravel\",\"Limburg\",\"Nederland\",\"Noord-Brabant\",\"Verhalen\"],\"inLanguage\":\"de\",\"potentialAction\":[{\"@type\":\"CommentAction\",\"name\":\"Comment\",\"target\":[\"https:\\\/\\\/cyclingdestination.cc\\\/verhalen\\\/nederland\\\/noord-brabant\\\/landal-de-vers-jouw-uitvalsbasis-voor-gravel-in-noord-brabant-en-noord-limburg#respond\"]}]},{\"@type\":\"WebPage\",\"@id\":\"https:\\\/\\\/cyclingdestination.cc\\\/verhalen\\\/nederland\\\/noord-brabant\\\/landal-de-vers-jouw-uitvalsbasis-voor-gravel-in-noord-brabant-en-noord-limburg\",\"url\":\"https:\\\/\\\/cyclingdestination.cc\\\/verhalen\\\/nederland\\\/noord-brabant\\\/landal-de-vers-jouw-uitvalsbasis-voor-gravel-in-noord-brabant-en-noord-limburg\",\"name\":\"Landal de Vers: Gravel basecamp Noord-Brabant- Cycling Destination\",\"isPartOf\":{\"@id\":\"https:\\\/\\\/cyclingdestination.cc\\\/#website\"},\"primaryImageOfPage\":{\"@id\":\"https:\\\/\\\/cyclingdestination.cc\\\/verhalen\\\/nederland\\\/noord-brabant\\\/landal-de-vers-jouw-uitvalsbasis-voor-gravel-in-noord-brabant-en-noord-limburg#primaryimage\"},\"image\":{\"@id\":\"https:\\\/\\\/cyclingdestination.cc\\\/verhalen\\\/nederland\\\/noord-brabant\\\/landal-de-vers-jouw-uitvalsbasis-voor-gravel-in-noord-brabant-en-noord-limburg#primaryimage\"},\"thumbnailUrl\":\"https:\\\/\\\/cyclingdestination.cc\\\/wp-content\\\/uploads\\\/2026\\\/01\\\/LandalDeVers18_jpg.jpg\",\"datePublished\":\"2026-01-12T13:05:26+00:00\",\"dateModified\":\"2026-01-12T13:36:33+00:00\",\"description\":\"Landal De Vers: jouw uitvalsbasis voor gravel in Noord-Brabant \u00e9n Noord-Limburg\",\"breadcrumb\":{\"@id\":\"https:\\\/\\\/cyclingdestination.cc\\\/verhalen\\\/nederland\\\/noord-brabant\\\/landal-de-vers-jouw-uitvalsbasis-voor-gravel-in-noord-brabant-en-noord-limburg#breadcrumb\"},\"inLanguage\":\"de\",\"potentialAction\":[{\"@type\":\"ReadAction\",\"target\":[\"https:\\\/\\\/cyclingdestination.cc\\\/verhalen\\\/nederland\\\/noord-brabant\\\/landal-de-vers-jouw-uitvalsbasis-voor-gravel-in-noord-brabant-en-noord-limburg\"]}]},{\"@type\":\"ImageObject\",\"inLanguage\":\"de\",\"@id\":\"https:\\\/\\\/cyclingdestination.cc\\\/verhalen\\\/nederland\\\/noord-brabant\\\/landal-de-vers-jouw-uitvalsbasis-voor-gravel-in-noord-brabant-en-noord-limburg#primaryimage\",\"url\":\"https:\\\/\\\/cyclingdestination.cc\\\/wp-content\\\/uploads\\\/2026\\\/01\\\/LandalDeVers18_jpg.jpg\",\"contentUrl\":\"https:\\\/\\\/cyclingdestination.cc\\\/wp-content\\\/uploads\\\/2026\\\/01\\\/LandalDeVers18_jpg.jpg\",\"width\":1920,\"height\":1080},{\"@type\":\"BreadcrumbList\",\"@id\":\"https:\\\/\\\/cyclingdestination.cc\\\/verhalen\\\/nederland\\\/noord-brabant\\\/landal-de-vers-jouw-uitvalsbasis-voor-gravel-in-noord-brabant-en-noord-limburg#breadcrumb\",\"itemListElement\":[{\"@type\":\"ListItem\",\"position\":1,\"name\":\"Home\",\"item\":\"https:\\\/\\\/cyclingdestination.cc\\\/\"},{\"@type\":\"ListItem\",\"position\":2,\"name\":\"Landal De Vers: jouw uitvalsbasis voor gravel in Noord-Brabant \u00e9n Noord-Limburg\"}]},{\"@type\":\"WebSite\",\"@id\":\"https:\\\/\\\/cyclingdestination.cc\\\/#website\",\"url\":\"https:\\\/\\\/cyclingdestination.cc\\\/\",\"name\":\"Cycling Destination\",\"description\":\"Inspiratie voor jouw volgende fietsavontuur\",\"publisher\":{\"@id\":\"https:\\\/\\\/cyclingdestination.cc\\\/#organization\"},\"potentialAction\":[{\"@type\":\"SearchAction\",\"target\":{\"@type\":\"EntryPoint\",\"urlTemplate\":\"https:\\\/\\\/cyclingdestination.cc\\\/?s={search_term_string}\"},\"query-input\":{\"@type\":\"PropertyValueSpecification\",\"valueRequired\":true,\"valueName\":\"search_term_string\"}}],\"inLanguage\":\"de\"},{\"@type\":\"Organization\",\"@id\":\"https:\\\/\\\/cyclingdestination.cc\\\/#organization\",\"name\":\"Cycling Destination\",\"url\":\"https:\\\/\\\/cyclingdestination.cc\\\/\",\"logo\":{\"@type\":\"ImageObject\",\"inLanguage\":\"de\",\"@id\":\"https:\\\/\\\/cyclingdestination.cc\\\/#\\\/schema\\\/logo\\\/image\\\/\",\"url\":\"https:\\\/\\\/cyclingdestination.cc\\\/wp-content\\\/uploads\\\/2022\\\/01\\\/cyclingdestination_logo_RGB_zwart_vDEF-1.png\",\"contentUrl\":\"https:\\\/\\\/cyclingdestination.cc\\\/wp-content\\\/uploads\\\/2022\\\/01\\\/cyclingdestination_logo_RGB_zwart_vDEF-1.png\",\"width\":2550,\"height\":814,\"caption\":\"Cycling Destination\"},\"image\":{\"@id\":\"https:\\\/\\\/cyclingdestination.cc\\\/#\\\/schema\\\/logo\\\/image\\\/\"},\"sameAs\":[\"https:\\\/\\\/www.facebook.com\\\/cyclingdestination.cc\",\"https:\\\/\\\/x.com\\\/cyclingdestin\",\"https:\\\/\\\/www.instagram.com\\\/cyclingdestination.cc\\\/\"]},{\"@type\":\"Person\",\"@id\":\"https:\\\/\\\/cyclingdestination.cc\\\/#\\\/schema\\\/person\\\/d8be1d6ea48cbeb775e9ea6b57e54a7d\",\"name\":\"Sander\",\"url\":\"https:\\\/\\\/cyclingdestination.cc\\\/de\\\/author\\\/admin\"}]}<\/script>\n<!-- \/ Yoast SEO plugin. -->","yoast_head_json":{"title":"Landal de Vers: Schotterbasislager Nordbrabant- Radfahrziel","description":"Landal De Vers: Ihr Ausgangspunkt f\u00fcr Schotter in Nordbrabant und Nordlimburg","robots":{"index":"index","follow":"follow","max-snippet":"max-snippet:-1","max-image-preview":"max-image-preview:large","max-video-preview":"max-video-preview:-1"},"canonical":"https:\/\/cyclingdestination.cc\/de\/verhalen\/nederland\/noord-brabant\/landal-de-vers-jouw-uitvalsbasis-voor-gravel-in-noord-brabant-en-noord-limburg\/","og_locale":"de_DE","og_type":"article","og_title":"Landal de Vers: Gravel basecamp Noord-Brabant- Cycling Destination","og_description":"Landal De Vers: jouw uitvalsbasis voor gravel in Noord-Brabant \u00e9n Noord-Limburg","og_url":"https:\/\/cyclingdestination.cc\/de\/verhalen\/nederland\/noord-brabant\/landal-de-vers-jouw-uitvalsbasis-voor-gravel-in-noord-brabant-en-noord-limburg\/","og_site_name":"Cycling Destination","article_publisher":"https:\/\/www.facebook.com\/cyclingdestination.cc","article_published_time":"2026-01-12T13:05:26+00:00","article_modified_time":"2026-01-12T13:36:33+00:00","og_image":[{"width":1920,"height":1080,"url":"https:\/\/cyclingdestination.cc\/wp-content\/uploads\/2026\/01\/LandalDeVers18_jpg.jpg","type":"image\/jpeg"}],"author":"Sander","twitter_card":"summary_large_image","twitter_creator":"@cyclingdestin","twitter_site":"@cyclingdestin","twitter_misc":{"Verfasst von":"Sander","Gesch\u00e4tzte Lesezeit":"14\u00a0Minuten"},"schema":{"@context":"https:\/\/schema.org","@graph":[{"@type":"Article","@id":"https:\/\/cyclingdestination.cc\/verhalen\/nederland\/noord-brabant\/landal-de-vers-jouw-uitvalsbasis-voor-gravel-in-noord-brabant-en-noord-limburg#article","isPartOf":{"@id":"https:\/\/cyclingdestination.cc\/verhalen\/nederland\/noord-brabant\/landal-de-vers-jouw-uitvalsbasis-voor-gravel-in-noord-brabant-en-noord-limburg"},"author":{"name":"Sander","@id":"https:\/\/cyclingdestination.cc\/#\/schema\/person\/d8be1d6ea48cbeb775e9ea6b57e54a7d"},"headline":"Landal De Vers: jouw uitvalsbasis voor gravel in Noord-Brabant \u00e9n Noord-Limburg","datePublished":"2026-01-12T13:05:26+00:00","dateModified":"2026-01-12T13:36:33+00:00","mainEntityOfPage":{"@id":"https:\/\/cyclingdestination.cc\/verhalen\/nederland\/noord-brabant\/landal-de-vers-jouw-uitvalsbasis-voor-gravel-in-noord-brabant-en-noord-limburg"},"wordCount":1575,"commentCount":0,"publisher":{"@id":"https:\/\/cyclingdestination.cc\/#organization"},"image":{"@id":"https:\/\/cyclingdestination.cc\/verhalen\/nederland\/noord-brabant\/landal-de-vers-jouw-uitvalsbasis-voor-gravel-in-noord-brabant-en-noord-limburg#primaryimage"},"thumbnailUrl":"https:\/\/cyclingdestination.cc\/wp-content\/uploads\/2026\/01\/LandalDeVers18_jpg.jpg","keywords":["Maasduinen","noord-limburg","NP de Maasduinen"],"articleSection":["Gravel","Limburg","Nederland","Noord-Brabant","Verhalen"],"inLanguage":"de","potentialAction":[{"@type":"CommentAction","name":"Comment","target":["https:\/\/cyclingdestination.cc\/verhalen\/nederland\/noord-brabant\/landal-de-vers-jouw-uitvalsbasis-voor-gravel-in-noord-brabant-en-noord-limburg#respond"]}]},{"@type":"WebPage","@id":"https:\/\/cyclingdestination.cc\/verhalen\/nederland\/noord-brabant\/landal-de-vers-jouw-uitvalsbasis-voor-gravel-in-noord-brabant-en-noord-limburg","url":"https:\/\/cyclingdestination.cc\/verhalen\/nederland\/noord-brabant\/landal-de-vers-jouw-uitvalsbasis-voor-gravel-in-noord-brabant-en-noord-limburg","name":"Landal de Vers: Schotterbasislager Nordbrabant- Radfahrziel","isPartOf":{"@id":"https:\/\/cyclingdestination.cc\/#website"},"primaryImageOfPage":{"@id":"https:\/\/cyclingdestination.cc\/verhalen\/nederland\/noord-brabant\/landal-de-vers-jouw-uitvalsbasis-voor-gravel-in-noord-brabant-en-noord-limburg#primaryimage"},"image":{"@id":"https:\/\/cyclingdestination.cc\/verhalen\/nederland\/noord-brabant\/landal-de-vers-jouw-uitvalsbasis-voor-gravel-in-noord-brabant-en-noord-limburg#primaryimage"},"thumbnailUrl":"https:\/\/cyclingdestination.cc\/wp-content\/uploads\/2026\/01\/LandalDeVers18_jpg.jpg","datePublished":"2026-01-12T13:05:26+00:00","dateModified":"2026-01-12T13:36:33+00:00","description":"Landal De Vers: Ihr Ausgangspunkt f\u00fcr Schotter in Nordbrabant und Nordlimburg","breadcrumb":{"@id":"https:\/\/cyclingdestination.cc\/verhalen\/nederland\/noord-brabant\/landal-de-vers-jouw-uitvalsbasis-voor-gravel-in-noord-brabant-en-noord-limburg#breadcrumb"},"inLanguage":"de","potentialAction":[{"@type":"ReadAction","target":["https:\/\/cyclingdestination.cc\/verhalen\/nederland\/noord-brabant\/landal-de-vers-jouw-uitvalsbasis-voor-gravel-in-noord-brabant-en-noord-limburg"]}]},{"@type":"ImageObject","inLanguage":"de","@id":"https:\/\/cyclingdestination.cc\/verhalen\/nederland\/noord-brabant\/landal-de-vers-jouw-uitvalsbasis-voor-gravel-in-noord-brabant-en-noord-limburg#primaryimage","url":"https:\/\/cyclingdestination.cc\/wp-content\/uploads\/2026\/01\/LandalDeVers18_jpg.jpg","contentUrl":"https:\/\/cyclingdestination.cc\/wp-content\/uploads\/2026\/01\/LandalDeVers18_jpg.jpg","width":1920,"height":1080},{"@type":"BreadcrumbList","@id":"https:\/\/cyclingdestination.cc\/verhalen\/nederland\/noord-brabant\/landal-de-vers-jouw-uitvalsbasis-voor-gravel-in-noord-brabant-en-noord-limburg#breadcrumb","itemListElement":[{"@type":"ListItem","position":1,"name":"Home","item":"https:\/\/cyclingdestination.cc\/"},{"@type":"ListItem","position":2,"name":"Landal De Vers: jouw uitvalsbasis voor gravel in Noord-Brabant \u00e9n Noord-Limburg"}]},{"@type":"WebSite","@id":"https:\/\/cyclingdestination.cc\/#website","url":"https:\/\/cyclingdestination.cc\/","name":"Ziel Radfahren","description":"Inspiration f\u00fcr Ihr n\u00e4chstes Fahrradabenteuer","publisher":{"@id":"https:\/\/cyclingdestination.cc\/#organization"},"potentialAction":[{"@type":"SearchAction","target":{"@type":"EntryPoint","urlTemplate":"https:\/\/cyclingdestination.cc\/?s={search_term_string}"},"query-input":{"@type":"PropertyValueSpecification","valueRequired":true,"valueName":"search_term_string"}}],"inLanguage":"de"},{"@type":"Organization","@id":"https:\/\/cyclingdestination.cc\/#organization","name":"Ziel Radfahren","url":"https:\/\/cyclingdestination.cc\/","logo":{"@type":"ImageObject","inLanguage":"de","@id":"https:\/\/cyclingdestination.cc\/#\/schema\/logo\/image\/","url":"https:\/\/cyclingdestination.cc\/wp-content\/uploads\/2022\/01\/cyclingdestination_logo_RGB_zwart_vDEF-1.png","contentUrl":"https:\/\/cyclingdestination.cc\/wp-content\/uploads\/2022\/01\/cyclingdestination_logo_RGB_zwart_vDEF-1.png","width":2550,"height":814,"caption":"Cycling Destination"},"image":{"@id":"https:\/\/cyclingdestination.cc\/#\/schema\/logo\/image\/"},"sameAs":["https:\/\/www.facebook.com\/cyclingdestination.cc","https:\/\/x.com\/cyclingdestin","https:\/\/www.instagram.com\/cyclingdestination.cc\/"]},{"@type":"Person","@id":"https:\/\/cyclingdestination.cc\/#\/schema\/person\/d8be1d6ea48cbeb775e9ea6b57e54a7d","name":"Sander","url":"https:\/\/cyclingdestination.cc\/de\/author\/admin"}]}},"_links":{"self":[{"href":"https:\/\/cyclingdestination.cc\/de\/wp-json\/wp\/v2\/posts\/25607","targetHints":{"allow":["GET"]}}],"collection":[{"href":"https:\/\/cyclingdestination.cc\/de\/wp-json\/wp\/v2\/posts"}],"about":[{"href":"https:\/\/cyclingdestination.cc\/de\/wp-json\/wp\/v2\/types\/post"}],"author":[{"embeddable":true,"href":"https:\/\/cyclingdestination.cc\/de\/wp-json\/wp\/v2\/users\/1"}],"replies":[{"embeddable":true,"href":"https:\/\/cyclingdestination.cc\/de\/wp-json\/wp\/v2\/comments?post=25607"}],"version-history":[{"count":16,"href":"https:\/\/cyclingdestination.cc\/de\/wp-json\/wp\/v2\/posts\/25607\/revisions"}],"predecessor-version":[{"id":25868,"href":"https:\/\/cyclingdestination.cc\/de\/wp-json\/wp\/v2\/posts\/25607\/revisions\/25868"}],"wp:featuredmedia":[{"embeddable":true,"href":"https:\/\/cyclingdestination.cc\/de\/wp-json\/wp\/v2\/media\/25756"}],"wp:attachment":[{"href":"https:\/\/cyclingdestination.cc\/de\/wp-json\/wp\/v2\/media?parent=25607"}],"wp:term":[{"taxonomy":"category","embeddable":true,"href":"https:\/\/cyclingdestination.cc\/de\/wp-json\/wp\/v2\/categories?post=25607"},{"taxonomy":"post_tag","embeddable":true,"href":"https:\/\/cyclingdestination.cc\/de\/wp-json\/wp\/v2\/tags?post=25607"}],"curies":[{"name":"wp","href":"https:\/\/api.w.org\/{rel}","templated":true}]}}