{"id":26119,"date":"2026-02-13T17:57:59","date_gmt":"2026-02-13T16:57:59","guid":{"rendered":"https:\/\/cyclingdestination.cc\/?p=26119"},"modified":"2026-02-13T18:59:22","modified_gmt":"2026-02-13T17:59:22","slug":"autovrije-cols-alpen-fietsen-planning-2026","status":"publish","type":"post","link":"https:\/\/cyclingdestination.cc\/de\/verhalen\/autovrije-cols-alpen-fietsen-planning-2026","title":{"rendered":"Autofreie P\u00e4sse im Jahr 2026: So planen Sie Ihren Traumsommer auf Stilfser Joch, Sella und Alpe d'Huez"},"content":{"rendered":"<p>Sie fahren die letzten Kehren des Stilfser Jochs hinauf, und alles, was Sie h\u00f6ren, ist Ihr eigener Atem, das Ticken der Kette und das Schalten der G\u00e4nge. Keine Motorr\u00e4der, keine Camper, kein Hupen. Im Jahr 2026 kann man das fast jede Woche irgendwo in den Alpen erleben. Wie hei\u00df! Autofreie P\u00e4sse in den Alpen, Pyren\u00e4en, Dolomiten und mehr finden Sie in diesem Artikel, damit Sie Ihren idealen Sommer planen k\u00f6nnen. Was einst mit ein paar losen lokalen Initiativen begann, hat sich zu einem Kalender mit autofreien P\u00e4ssen entwickelt, der sich \u00fcber <a href=\"https:\/\/cyclingdestination.cc\/de\/fietsen-in-de-dolomieten\/\" type=\"page\" id=\"21916\">Italien<\/a>, <a href=\"https:\/\/cyclingdestination.cc\/de\/fietsen-in-de-franse-alpen\/\" type=\"page\" id=\"21829\">Frankreich<\/a> und <a href=\"https:\/\/cyclingdestination.cc\/de\/fietsen-in-zwitserland\/\" type=\"page\" id=\"15583\">Schweiz<\/a>. So k\u00f6nnen Radfahrer in diesem Jahr Urlaub in H\u00f6henmeter umwandeln.<\/p>\n\n\n\n<h2 class=\"wp-block-heading\">Dolomiten - Sella Ronda ohne Abgase<\/h2>\n\n\n\n<p>Die <strong>Sellaronda Fahrradtag<\/strong> ist f\u00fcr viele Radfahrer der erste Einstieg in die autofreie Bergwelt. Die 55 Kilometer lange Schleife um das Sella-Massiv f\u00fchrt \u00fcber vier bekannte P\u00e4sse: <strong>Gr\u00f6dnerjoch<\/strong>, <strong>Sellapass<\/strong>, <strong>Passo Pordoi<\/strong> und <strong>Passo Campolongo<\/strong>. Insgesamt handelt es sich um etwa 1.700 H\u00f6henmesser. Die <a href=\"https:\/\/cyclingdestination.cc\/de\/classic-rides\/classic-rides-sella-ronda\/\" type=\"post\" id=\"1962\">Sellaronda<\/a> ist ein echter Klassiker. <\/p>\n\n\n\n<figure class=\"wp-block-gallery has-nested-images columns-default is-cropped wp-block-gallery-1 is-layout-flex wp-block-gallery-is-layout-flex\">\n<figure class=\"wp-block-image size-large\"><img fetchpriority=\"high\" decoding=\"async\" width=\"1024\" height=\"647\" data-id=\"23350\" src=\"https:\/\/cyclingdestination.cc\/wp-content\/uploads\/2025\/07\/Sella-Ronda-credits-Adam-Kolarski-1024x647.jpg\" alt=\"Sella Ronda, Dolomiten, Italien, Sellajoch, Pordoijoch,\" class=\"wp-image-23350\" srcset=\"https:\/\/cyclingdestination.cc\/wp-content\/uploads\/2025\/07\/Sella-Ronda-credits-Adam-Kolarski-1024x647.jpg 1024w, https:\/\/cyclingdestination.cc\/wp-content\/uploads\/2025\/07\/Sella-Ronda-credits-Adam-Kolarski-300x190.jpg 300w, https:\/\/cyclingdestination.cc\/wp-content\/uploads\/2025\/07\/Sella-Ronda-credits-Adam-Kolarski-768x486.jpg 768w, https:\/\/cyclingdestination.cc\/wp-content\/uploads\/2025\/07\/Sella-Ronda-credits-Adam-Kolarski-1536x971.jpg 1536w, https:\/\/cyclingdestination.cc\/wp-content\/uploads\/2025\/07\/Sella-Ronda-credits-Adam-Kolarski-18x12.jpg 18w, https:\/\/cyclingdestination.cc\/wp-content\/uploads\/2025\/07\/Sella-Ronda-credits-Adam-Kolarski.jpg 1920w\" sizes=\"(max-width: 1024px) 100vw, 1024px\" \/><figcaption class=\"wp-element-caption\">(c) Adam Kolarski<\/figcaption><\/figure>\n<\/figure>\n\n\n\n<p>Im Jahr 2026 wird es zwei Ausgaben geben: <strong>Samstag, 6. Juni<\/strong> und <strong>Samstag, 12. September<\/strong>. Die Stra\u00dfen werden um 8:30 Uhr gesperrt und bleiben bis 15:30 Uhr f\u00fcr den motorisierten Verkehr gesperrt. Keine Anmeldung erforderlich, kein Startgeld. Die Atmosph\u00e4re: eine lange Reihe von Bergsteigern zwischen den Bergh\u00e4ngen, Kaffeestopps in den H\u00fctten und auf dem Pordoi das Denkmal von Fausto Coppi. Es empfiehlt sich, fr\u00fch zu starten und gegen den Uhrzeigersinn zu fahren. Nach 11 Uhr sind die Kaffeestationen \u00fcberf\u00fcllt.<\/p>\n\n\n\n<p><strong>Basecamp:<\/strong> <strong>Corvara<\/strong> unter <a href=\"https:\/\/cyclingdestination.cc\/de\/verhalen\/italie\/dolomieten\/la-pedalata-bikepacking-van-bormio-naar-alta-badia-en-terug\/\" type=\"post\" id=\"23334\">Alta Badia<\/a>. Fahrradfreundliche Hotels, gute Parkm\u00f6glichkeiten, und Sie sind in wenigen Minuten am Fu\u00dfe des ersten Anstiegs.<\/p>\n\n\n\n<h2 class=\"wp-block-heading\">Stelvio - der harte Stoff<\/h2>\n\n\n\n<p>F\u00fcr schwerere Strecken gibt es <strong><a href=\"https:\/\/www.bormio.eu\/en\/eventi\/enjoy-stelvio-valtellina-2026-stelvio-pass\">Stelvio Valtellina genie\u00dfen<\/a><\/strong>. Dieses Programm, das bereits zum neunten Mal stattfindet, schlie\u00dft zwischen Mai und September regelm\u00e4\u00dfig die schwierigsten P\u00e4sse der Zentralalpen. Und wir sprechen \u00fcber die <strong>Stelvio<\/strong>, <strong>Gavia<\/strong>, <strong>Mortirolo<\/strong> und die <strong>Cancano-Seen<\/strong>.<\/p>\n\n\n\n<figure class=\"wp-block-gallery has-nested-images columns-default is-cropped wp-block-gallery-2 is-layout-flex wp-block-gallery-is-layout-flex\">\n<figure class=\"wp-block-image size-large\"><img decoding=\"async\" width=\"1024\" height=\"683\" data-id=\"25422\" src=\"https:\/\/cyclingdestination.cc\/wp-content\/uploads\/2025\/12\/Bormio2025-20-1024x683.jpg\" alt=\"Stilfserjoch, Stilfserjoch, Passo dello Stelvio, Stilfersjoch\" class=\"wp-image-25422\" srcset=\"https:\/\/cyclingdestination.cc\/wp-content\/uploads\/2025\/12\/Bormio2025-20-1024x683.jpg 1024w, https:\/\/cyclingdestination.cc\/wp-content\/uploads\/2025\/12\/Bormio2025-20-300x200.jpg 300w, https:\/\/cyclingdestination.cc\/wp-content\/uploads\/2025\/12\/Bormio2025-20-768x512.jpg 768w, https:\/\/cyclingdestination.cc\/wp-content\/uploads\/2025\/12\/Bormio2025-20-1536x1024.jpg 1536w, https:\/\/cyclingdestination.cc\/wp-content\/uploads\/2025\/12\/Bormio2025-20-18x12.jpg 18w, https:\/\/cyclingdestination.cc\/wp-content\/uploads\/2025\/12\/Bormio2025-20.jpg 1920w\" sizes=\"(max-width: 1024px) 100vw, 1024px\" \/><figcaption class=\"wp-element-caption\">Stelvio in optima forma (C) Rennrad Andy<\/figcaption><\/figure>\n<\/figure>\n\n\n\n<p>Der gro\u00dfe Tag ist <strong>29. August<\/strong>: Dann schlie\u00dfen sich alle drei Seiten des Stelvio. Von <a href=\"https:\/\/cyclingdestination.cc\/de\/verhalen\/bormio-het-startpunt-voor-de-stelvio-gavia-en-mortirolo\/\" type=\"post\" id=\"25235\">Bormio<\/a>, von Trafoi aus und \u00fcber die Schweizer <em>Umbrail-Pass<\/em>. Das ist die 24. Auflage des Cima Coppi Climb. Sechzehn Stunden Radfahren allein auf 48 Haarnadelkurven und fast 1.800 H\u00f6henmetern.<\/p>\n\n\n\n<figure class=\"wp-block-table\"><table class=\"has-fixed-layout\"><thead><tr><th class=\"has-text-align-left\" data-align=\"left\">Pass<\/th><th class=\"has-text-align-left\" data-align=\"left\">Daten 2026<\/th><th class=\"has-text-align-left\" data-align=\"left\">Schlie\u00dfen<\/th><\/tr><\/thead><tbody><tr><td class=\"has-text-align-left\" data-align=\"left\"><strong>Passo dello Stelvio<\/strong><\/td><td class=\"has-text-align-left\" data-align=\"left\">29 Aug \/ 19 Sept<\/td><td class=\"has-text-align-left\" data-align=\"left\">8:00-16:00<\/td><\/tr><tr><td class=\"has-text-align-left\" data-align=\"left\"><strong>Passo Gavia<\/strong><\/td><td class=\"has-text-align-left\" data-align=\"left\">5. Juni \/ 30. August<\/td><td class=\"has-text-align-left\" data-align=\"left\">9:00-13:00<\/td><\/tr><tr><td class=\"has-text-align-left\" data-align=\"left\"><strong>Passo del Mortirolo<\/strong><\/td><td class=\"has-text-align-left\" data-align=\"left\">9 Juni \/ 28 Aug<\/td><td class=\"has-text-align-left\" data-align=\"left\">9:00-13:00<\/td><\/tr><tr><td class=\"has-text-align-left\" data-align=\"left\"><strong>Cancano-Seen<\/strong><\/td><td class=\"has-text-align-left\" data-align=\"left\">8. Juni \/ 11. Juli \/ 27. August<\/td><td class=\"has-text-align-left\" data-align=\"left\">9:00-13:00<\/td><\/tr><tr><td class=\"has-text-align-left\" data-align=\"left\"><strong>Passo San Marco<\/strong><\/td><td class=\"has-text-align-left\" data-align=\"left\">30. Mai<\/td><td class=\"has-text-align-left\" data-align=\"left\">9:00-13:00<\/td><\/tr><\/tbody><\/table><\/figure>\n\n\n\n<p>Der Mortirolo an einem autofreien Morgen ist schon hart (durchschnittlich 10,5%). Die Gavia am selben Tag macht die Fahrt noch h\u00e4rter. Kompakte Gang (34\u00d732 oder gr\u00f6\u00dfer) ist hier \u00fcblich.<\/p>\n\n\n\n<p><strong>Basecamp:<\/strong> <strong>Bormio<\/strong>. Zentral gelegen f\u00fcr Stilfserjoch, Gavia UND Mortirolo. Fahrradfreundliche Hotels mit Abstell- und Arbeitspl\u00e4tzen und Thermalb\u00e4dern f\u00fcr die Erholung danach.<\/p>\n\n\n\n<h2 class=\"wp-block-heading\">Col Series Oisans - Franz\u00f6sische Alpen - jeden Dienstag eine andere Legende<\/h2>\n\n\n\n<p>In der <strong>Oisans<\/strong>, der Heimat von Alpe d'Huez, wird der <strong><a href=\"https:\/\/nl.bike-oisans.com\/agenda-koers-mtb-oisans\/oisans-col-series\/\" type=\"link\" id=\"https:\/\/nl.bike-oisans.com\/agenda-koers-mtb-oisans\/oisans-col-series\/\">Serie Oisans Col<\/a><\/strong> seit Jahren am Dienstagvormittag im Juli und August. Jede Woche ein anderes Col, kostenlos, ohne Anmeldung, mit Ravitaillation auf dem Gipfel.<\/p>\n\n\n\n<p>Der Zeitplan umfasst: <strong>Col de la Croix de Fer<\/strong>, <strong>Der Berg Glandon<\/strong>, <strong>Col de Sarenne<\/strong> und schlie\u00dflich <strong>Alpe d'Huez<\/strong> selbst, mit 21 Ecken. Letztere wird traditionell an einem Mittwoch durchgef\u00fchrt.<\/p>\n\n\n\n<p>In der <strong>Hautes-Alpes<\/strong> organisiert man die <strong>Tourn\u00e9e des Grands Cols<\/strong>: f\u00fcnf Tage hintereinander eine andere Farbe. <strong>Galibier<\/strong> (2.642m), <strong>Izoard<\/strong>, <strong>Oberst Agnel<\/strong>, <strong>Col du Granon<\/strong> und <strong>Der Gipfel der Sch\u00fcssel<\/strong>. Schlie\u00dfungen in der Regel zwischen 9:00 und 12:00 Uhr. Unter <strong>Haute-Savoie<\/strong> ist die <strong>Col de Joux-Ebene<\/strong> Autofrei am 20. Juli.<\/p>\n\n\n\n<p>So k\u00f6nnen Sie in einer Woche mehrere autofreie P\u00e4sse in der Region Oisans befahren.<\/p>\n\n\n\n<p><strong>Basecamp:<\/strong> <strong>Bourg d'Oisans<\/strong>. Am Fu\u00dfe der Alpe d'Huez, mit vielen B\u00e4ckereien und Einrichtungen f\u00fcr Radfahrer.<\/p>\n\n\n\n<h2 class=\"wp-block-heading\">Schweiz - extra leise<\/h2>\n\n\n\n<p>Die Schweiz macht es anders. Weniger Grossanl\u00e4sse, mehr strukturell autofreie Strassen. Eine der wichtigsten Initiativen ist die <a href=\"https:\/\/ridethealps.ch\/en\/\">Reiten in den Alpen<\/a>. Die Anstiege dieser Initiative befinden sich haupts\u00e4chlich in der Region Wallis-Wallis. Erwarten Sie ein autofreies <a href=\"https:\/\/cyclingdestination.cc\/de\/verhalen\/col-du-sanetsch-best-kept-secret-in-valais\/\" type=\"post\" id=\"12802\">Sanetsch-Pass<\/a>, als ein Klassiker. <\/p>\n\n\n\n<figure class=\"wp-block-gallery has-nested-images columns-default is-cropped wp-block-gallery-3 is-layout-flex wp-block-gallery-is-layout-flex\">\n<figure class=\"wp-block-image size-large\"><img decoding=\"async\" width=\"768\" height=\"1024\" data-id=\"23812\" src=\"https:\/\/cyclingdestination.cc\/wp-content\/uploads\/2025\/09\/CransMontana2025-12-768x1024.jpg\" alt=\"Sanetsch-Pass, Col du Sanetsch\" class=\"wp-image-23812\" srcset=\"https:\/\/cyclingdestination.cc\/wp-content\/uploads\/2025\/09\/CransMontana2025-12-768x1024.jpg 768w, https:\/\/cyclingdestination.cc\/wp-content\/uploads\/2025\/09\/CransMontana2025-12-225x300.jpg 225w, https:\/\/cyclingdestination.cc\/wp-content\/uploads\/2025\/09\/CransMontana2025-12-1152x1536.jpg 1152w, https:\/\/cyclingdestination.cc\/wp-content\/uploads\/2025\/09\/CransMontana2025-12-9x12.jpg 9w, https:\/\/cyclingdestination.cc\/wp-content\/uploads\/2025\/09\/CransMontana2025-12.jpg 1440w\" sizes=\"(max-width: 768px) 100vw, 768px\" \/><\/figure>\n\n\n\n<figure class=\"wp-block-image size-large\"><img loading=\"lazy\" decoding=\"async\" width=\"768\" height=\"1024\" data-id=\"23813\" src=\"https:\/\/cyclingdestination.cc\/wp-content\/uploads\/2025\/09\/CransMontana2025-09-768x1024.jpg\" alt=\"Oberst du Sanetsch, LMTD, Princeton CarbonWorks Peak 4550\" class=\"wp-image-23813\" srcset=\"https:\/\/cyclingdestination.cc\/wp-content\/uploads\/2025\/09\/CransMontana2025-09-768x1024.jpg 768w, https:\/\/cyclingdestination.cc\/wp-content\/uploads\/2025\/09\/CransMontana2025-09-225x300.jpg 225w, https:\/\/cyclingdestination.cc\/wp-content\/uploads\/2025\/09\/CransMontana2025-09-1152x1536.jpg 1152w, https:\/\/cyclingdestination.cc\/wp-content\/uploads\/2025\/09\/CransMontana2025-09-9x12.jpg 9w, https:\/\/cyclingdestination.cc\/wp-content\/uploads\/2025\/09\/CransMontana2025-09.jpg 1440w\" sizes=\"(max-width: 768px) 100vw, 768px\" \/><\/figure>\n<\/figure>\n\n\n\n<p> Die <strong>Grosse Scheidegg<\/strong> bei Grindelwald ist ganzj\u00e4hrig f\u00fcr den Autoverkehr gesperrt (nur Postautos). Zehn Kilometer Steigung mit einem Durchschnitt von 9,1% im Schatten des Eigers. Ansonsten gibt es kaum Verkehr.<\/p>\n\n\n\n<p>Die <strong>Tremola<\/strong> zum <strong>San Gottardo<\/strong> verl\u00e4uft in 38 Haarnadelkurven \u00fcber historisches Kopfsteinpflaster. Ein Teil der <strong>Reiten in den Alpen<\/strong>-Programm. Viele Radfahrer entscheiden sich hier f\u00fcr robuste Reifen.<\/p>\n\n\n\n<p>Dar\u00fcber hinaus wird am <strong>Samstag, 8. August<\/strong> unter <strong>D\u00fcdingen<\/strong> im Kanton Freiburg, eine 49 oder 59 Kilometer lange Strecke \u00fcber 12 kleinere P\u00e4sse.<\/p>\n\n\n\n<h2 class=\"wp-block-heading\">Wie stellen Sie sich Ihren Sommer vor?<\/h2>\n\n\n\n<p>Sie k\u00f6nnen kombinieren. Eine Woche <strong>Bormio<\/strong> rund um das Stilfser Joch und die Gavia-Tage Ende August, um dann auf die <strong>Dolomiten<\/strong> f\u00fcr die Sellaronda am 12. September. Oder Sie beginnen Anfang Juni mit der Sellaronda am 6. Juni, dann mit der Gavia am 5. und dem Mortirolo am 9. Juni. In extremen F\u00e4llen kann es zu Stornierungen kommen, die einen Puffertag erfordern.<\/p>\n\n\n\n<p>Am Morgen des Veranstaltungstages werden die neuesten Informationen auf den lokalen Websites ver\u00f6ffentlicht: <strong>bormio.eu<\/strong> f\u00fcr Italien, <strong>bike-oisans.com<\/strong> f\u00fcr Frankreich.<\/p>\n\n\n\n<h2 class=\"wp-block-heading\">Was fehlt uns noch?<\/h2>\n\n\n\n<p>Kennen Sie andere autofreie P\u00e4sse oder lokale Radtage, \u00fcber die Sie radeln d\u00fcrfen? Besonders aus Deutschland und \u00d6sterreich w\u00fcrden wir gerne mehr h\u00f6ren. Lassen Sie es uns wissen und wir fangen an zu testen.<\/p>\n\n\n\n<p><strong>FAQ - Autofreie P\u00e4sse Alpen 2026<\/strong><\/p>\n\n\n\n<p><strong>Wann wird das Stelvio im Jahr 2026 autofrei sein?<br><\/strong>Das Stilfser Joch wird am 29. August und 19. September 2026 autofrei sein.<\/p>\n\n\n\n<p><strong>Sollten Sie sich f\u00fcr autofreie Cols anmelden?<br><\/strong>Nein, die meisten autofreien Col-Tage sind kostenlos und ohne Anmeldung zug\u00e4nglich.<\/p>\n\n\n\n<p><strong>Welches ist die ber\u00fchmteste autofreie Col?<br><\/strong>Der Sellaronda Bike Day und Enjoy Stelvio sind die bekanntesten autofreien Klettertage in Europa. Gleiches gilt f\u00fcr die Oisans Col Series. <\/p>","protected":false},"excerpt":{"rendered":"<p>*Europa verschenkt seine legend\u00e4ren Bergp\u00e4sse an die Radfahrer. Von den Dolomiten bis zu den Oisans, von Bormio bis zum Gotthard: Im Jahr 2026 kann man fast jede Woche irgendwo in den Alpen ohne Auto aufsteigen. Das sind die Initiativen, die Sie kennen sollten.<\/p>","protected":false},"author":1,"featured_media":11987,"comment_status":"open","ping_status":"open","sticky":false,"template":"","format":"standard","meta":{"_acf_changed":false,"iawp_total_views":521,"footnotes":""},"categories":[515,242,241,213,8],"tags":[753,755,754,758,757,756,759,752,696],"class_list":["post-26119","post","type-post","status-publish","format-standard","has-post-thumbnail","hentry","category-dolomieten","category-franse-alpen","category-pyreneeen","category-valais-wallis","category-verhalen","tag-alpe-dhuez-2","tag-alpen-fietsen","tag-autovrije-cols","tag-bergpassen","tag-cycling-alps","tag-cycling-travel","tag-klimvakantie","tag-sellaronda","tag-stelvio"],"acf":[],"featured_image_url":{"thumbnail":"https:\/\/cyclingdestination.cc\/wp-content\/uploads\/2023\/06\/roadbike-tour-sella-ronda-1639358716-edited-150x150.webp","medium":"https:\/\/cyclingdestination.cc\/wp-content\/uploads\/2023\/06\/roadbike-tour-sella-ronda-1639358716-edited-300x169.webp","medium_large":"https:\/\/cyclingdestination.cc\/wp-content\/uploads\/2023\/06\/roadbike-tour-sella-ronda-1639358716-edited-768x432.webp","large":"https:\/\/cyclingdestination.cc\/wp-content\/uploads\/2023\/06\/roadbike-tour-sella-ronda-1639358716-edited-1024x576.webp","1536x1536":"https:\/\/cyclingdestination.cc\/wp-content\/uploads\/2023\/06\/roadbike-tour-sella-ronda-1639358716-edited.webp","2048x2048":"https:\/\/cyclingdestination.cc\/wp-content\/uploads\/2023\/06\/roadbike-tour-sella-ronda-1639358716-edited.webp","trp-custom-language-flag":"https:\/\/cyclingdestination.cc\/wp-content\/uploads\/2023\/06\/roadbike-tour-sella-ronda-1639358716-edited.webp"},"post_author":"Sander","assigned_categories":"Dolomieten, Franse Alpen, Pyrenee\u00ebn, Valais-Wallis, Verhalen","yoast_head":"<!-- This site is optimized with the Yoast SEO plugin v27.5 - https:\/\/yoast.com\/product\/yoast-seo-wordpress\/ -->\n<title>Autovrije cols Alpen 2026: Stelvio, Sellaronda en Alpe d\u2019Huez zonder auto\u2019s - Cycling Destination<\/title>\n<meta name=\"description\" content=\"Ontdek alle autovrije cols in de Alpen in 2026. Plan je droomzomer langs Stelvio, Sellaronda en Alpe d\u2019Huez en klim zonder verkeer op Europa\u2019s mooiste bergpassen.\" \/>\n<meta name=\"robots\" content=\"index, follow, max-snippet:-1, max-image-preview:large, max-video-preview:-1\" \/>\n<link rel=\"canonical\" href=\"https:\/\/cyclingdestination.cc\/de\/verhalen\/autovrije-cols-alpen-fietsen-planning-2026\/\" \/>\n<meta property=\"og:locale\" content=\"de_DE\" \/>\n<meta property=\"og:type\" content=\"article\" \/>\n<meta property=\"og:title\" content=\"Autovrije cols Alpen 2026: Stelvio, Sellaronda en Alpe d\u2019Huez zonder auto\u2019s - Cycling Destination\" \/>\n<meta property=\"og:description\" content=\"Ontdek alle autovrije cols in de Alpen in 2026. Plan je droomzomer langs Stelvio, Sellaronda en Alpe d\u2019Huez en klim zonder verkeer op Europa\u2019s mooiste bergpassen.\" \/>\n<meta property=\"og:url\" content=\"https:\/\/cyclingdestination.cc\/de\/verhalen\/autovrije-cols-alpen-fietsen-planning-2026\/\" \/>\n<meta property=\"og:site_name\" content=\"Cycling Destination\" \/>\n<meta property=\"article:publisher\" content=\"https:\/\/www.facebook.com\/cyclingdestination.cc\" \/>\n<meta property=\"article:published_time\" content=\"2026-02-13T16:57:59+00:00\" \/>\n<meta property=\"article:modified_time\" content=\"2026-02-13T17:59:22+00:00\" \/>\n<meta property=\"og:image\" content=\"https:\/\/cyclingdestination.cc\/wp-content\/uploads\/2023\/06\/roadbike-tour-sella-ronda-1639358716-edited.webp\" \/>\n\t<meta property=\"og:image:width\" content=\"1280\" \/>\n\t<meta property=\"og:image:height\" content=\"720\" \/>\n\t<meta property=\"og:image:type\" content=\"image\/webp\" \/>\n<meta name=\"author\" content=\"Sander\" \/>\n<meta name=\"twitter:card\" content=\"summary_large_image\" \/>\n<meta name=\"twitter:creator\" content=\"@cyclingdestin\" \/>\n<meta name=\"twitter:site\" content=\"@cyclingdestin\" \/>\n<meta name=\"twitter:label1\" content=\"Verfasst von\" \/>\n\t<meta name=\"twitter:data1\" content=\"Sander\" \/>\n\t<meta name=\"twitter:label2\" content=\"Gesch\u00e4tzte Lesezeit\" \/>\n\t<meta name=\"twitter:data2\" content=\"6\u00a0Minuten\" \/>\n<script type=\"application\/ld+json\" class=\"yoast-schema-graph\">{\"@context\":\"https:\\\/\\\/schema.org\",\"@graph\":[{\"@type\":\"Article\",\"@id\":\"https:\\\/\\\/cyclingdestination.cc\\\/verhalen\\\/autovrije-cols-alpen-fietsen-planning-2026#article\",\"isPartOf\":{\"@id\":\"https:\\\/\\\/cyclingdestination.cc\\\/verhalen\\\/autovrije-cols-alpen-fietsen-planning-2026\"},\"author\":{\"name\":\"Sander\",\"@id\":\"https:\\\/\\\/cyclingdestination.cc\\\/#\\\/schema\\\/person\\\/5d99ebe5011723455ccbf2e73a472ee1\"},\"headline\":\"Autovrije Cols In 2026: Zo Plan Je Jouw Droomzomer Langs Stelvio, Sella En Alpe d&#8217;Huez\",\"datePublished\":\"2026-02-13T16:57:59+00:00\",\"dateModified\":\"2026-02-13T17:59:22+00:00\",\"mainEntityOfPage\":{\"@id\":\"https:\\\/\\\/cyclingdestination.cc\\\/verhalen\\\/autovrije-cols-alpen-fietsen-planning-2026\"},\"wordCount\":895,\"commentCount\":0,\"publisher\":{\"@id\":\"https:\\\/\\\/cyclingdestination.cc\\\/#organization\"},\"image\":{\"@id\":\"https:\\\/\\\/cyclingdestination.cc\\\/verhalen\\\/autovrije-cols-alpen-fietsen-planning-2026#primaryimage\"},\"thumbnailUrl\":\"https:\\\/\\\/cyclingdestination.cc\\\/wp-content\\\/uploads\\\/2023\\\/06\\\/roadbike-tour-sella-ronda-1639358716-edited.webp\",\"keywords\":[\"Alpe d\u2019Huez\",\"Alpen fietsen\",\"autovrije cols\",\"bergpassen\",\"cycling Alps\",\"cycling travel\",\"klimvakantie\",\"Sellaronda\",\"stelvio\"],\"articleSection\":[\"Dolomieten\",\"Franse Alpen\",\"Pyrenee\u00ebn\",\"Valais-Wallis\",\"Verhalen\"],\"inLanguage\":\"de\",\"potentialAction\":[{\"@type\":\"CommentAction\",\"name\":\"Comment\",\"target\":[\"https:\\\/\\\/cyclingdestination.cc\\\/verhalen\\\/autovrije-cols-alpen-fietsen-planning-2026#respond\"]}]},{\"@type\":\"WebPage\",\"@id\":\"https:\\\/\\\/cyclingdestination.cc\\\/verhalen\\\/autovrije-cols-alpen-fietsen-planning-2026\",\"url\":\"https:\\\/\\\/cyclingdestination.cc\\\/verhalen\\\/autovrije-cols-alpen-fietsen-planning-2026\",\"name\":\"Autovrije cols Alpen 2026: Stelvio, Sellaronda en Alpe d\u2019Huez zonder auto\u2019s - Cycling Destination\",\"isPartOf\":{\"@id\":\"https:\\\/\\\/cyclingdestination.cc\\\/#website\"},\"primaryImageOfPage\":{\"@id\":\"https:\\\/\\\/cyclingdestination.cc\\\/verhalen\\\/autovrije-cols-alpen-fietsen-planning-2026#primaryimage\"},\"image\":{\"@id\":\"https:\\\/\\\/cyclingdestination.cc\\\/verhalen\\\/autovrije-cols-alpen-fietsen-planning-2026#primaryimage\"},\"thumbnailUrl\":\"https:\\\/\\\/cyclingdestination.cc\\\/wp-content\\\/uploads\\\/2023\\\/06\\\/roadbike-tour-sella-ronda-1639358716-edited.webp\",\"datePublished\":\"2026-02-13T16:57:59+00:00\",\"dateModified\":\"2026-02-13T17:59:22+00:00\",\"description\":\"Ontdek alle autovrije cols in de Alpen in 2026. Plan je droomzomer langs Stelvio, Sellaronda en Alpe d\u2019Huez en klim zonder verkeer op Europa\u2019s mooiste bergpassen.\",\"breadcrumb\":{\"@id\":\"https:\\\/\\\/cyclingdestination.cc\\\/verhalen\\\/autovrije-cols-alpen-fietsen-planning-2026#breadcrumb\"},\"inLanguage\":\"de\",\"potentialAction\":[{\"@type\":\"ReadAction\",\"target\":[\"https:\\\/\\\/cyclingdestination.cc\\\/verhalen\\\/autovrije-cols-alpen-fietsen-planning-2026\"]}]},{\"@type\":\"ImageObject\",\"inLanguage\":\"de\",\"@id\":\"https:\\\/\\\/cyclingdestination.cc\\\/verhalen\\\/autovrije-cols-alpen-fietsen-planning-2026#primaryimage\",\"url\":\"https:\\\/\\\/cyclingdestination.cc\\\/wp-content\\\/uploads\\\/2023\\\/06\\\/roadbike-tour-sella-ronda-1639358716-edited.webp\",\"contentUrl\":\"https:\\\/\\\/cyclingdestination.cc\\\/wp-content\\\/uploads\\\/2023\\\/06\\\/roadbike-tour-sella-ronda-1639358716-edited.webp\",\"width\":1280,\"height\":720,\"caption\":\"(c) Sellaronda Bikeday\"},{\"@type\":\"BreadcrumbList\",\"@id\":\"https:\\\/\\\/cyclingdestination.cc\\\/verhalen\\\/autovrije-cols-alpen-fietsen-planning-2026#breadcrumb\",\"itemListElement\":[{\"@type\":\"ListItem\",\"position\":1,\"name\":\"Home\",\"item\":\"https:\\\/\\\/cyclingdestination.cc\\\/\"},{\"@type\":\"ListItem\",\"position\":2,\"name\":\"Autovrije Cols In 2026: Zo Plan Je Jouw Droomzomer Langs Stelvio, Sella En Alpe d&#8217;Huez\"}]},{\"@type\":\"WebSite\",\"@id\":\"https:\\\/\\\/cyclingdestination.cc\\\/#website\",\"url\":\"https:\\\/\\\/cyclingdestination.cc\\\/\",\"name\":\"Cycling Destination\",\"description\":\"Inspiratie voor jouw volgende fietsavontuur\",\"publisher\":{\"@id\":\"https:\\\/\\\/cyclingdestination.cc\\\/#organization\"},\"potentialAction\":[{\"@type\":\"SearchAction\",\"target\":{\"@type\":\"EntryPoint\",\"urlTemplate\":\"https:\\\/\\\/cyclingdestination.cc\\\/?s={search_term_string}\"},\"query-input\":{\"@type\":\"PropertyValueSpecification\",\"valueRequired\":true,\"valueName\":\"search_term_string\"}}],\"inLanguage\":\"de\"},{\"@type\":\"Organization\",\"@id\":\"https:\\\/\\\/cyclingdestination.cc\\\/#organization\",\"name\":\"Cycling Destination\",\"url\":\"https:\\\/\\\/cyclingdestination.cc\\\/\",\"logo\":{\"@type\":\"ImageObject\",\"inLanguage\":\"de\",\"@id\":\"https:\\\/\\\/cyclingdestination.cc\\\/#\\\/schema\\\/logo\\\/image\\\/\",\"url\":\"https:\\\/\\\/cyclingdestination.cc\\\/wp-content\\\/uploads\\\/2022\\\/01\\\/cyclingdestination_logo_RGB_zwart_vDEF-1.png\",\"contentUrl\":\"https:\\\/\\\/cyclingdestination.cc\\\/wp-content\\\/uploads\\\/2022\\\/01\\\/cyclingdestination_logo_RGB_zwart_vDEF-1.png\",\"width\":2550,\"height\":814,\"caption\":\"Cycling Destination\"},\"image\":{\"@id\":\"https:\\\/\\\/cyclingdestination.cc\\\/#\\\/schema\\\/logo\\\/image\\\/\"},\"sameAs\":[\"https:\\\/\\\/www.facebook.com\\\/cyclingdestination.cc\",\"https:\\\/\\\/x.com\\\/cyclingdestin\",\"https:\\\/\\\/www.instagram.com\\\/cyclingdestination.cc\\\/\"]},{\"@type\":\"Person\",\"@id\":\"https:\\\/\\\/cyclingdestination.cc\\\/#\\\/schema\\\/person\\\/5d99ebe5011723455ccbf2e73a472ee1\",\"name\":\"Sander\",\"url\":\"https:\\\/\\\/cyclingdestination.cc\\\/de\\\/author\\\/admin\"}]}<\/script>\n<!-- \/ Yoast SEO plugin. -->","yoast_head_json":{"title":"Autofreie Alpen 2026: Stilfser Joch, Sellaronda und Alpe d'Huez ohne Autos - Cycling Destination","description":"Entdecken Sie alle autofreien P\u00e4sse in den Alpen im Jahr 2026. Planen Sie Ihren Traumsommer auf Stilfser Joch, Sellaronda und Alpe d'Huez und klettern Sie verkehrsfrei auf den sch\u00f6nsten P\u00e4ssen Europas.","robots":{"index":"index","follow":"follow","max-snippet":"max-snippet:-1","max-image-preview":"max-image-preview:large","max-video-preview":"max-video-preview:-1"},"canonical":"https:\/\/cyclingdestination.cc\/de\/verhalen\/autovrije-cols-alpen-fietsen-planning-2026\/","og_locale":"de_DE","og_type":"article","og_title":"Autovrije cols Alpen 2026: Stelvio, Sellaronda en Alpe d\u2019Huez zonder auto\u2019s - Cycling Destination","og_description":"Ontdek alle autovrije cols in de Alpen in 2026. Plan je droomzomer langs Stelvio, Sellaronda en Alpe d\u2019Huez en klim zonder verkeer op Europa\u2019s mooiste bergpassen.","og_url":"https:\/\/cyclingdestination.cc\/de\/verhalen\/autovrije-cols-alpen-fietsen-planning-2026\/","og_site_name":"Cycling Destination","article_publisher":"https:\/\/www.facebook.com\/cyclingdestination.cc","article_published_time":"2026-02-13T16:57:59+00:00","article_modified_time":"2026-02-13T17:59:22+00:00","og_image":[{"width":1280,"height":720,"url":"https:\/\/cyclingdestination.cc\/wp-content\/uploads\/2023\/06\/roadbike-tour-sella-ronda-1639358716-edited.webp","type":"image\/webp"}],"author":"Sander","twitter_card":"summary_large_image","twitter_creator":"@cyclingdestin","twitter_site":"@cyclingdestin","twitter_misc":{"Verfasst von":"Sander","Gesch\u00e4tzte Lesezeit":"6\u00a0Minuten"},"schema":{"@context":"https:\/\/schema.org","@graph":[{"@type":"Article","@id":"https:\/\/cyclingdestination.cc\/verhalen\/autovrije-cols-alpen-fietsen-planning-2026#article","isPartOf":{"@id":"https:\/\/cyclingdestination.cc\/verhalen\/autovrije-cols-alpen-fietsen-planning-2026"},"author":{"name":"Sander","@id":"https:\/\/cyclingdestination.cc\/#\/schema\/person\/5d99ebe5011723455ccbf2e73a472ee1"},"headline":"Autovrije Cols In 2026: Zo Plan Je Jouw Droomzomer Langs Stelvio, Sella En Alpe d&#8217;Huez","datePublished":"2026-02-13T16:57:59+00:00","dateModified":"2026-02-13T17:59:22+00:00","mainEntityOfPage":{"@id":"https:\/\/cyclingdestination.cc\/verhalen\/autovrije-cols-alpen-fietsen-planning-2026"},"wordCount":895,"commentCount":0,"publisher":{"@id":"https:\/\/cyclingdestination.cc\/#organization"},"image":{"@id":"https:\/\/cyclingdestination.cc\/verhalen\/autovrije-cols-alpen-fietsen-planning-2026#primaryimage"},"thumbnailUrl":"https:\/\/cyclingdestination.cc\/wp-content\/uploads\/2023\/06\/roadbike-tour-sella-ronda-1639358716-edited.webp","keywords":["Alpe d\u2019Huez","Alpen fietsen","autovrije cols","bergpassen","cycling Alps","cycling travel","klimvakantie","Sellaronda","stelvio"],"articleSection":["Dolomieten","Franse Alpen","Pyrenee\u00ebn","Valais-Wallis","Verhalen"],"inLanguage":"de","potentialAction":[{"@type":"CommentAction","name":"Comment","target":["https:\/\/cyclingdestination.cc\/verhalen\/autovrije-cols-alpen-fietsen-planning-2026#respond"]}]},{"@type":"WebPage","@id":"https:\/\/cyclingdestination.cc\/verhalen\/autovrije-cols-alpen-fietsen-planning-2026","url":"https:\/\/cyclingdestination.cc\/verhalen\/autovrije-cols-alpen-fietsen-planning-2026","name":"Autofreie Alpen 2026: Stilfser Joch, Sellaronda und Alpe d'Huez ohne Autos - Cycling Destination","isPartOf":{"@id":"https:\/\/cyclingdestination.cc\/#website"},"primaryImageOfPage":{"@id":"https:\/\/cyclingdestination.cc\/verhalen\/autovrije-cols-alpen-fietsen-planning-2026#primaryimage"},"image":{"@id":"https:\/\/cyclingdestination.cc\/verhalen\/autovrije-cols-alpen-fietsen-planning-2026#primaryimage"},"thumbnailUrl":"https:\/\/cyclingdestination.cc\/wp-content\/uploads\/2023\/06\/roadbike-tour-sella-ronda-1639358716-edited.webp","datePublished":"2026-02-13T16:57:59+00:00","dateModified":"2026-02-13T17:59:22+00:00","description":"Entdecken Sie alle autofreien P\u00e4sse in den Alpen im Jahr 2026. Planen Sie Ihren Traumsommer auf Stilfser Joch, Sellaronda und Alpe d'Huez und klettern Sie verkehrsfrei auf den sch\u00f6nsten P\u00e4ssen Europas.","breadcrumb":{"@id":"https:\/\/cyclingdestination.cc\/verhalen\/autovrije-cols-alpen-fietsen-planning-2026#breadcrumb"},"inLanguage":"de","potentialAction":[{"@type":"ReadAction","target":["https:\/\/cyclingdestination.cc\/verhalen\/autovrije-cols-alpen-fietsen-planning-2026"]}]},{"@type":"ImageObject","inLanguage":"de","@id":"https:\/\/cyclingdestination.cc\/verhalen\/autovrije-cols-alpen-fietsen-planning-2026#primaryimage","url":"https:\/\/cyclingdestination.cc\/wp-content\/uploads\/2023\/06\/roadbike-tour-sella-ronda-1639358716-edited.webp","contentUrl":"https:\/\/cyclingdestination.cc\/wp-content\/uploads\/2023\/06\/roadbike-tour-sella-ronda-1639358716-edited.webp","width":1280,"height":720,"caption":"(c) Sellaronda Bikeday"},{"@type":"BreadcrumbList","@id":"https:\/\/cyclingdestination.cc\/verhalen\/autovrije-cols-alpen-fietsen-planning-2026#breadcrumb","itemListElement":[{"@type":"ListItem","position":1,"name":"Home","item":"https:\/\/cyclingdestination.cc\/"},{"@type":"ListItem","position":2,"name":"Autovrije Cols In 2026: Zo Plan Je Jouw Droomzomer Langs Stelvio, Sella En Alpe d&#8217;Huez"}]},{"@type":"WebSite","@id":"https:\/\/cyclingdestination.cc\/#website","url":"https:\/\/cyclingdestination.cc\/","name":"Ziel Radfahren","description":"Inspiration f\u00fcr Ihr n\u00e4chstes Fahrradabenteuer","publisher":{"@id":"https:\/\/cyclingdestination.cc\/#organization"},"potentialAction":[{"@type":"SearchAction","target":{"@type":"EntryPoint","urlTemplate":"https:\/\/cyclingdestination.cc\/?s={search_term_string}"},"query-input":{"@type":"PropertyValueSpecification","valueRequired":true,"valueName":"search_term_string"}}],"inLanguage":"de"},{"@type":"Organization","@id":"https:\/\/cyclingdestination.cc\/#organization","name":"Ziel Radfahren","url":"https:\/\/cyclingdestination.cc\/","logo":{"@type":"ImageObject","inLanguage":"de","@id":"https:\/\/cyclingdestination.cc\/#\/schema\/logo\/image\/","url":"https:\/\/cyclingdestination.cc\/wp-content\/uploads\/2022\/01\/cyclingdestination_logo_RGB_zwart_vDEF-1.png","contentUrl":"https:\/\/cyclingdestination.cc\/wp-content\/uploads\/2022\/01\/cyclingdestination_logo_RGB_zwart_vDEF-1.png","width":2550,"height":814,"caption":"Cycling Destination"},"image":{"@id":"https:\/\/cyclingdestination.cc\/#\/schema\/logo\/image\/"},"sameAs":["https:\/\/www.facebook.com\/cyclingdestination.cc","https:\/\/x.com\/cyclingdestin","https:\/\/www.instagram.com\/cyclingdestination.cc\/"]},{"@type":"Person","@id":"https:\/\/cyclingdestination.cc\/#\/schema\/person\/5d99ebe5011723455ccbf2e73a472ee1","name":"Sander","url":"https:\/\/cyclingdestination.cc\/de\/author\/admin"}]}},"_links":{"self":[{"href":"https:\/\/cyclingdestination.cc\/de\/wp-json\/wp\/v2\/posts\/26119","targetHints":{"allow":["GET"]}}],"collection":[{"href":"https:\/\/cyclingdestination.cc\/de\/wp-json\/wp\/v2\/posts"}],"about":[{"href":"https:\/\/cyclingdestination.cc\/de\/wp-json\/wp\/v2\/types\/post"}],"author":[{"embeddable":true,"href":"https:\/\/cyclingdestination.cc\/de\/wp-json\/wp\/v2\/users\/1"}],"replies":[{"embeddable":true,"href":"https:\/\/cyclingdestination.cc\/de\/wp-json\/wp\/v2\/comments?post=26119"}],"version-history":[{"count":6,"href":"https:\/\/cyclingdestination.cc\/de\/wp-json\/wp\/v2\/posts\/26119\/revisions"}],"predecessor-version":[{"id":26127,"href":"https:\/\/cyclingdestination.cc\/de\/wp-json\/wp\/v2\/posts\/26119\/revisions\/26127"}],"wp:featuredmedia":[{"embeddable":true,"href":"https:\/\/cyclingdestination.cc\/de\/wp-json\/wp\/v2\/media\/11987"}],"wp:attachment":[{"href":"https:\/\/cyclingdestination.cc\/de\/wp-json\/wp\/v2\/media?parent=26119"}],"wp:term":[{"taxonomy":"category","embeddable":true,"href":"https:\/\/cyclingdestination.cc\/de\/wp-json\/wp\/v2\/categories?post=26119"},{"taxonomy":"post_tag","embeddable":true,"href":"https:\/\/cyclingdestination.cc\/de\/wp-json\/wp\/v2\/tags?post=26119"}],"curies":[{"name":"wp","href":"https:\/\/api.w.org\/{rel}","templated":true}]}}