{"id":2618,"date":"2021-10-31T11:20:09","date_gmt":"2021-10-31T11:20:09","guid":{"rendered":"https:\/\/cyclingdestination.cc\/?p=2618"},"modified":"2025-12-22T14:56:38","modified_gmt":"2025-12-22T13:56:38","slug":"winterbestemming-gran-canaria","status":"publish","type":"post","link":"https:\/\/cyclingdestination.cc\/de\/verhalen\/winterbestemming-gran-canaria","title":{"rendered":"Winterreiseziel: Gran Canaria"},"content":{"rendered":"<p>Wenn in den Niederlanden die Tage k\u00fcrzer und die Abende und N\u00e4chte l\u00e4nger werden, haben Sie mehrere M\u00f6glichkeiten, sich trotzdem auf dem Fahrrad zu vergn\u00fcgen. Nat\u00fcrlich kann man mit der richtigen Ausr\u00fcstung auch abends und nachts radeln, aber das ist nicht jedermanns Sache. Viele entscheiden sich dann f\u00fcr Alternativen wie Bootcamp oder Training auf dem <a href=\"http:\/\/www.truekinetix.com\" target=\"_blank\" rel=\"noreferrer noopener\">Hometrainer<\/a>. Mit Programmen wie <a href=\"http:\/\/zwift.com\" target=\"_blank\" rel=\"noreferrer noopener\">Zwift<\/a>, <a href=\"http:\/\/www.rouvy.com\" target=\"_blank\" rel=\"noreferrer noopener\">Rouvy<\/a> und <a href=\"http:\/\/bkool\" target=\"_blank\" rel=\"noreferrer noopener\">Bkool<\/a> Sie kommen von weit her, aber nichts geht \u00fcber die Natur. Wo kann man also im Winter anst\u00e4ndig fahren, ohne gleich tagelang auf der Stra\u00dfe zu verbringen? Das Ziel vieler Radfahrer sind die Kanarischen Inseln, vor allem <a href=\"https:\/\/www.grancanaria.com\/turismo\/nl\/?utm_source=programatica&amp;utm_medium=video_enriquecido&amp;utm_campaign=reino_unido_opc\" target=\"_blank\" rel=\"noreferrer noopener\">Gran Canaria<\/a> und Teneriffa. Wir haben einen tollen Artikel \u00fcber das Winterziel Gran Canaria f\u00fcr Sie. Viel Spa\u00df!<\/p>\n\n\n\n<p><\/p>\n\n\n\n<figure class=\"wp-block-gallery has-nested-images columns-default is-cropped wp-block-gallery-1 is-layout-flex wp-block-gallery-is-layout-flex\">\n<figure class=\"wp-block-image size-large\"><img fetchpriority=\"high\" decoding=\"async\" width=\"683\" height=\"1024\" data-id=\"25686\" src=\"https:\/\/cyclingdestination.cc\/wp-content\/uploads\/2021\/10\/AdobeStock_226818316-683x1024.jpeg\" alt=\"Maspalomas, Gran Canaria\" class=\"wp-image-25686\" srcset=\"https:\/\/cyclingdestination.cc\/wp-content\/uploads\/2021\/10\/AdobeStock_226818316-683x1024.jpeg 683w, https:\/\/cyclingdestination.cc\/wp-content\/uploads\/2021\/10\/AdobeStock_226818316-200x300.jpeg 200w, https:\/\/cyclingdestination.cc\/wp-content\/uploads\/2021\/10\/AdobeStock_226818316-768x1152.jpeg 768w, https:\/\/cyclingdestination.cc\/wp-content\/uploads\/2021\/10\/AdobeStock_226818316-1024x1536.jpeg 1024w, https:\/\/cyclingdestination.cc\/wp-content\/uploads\/2021\/10\/AdobeStock_226818316-8x12.jpeg 8w, https:\/\/cyclingdestination.cc\/wp-content\/uploads\/2021\/10\/AdobeStock_226818316.jpeg 1280w\" sizes=\"(max-width: 683px) 100vw, 683px\" \/><figcaption class=\"wp-element-caption\">Maspalomas vom Berg aus gesehen (c) Adobe Stock<\/figcaption><\/figure>\n\n\n\n<figure class=\"wp-block-image size-large\"><img decoding=\"async\" width=\"1024\" height=\"768\" data-id=\"25687\" src=\"https:\/\/cyclingdestination.cc\/wp-content\/uploads\/2021\/10\/AdobeStock_230675363-1024x768.jpeg\" alt=\"Gran Canaria\" class=\"wp-image-25687\" srcset=\"https:\/\/cyclingdestination.cc\/wp-content\/uploads\/2021\/10\/AdobeStock_230675363-1024x768.jpeg 1024w, https:\/\/cyclingdestination.cc\/wp-content\/uploads\/2021\/10\/AdobeStock_230675363-300x225.jpeg 300w, https:\/\/cyclingdestination.cc\/wp-content\/uploads\/2021\/10\/AdobeStock_230675363-768x576.jpeg 768w, https:\/\/cyclingdestination.cc\/wp-content\/uploads\/2021\/10\/AdobeStock_230675363-1536x1152.jpeg 1536w, https:\/\/cyclingdestination.cc\/wp-content\/uploads\/2021\/10\/AdobeStock_230675363-16x12.jpeg 16w, https:\/\/cyclingdestination.cc\/wp-content\/uploads\/2021\/10\/AdobeStock_230675363.jpeg 1920w\" sizes=\"(max-width: 1024px) 100vw, 1024px\" \/><figcaption class=\"wp-element-caption\">Die sch\u00f6nen T\u00e4ler Gran Canarias (c) Adobe Stock<\/figcaption><\/figure>\n\n\n\n<figure class=\"wp-block-image size-large\"><img decoding=\"async\" width=\"1024\" height=\"683\" data-id=\"25688\" src=\"https:\/\/cyclingdestination.cc\/wp-content\/uploads\/2021\/10\/AdobeStock_412092901-1024x683.jpeg\" alt=\"Artenara, Gran Canaria\" class=\"wp-image-25688\" srcset=\"https:\/\/cyclingdestination.cc\/wp-content\/uploads\/2021\/10\/AdobeStock_412092901-1024x683.jpeg 1024w, https:\/\/cyclingdestination.cc\/wp-content\/uploads\/2021\/10\/AdobeStock_412092901-300x200.jpeg 300w, https:\/\/cyclingdestination.cc\/wp-content\/uploads\/2021\/10\/AdobeStock_412092901-768x512.jpeg 768w, https:\/\/cyclingdestination.cc\/wp-content\/uploads\/2021\/10\/AdobeStock_412092901-1536x1024.jpeg 1536w, https:\/\/cyclingdestination.cc\/wp-content\/uploads\/2021\/10\/AdobeStock_412092901-18x12.jpeg 18w, https:\/\/cyclingdestination.cc\/wp-content\/uploads\/2021\/10\/AdobeStock_412092901.jpeg 1920w\" sizes=\"(max-width: 1024px) 100vw, 1024px\" \/><figcaption class=\"wp-element-caption\">Blick \u00fcber das Tal von Artenara (c) Adobe Stock.<\/figcaption><\/figure>\n<\/figure>\n\n\n\n<h2 class=\"wp-block-heading\">Vulkanischer Boden<\/h2>\n\n\n\n<p>Gran Canaria besteht wie die Nachbarinseln Teneriffa und La Palma haupts\u00e4chlich aus vulkanischem Boden. Auf der Insel gibt es auch einen (schlafenden) Vulkan, den Pico de las Nieves. Im Gegensatz zu Teneriffa, wo sich im Grunde alles um den magischen und m\u00e4chtigen Teide\" dreht, ist Gran Canaria vielseitiger. Kein einziger Meter ist flach, so dass selbst eine kurze Fahrt Sie schnell zufrieden stellen wird. Der Pico de las Nieves ist der h\u00f6chste Punkt der Insel. Den Weg dorthin werden Sie so schnell nicht vergessen. Aber darauf kommen wir sp\u00e4ter zur\u00fcck.<\/p>\n\n\n\n<h4 class=\"wp-block-heading\">Lesen Sie auch: <\/h4>\n\n\n\n<figure class=\"wp-block-embed is-type-wp-embed is-provider-cycling-destination wp-block-embed-cycling-destination\" style=\"margin-top:0;margin-right:0;margin-bottom:0;margin-left:0\"><div class=\"wp-block-embed__wrapper\">\n<blockquote class=\"wp-embedded-content\" data-secret=\"Hzxnw8whQy\"><a href=\"https:\/\/cyclingdestination.cc\/de\/verhalen\/spanje\/fietsen-op-gran-canaria-de-winter-ontvluchten\/\">Radfahren auf Gran Canaria: der ultimative Ort, um dem Winter zu entfliehen<\/a><\/blockquote><iframe class=\"wp-embedded-content\" sandbox=\"allow-scripts\" security=\"restricted\" style=\"position: absolute; visibility: hidden;\" title=\"\u201cRadfahren auf Gran Canaria: der ultimative Ort, um dem Winter zu entfliehen\u201d - Cycling Destination\" src=\"https:\/\/cyclingdestination.cc\/verhalen\/spanje\/fietsen-op-gran-canaria-de-winter-ontvluchten\/embed#?secret=BkI4pOHfUI#?secret=Hzxnw8whQy\" data-secret=\"Hzxnw8whQy\" width=\"600\" height=\"338\" frameborder=\"0\" marginwidth=\"0\" marginheight=\"0\" scrolling=\"no\"><\/iframe>\n<\/div><\/figure>\n\n\n\n<h2 class=\"wp-block-heading\">Basecamp Maspalomas<\/h2>\n\n\n\n<p>Es ist immer gut, auf einer Insel wie Gran Canaria ein Basislager zu haben. Ein Ort, von dem aus man in verschiedene Richtungen gehen kann und der auch in Bezug auf die Einrichtungen ein guter Ausgangspunkt ist. Auf der Insel haben Sie nun mehrere M\u00f6glichkeiten. Nat\u00fcrlich k\u00f6nnen Sie in Las Palmas \u00fcbernachten, aber das ist eine sehr belebte Stadt, und um von Las Palmas zu den sch\u00f6nen Routen zu gelangen, brauchen Sie wieder einige Zeit auf der Stra\u00dfe. Wenn Sie eine H\u00f6hentour machen wollen, k\u00f6nnen Sie nat\u00fcrlich in die Berge fahren, aber auch hier gilt: \"Am Ende steht immer ein Anstieg\". Wir entscheiden uns f\u00fcr Maspalomas, im S\u00fcden. Von dort aus kann man eine sch\u00f6ne Inselrundfahrt machen, es gibt mehrere Fahrradverleihe und man ist in der N\u00e4he eines der sch\u00f6nsten Str\u00e4nde, Playa del Ingl\u00e9s. <\/p>\n\n\n\n<h2 class=\"wp-block-heading\">Tranendal<\/h2>\n\n\n\n<p>Ein absolutes Muss auf der Insel ist die Besteigung des \"Tals der Tr\u00e4nen\". Diese Route, die entlang der GC-606 von der Kreuzung mit der GC 210 bis zum Aufstieg zur Kreuzung mit der GC-60 verl\u00e4uft, ist vielleicht der meistfotografierte Ort auf ganz Gran Canaria. Es handelt sich also nicht um eine gew\u00f6hnliche Steigung. Auf 12,4 Kilometern geht es bergauf, und die durchschnittliche Steigung betr\u00e4gt 11,1%. <a href=\"https:\/\/cyclingdestination.cc\/de\/stories\/classic-ride-stelvio-vanuit-prato\/\">Stelvio<\/a>. Noch ein kleiner Tipp von den Experten: Es gibt eine Strecke von etwa 100 Metern, die den 25% ber\u00fchrt. Autsch. Nicht lustig.<\/p>\n\n\n\n<blockquote class=\"mycols-embed-col\"><p lang=\"en\"><a href=\"https:\/\/mycols.app\/en\/climb\/valley-of-the-tears\" target=\"_blank\">Tal der Tr\u00e4nen<\/a>, Tejeda, Spanien<\/p>- Entfernung: 10,6 km, H\u00f6henunterschied: 976 m, Durchschnittsnote: 9,5 %<\/blockquote> <script async src=\"https:\/\/mycols.app\/js\/embed.js\" charset=\"utf-8\"><\/script>\n\n\n\n<figure class=\"wp-block-gallery has-nested-images columns-default is-cropped wp-block-gallery-2 is-layout-flex wp-block-gallery-is-layout-flex\">\n<figure class=\"wp-block-image size-large\"><img loading=\"lazy\" decoding=\"async\" width=\"1024\" height=\"768\" data-id=\"25689\" src=\"https:\/\/cyclingdestination.cc\/wp-content\/uploads\/2021\/10\/AdobeStock_504950429-1024x768.jpeg\" alt=\"\" class=\"wp-image-25689\" srcset=\"https:\/\/cyclingdestination.cc\/wp-content\/uploads\/2021\/10\/AdobeStock_504950429-1024x768.jpeg 1024w, https:\/\/cyclingdestination.cc\/wp-content\/uploads\/2021\/10\/AdobeStock_504950429-300x225.jpeg 300w, https:\/\/cyclingdestination.cc\/wp-content\/uploads\/2021\/10\/AdobeStock_504950429-768x576.jpeg 768w, https:\/\/cyclingdestination.cc\/wp-content\/uploads\/2021\/10\/AdobeStock_504950429-1536x1152.jpeg 1536w, https:\/\/cyclingdestination.cc\/wp-content\/uploads\/2021\/10\/AdobeStock_504950429-16x12.jpeg 16w, https:\/\/cyclingdestination.cc\/wp-content\/uploads\/2021\/10\/AdobeStock_504950429.jpeg 1920w\" sizes=\"(max-width: 1024px) 100vw, 1024px\" \/><figcaption class=\"wp-element-caption\">El Toscon de Tejeda - Blick \u00fcber das Tal (c) Adobe Stock<\/figcaption><\/figure>\n<\/figure>\n\n\n\n<h2 class=\"wp-block-heading\">Pico de las Nieves<\/h2>\n\n\n\n<p>Es ist unbestreitbar, dass die <a href=\"https:\/\/climbfinder.com\/nl\/beklimmingen\/pico-de-las-nieves-maspalomas\" target=\"_blank\" rel=\"noreferrer noopener\">Pico de Las Nieves<\/a> von Maspalomas aus der Monsteranstieg, den man auf Gran Canaria wirklich immer machen sollte. 44 Kilometer lang mit einem Durchschnitt von 5,5%. Der zweite h\u00f6rt sich nicht so intensiv an, aber es gibt drei Abschnitte, die bergab f\u00fchren, wie Sie auf dem H\u00f6henprofil unten sehen k\u00f6nnen. Das bedeutet, dass der Rest des Anstiegs richtig weh tun wird. Im H\u00f6chstfall werden Sie fast 12% erreichen. Die etwas flacheren und abfallenden Abschnitte bedeuten, dass man eigentlich vier Anstiege in einem hat, wobei der letzte Abschnitt etwas mehr als 15 Kilometer lang ist. Oben angekommen, befinden Sie sich auf \u00fcber 1900 Metern H\u00f6he, und wenn Sie genau hinschauen, k\u00f6nnen Sie in der Ferne auch die Nachbarinsel Teneriffa und den Teide sehen. Wundersch\u00f6n!<\/p>\n\n\n\n<blockquote class=\"mycols-embed-col\"><p lang=\"en\"><a href=\"https:\/\/mycols.app\/en\/climb\/pico-de-las-nieves-san-bartolome-de-tirajana\" target=\"_blank\">Pico de las Nieves<\/a>, San Bartolom\u00e9 De Tirajana, Spanien<\/p>- Entfernung: 44,8 km, H\u00f6henunterschied: 2005 m, Durchschnittsnote: 5,5 %<\/blockquote> <script async src=\"https:\/\/mycols.app\/js\/embed.js\" charset=\"utf-8\"><\/script>\n\n\n\n<figure class=\"wp-block-gallery has-nested-images columns-default is-cropped wp-block-gallery-3 is-layout-flex wp-block-gallery-is-layout-flex\">\n<figure class=\"wp-block-image size-large\"><img loading=\"lazy\" decoding=\"async\" width=\"1024\" height=\"768\" data-id=\"2629\" src=\"https:\/\/cyclingdestination.cc\/wp-content\/uploads\/2021\/10\/luis-suarez-VdFo5xv5Y7M-unsplash-1024x768.jpg\" alt=\"\" class=\"wp-image-2629\" srcset=\"https:\/\/cyclingdestination.cc\/wp-content\/uploads\/2021\/10\/luis-suarez-VdFo5xv5Y7M-unsplash-1024x768.jpg 1024w, https:\/\/cyclingdestination.cc\/wp-content\/uploads\/2021\/10\/luis-suarez-VdFo5xv5Y7M-unsplash-300x225.jpg 300w, https:\/\/cyclingdestination.cc\/wp-content\/uploads\/2021\/10\/luis-suarez-VdFo5xv5Y7M-unsplash-768x576.jpg 768w, https:\/\/cyclingdestination.cc\/wp-content\/uploads\/2021\/10\/luis-suarez-VdFo5xv5Y7M-unsplash-1536x1152.jpg 1536w, https:\/\/cyclingdestination.cc\/wp-content\/uploads\/2021\/10\/luis-suarez-VdFo5xv5Y7M-unsplash-2048x1536.jpg 2048w\" sizes=\"(max-width: 1024px) 100vw, 1024px\" \/><figcaption class=\"wp-element-caption\">(c) Luis Suarez\/Unsplash.com<\/figcaption><\/figure>\n<\/figure>\n\n\n\n<div class=\"wp-block-buttons is-content-justification-center is-layout-flex wp-container-core-buttons-is-layout-a89b3969 wp-block-buttons-is-layout-flex\">\n<div class=\"wp-block-button\"><a class=\"wp-block-button__link has-luminous-vivid-amber-background-color has-background wp-element-button\" href=\"https:\/\/cyclingdestination.cc\/wp-content\/uploads\/2025\/12\/Fietsroute-Gran-Canaria-Pico-de-las-Nieves.gpx\">Route Pico de las Nieves - 90km<\/a><\/div>\n<\/div>\n\n\n\n<h2 class=\"wp-block-heading\">Rund um die Insel<\/h2>\n\n\n\n<p>Wenn Sie die Insel aus einem ganz anderen Blickwinkel sehen wollen, ist eine ganze Inselrundfahrt insgesamt knapp \u00fcber 200 Kilometer lang. Dabei legen Sie fast 3800 H\u00f6henmeter zur\u00fcck, wenn Sie die direkteste Route w\u00e4hlen. Die Strecke entlang der K\u00fcste durch den Parque Natural de Tamadaba ist ein unvergessliches Erlebnis. Sehen Sie sich auch den Leuchtturm von Punto de Sardina an. Die Strecke von Las Palmas zum Flughafen ist etwas anstrengend, aber dann wird sie wieder sch\u00f6n. Genuss pur.  <\/p>\n\n\n\n<h2 class=\"wp-block-heading\">Schotterfahrten<\/h2>\n\n\n\n<p>Eigentlich sind alle spanischen Inseln, von Mallorca und Ibiza bis Teneriffa und Gran Canaria, f\u00fcr das Schottern geeignet. Der vulkanische Boden wirkt wahre Wunder. Nat\u00fcrlich sind sie auch f\u00fcr MTB geeignet und urspr\u00fcnglich wurden viele der Routen daf\u00fcr angelegt. Aber mit dem Aufkommen und der Beliebtheit von Schotter gibt es viele \u00dcberschneidungen. Eine der sch\u00f6nsten Routen, die wir immer noch finden, ist die 'Cross Island'-Route von Tamadaba nach Tejeda. Man f\u00e4hrt die sch\u00f6nsten Abschnitte hoch und auf dem R\u00fcckweg geht es sch\u00f6n bergab. Finden Sie weitere tolle Touren und Routen <a href=\"https:\/\/localguidegrancanaria.com\/en\/\" target=\"_blank\" rel=\"noreferrer noopener\">hier<\/a>!<\/p>\n\n\n\n<figure class=\"wp-block-gallery has-nested-images columns-default is-cropped wp-block-gallery-4 is-layout-flex wp-block-gallery-is-layout-flex\">\n<figure class=\"wp-block-image size-large\"><img loading=\"lazy\" decoding=\"async\" width=\"1024\" height=\"576\" data-id=\"2632\" src=\"https:\/\/cyclingdestination.cc\/wp-content\/uploads\/2021\/10\/jan-folwarczny-E-AaPgiqOjw-unsplash-1024x576.jpg\" alt=\"\" class=\"wp-image-2632\" srcset=\"https:\/\/cyclingdestination.cc\/wp-content\/uploads\/2021\/10\/jan-folwarczny-E-AaPgiqOjw-unsplash-1024x576.jpg 1024w, https:\/\/cyclingdestination.cc\/wp-content\/uploads\/2021\/10\/jan-folwarczny-E-AaPgiqOjw-unsplash-300x169.jpg 300w, https:\/\/cyclingdestination.cc\/wp-content\/uploads\/2021\/10\/jan-folwarczny-E-AaPgiqOjw-unsplash-768x432.jpg 768w, https:\/\/cyclingdestination.cc\/wp-content\/uploads\/2021\/10\/jan-folwarczny-E-AaPgiqOjw-unsplash-1536x864.jpg 1536w, https:\/\/cyclingdestination.cc\/wp-content\/uploads\/2021\/10\/jan-folwarczny-E-AaPgiqOjw-unsplash-2048x1152.jpg 2048w\" sizes=\"(max-width: 1024px) 100vw, 1024px\" \/><figcaption class=\"wp-element-caption\">(c) Jan Folwarczny - Unsplash<\/figcaption><\/figure>\n<\/figure>\n\n\n\n<h3 class=\"wp-block-heading\">Rennrad- und Off-Road-Routen auf Gran Canaria<\/h3>\n\n\n\n<iframe src=\"https:\/\/www.komoot.com\/nl-nl\/collection\/1429204\/embed\" width=\"100%\" height=\"580\" frameborder=\"0\" scrolling=\"no\"><\/iframe>\n\n\n\n<h3 class=\"wp-block-heading\">Hotels und Unterk\u00fcnfte auf Gran Canaria<\/h3>\n\n\n\n<p>Nachfolgend finden Sie eine \u00dcbersicht und Auswahl von Hotels sowie Hotspots auf Gran Canaria. Vermissen Sie etwas? Dann kommentieren Sie diesen Artikel und wir f\u00fcgen es hinzu!<\/p>\n\n\n\n<iframe id=\"stay22-widget\" width=\"100%\" height=\"428\" src=\"https:\/\/www.stay22.com\/embed\/6947b69367173ecf38777457\" frameborder=\"0\"><\/iframe>","protected":false},"excerpt":{"rendered":"<p>Als in Nederland de dagen korten en de avonden en nachten langer worden, heb je een aantal opties om toch lekker bezig te zijn op de fiets. Uiteraard kun je met de juiste spullen ook &#8217;s avonds en &#8217;s nachts fietsen, maar dat is niet voor iedereen weggelegd. Velen grijpen dan naar alternatieven als bootcamp [&hellip;]<\/p>\n","protected":false},"author":1,"featured_media":2626,"comment_status":"open","ping_status":"closed","sticky":false,"template":"","format":"standard","meta":{"_acf_changed":false,"iawp_total_views":1852,"footnotes":""},"categories":[8],"tags":[109,177,460],"class_list":["post-2618","post","type-post","status-publish","format-standard","has-post-thumbnail","hentry","category-verhalen","tag-fietsvakantie","tag-gran-canaria","tag-winterbestemming"],"acf":[],"featured_image_url":{"thumbnail":"https:\/\/cyclingdestination.cc\/wp-content\/uploads\/2021\/10\/jan-brennenstuhl-Qhv1SrMLebk-unsplash-150x150.jpg","medium":"https:\/\/cyclingdestination.cc\/wp-content\/uploads\/2021\/10\/jan-brennenstuhl-Qhv1SrMLebk-unsplash-300x200.jpg","medium_large":"https:\/\/cyclingdestination.cc\/wp-content\/uploads\/2021\/10\/jan-brennenstuhl-Qhv1SrMLebk-unsplash-768x512.jpg","large":"https:\/\/cyclingdestination.cc\/wp-content\/uploads\/2021\/10\/jan-brennenstuhl-Qhv1SrMLebk-unsplash-1024x683.jpg","1536x1536":"https:\/\/cyclingdestination.cc\/wp-content\/uploads\/2021\/10\/jan-brennenstuhl-Qhv1SrMLebk-unsplash-1536x1024.jpg","2048x2048":"https:\/\/cyclingdestination.cc\/wp-content\/uploads\/2021\/10\/jan-brennenstuhl-Qhv1SrMLebk-unsplash-2048x1365.jpg","trp-custom-language-flag":"https:\/\/cyclingdestination.cc\/wp-content\/uploads\/2021\/10\/jan-brennenstuhl-Qhv1SrMLebk-unsplash-scaled.jpg"},"post_author":"Sander","assigned_categories":"Verhalen","yoast_head":"<!-- This site is optimized with the Yoast SEO plugin v27.4 - https:\/\/yoast.com\/product\/yoast-seo-wordpress\/ -->\n<title>Winterbestemming: Gran Canaria - Cycling Destination<\/title>\n<meta name=\"description\" content=\"Gran Canaria is de perfecte (winter)bestemming voor fietsers. Je vindt er prachtige routes en paden voor een jaar lang fietsplezier\" \/>\n<meta name=\"robots\" content=\"index, follow, max-snippet:-1, max-image-preview:large, max-video-preview:-1\" \/>\n<link rel=\"canonical\" href=\"https:\/\/cyclingdestination.cc\/de\/verhalen\/winterbestemming-gran-canaria\/\" \/>\n<meta property=\"og:locale\" content=\"de_DE\" \/>\n<meta property=\"og:type\" content=\"article\" \/>\n<meta property=\"og:title\" content=\"Winterbestemming: Gran Canaria - Cycling Destination\" \/>\n<meta property=\"og:description\" content=\"Gran Canaria is de perfecte (winter)bestemming voor fietsers. Je vindt er prachtige routes en paden voor een jaar lang fietsplezier\" \/>\n<meta property=\"og:url\" content=\"https:\/\/cyclingdestination.cc\/de\/verhalen\/winterbestemming-gran-canaria\/\" \/>\n<meta property=\"og:site_name\" content=\"Cycling Destination\" \/>\n<meta property=\"article:publisher\" content=\"https:\/\/www.facebook.com\/cyclingdestination.cc\" \/>\n<meta property=\"article:published_time\" content=\"2021-10-31T11:20:09+00:00\" \/>\n<meta property=\"article:modified_time\" content=\"2025-12-22T13:56:38+00:00\" \/>\n<meta property=\"og:image\" content=\"https:\/\/cyclingdestination.cc\/wp-content\/uploads\/2021\/10\/jan-brennenstuhl-Qhv1SrMLebk-unsplash-scaled.jpg\" \/>\n\t<meta property=\"og:image:width\" content=\"2560\" \/>\n\t<meta property=\"og:image:height\" content=\"1707\" \/>\n\t<meta property=\"og:image:type\" content=\"image\/jpeg\" \/>\n<meta name=\"author\" content=\"Sander\" \/>\n<meta name=\"twitter:card\" content=\"summary_large_image\" \/>\n<meta name=\"twitter:creator\" content=\"@cyclingdestin\" \/>\n<meta name=\"twitter:site\" content=\"@cyclingdestin\" \/>\n<meta name=\"twitter:label1\" content=\"Verfasst von\" \/>\n\t<meta name=\"twitter:data1\" content=\"Sander\" \/>\n\t<meta name=\"twitter:label2\" content=\"Gesch\u00e4tzte Lesezeit\" \/>\n\t<meta name=\"twitter:data2\" content=\"6\u00a0Minuten\" \/>\n<script type=\"application\/ld+json\" class=\"yoast-schema-graph\">{\"@context\":\"https:\\\/\\\/schema.org\",\"@graph\":[{\"@type\":\"Article\",\"@id\":\"https:\\\/\\\/cyclingdestination.cc\\\/verhalen\\\/winterbestemming-gran-canaria#article\",\"isPartOf\":{\"@id\":\"https:\\\/\\\/cyclingdestination.cc\\\/verhalen\\\/winterbestemming-gran-canaria\"},\"author\":{\"name\":\"Sander\",\"@id\":\"https:\\\/\\\/cyclingdestination.cc\\\/#\\\/schema\\\/person\\\/d8be1d6ea48cbeb775e9ea6b57e54a7d\"},\"headline\":\"Winterbestemming: Gran Canaria\",\"datePublished\":\"2021-10-31T11:20:09+00:00\",\"dateModified\":\"2025-12-22T13:56:38+00:00\",\"mainEntityOfPage\":{\"@id\":\"https:\\\/\\\/cyclingdestination.cc\\\/verhalen\\\/winterbestemming-gran-canaria\"},\"wordCount\":891,\"commentCount\":2,\"publisher\":{\"@id\":\"https:\\\/\\\/cyclingdestination.cc\\\/#organization\"},\"image\":{\"@id\":\"https:\\\/\\\/cyclingdestination.cc\\\/verhalen\\\/winterbestemming-gran-canaria#primaryimage\"},\"thumbnailUrl\":\"https:\\\/\\\/cyclingdestination.cc\\\/wp-content\\\/uploads\\\/2021\\\/10\\\/jan-brennenstuhl-Qhv1SrMLebk-unsplash-scaled.jpg\",\"keywords\":[\"fietsvakantie\",\"gran canaria\",\"winterbestemming\"],\"articleSection\":[\"Verhalen\"],\"inLanguage\":\"de\",\"potentialAction\":[{\"@type\":\"CommentAction\",\"name\":\"Comment\",\"target\":[\"https:\\\/\\\/cyclingdestination.cc\\\/verhalen\\\/winterbestemming-gran-canaria#respond\"]}]},{\"@type\":\"WebPage\",\"@id\":\"https:\\\/\\\/cyclingdestination.cc\\\/verhalen\\\/winterbestemming-gran-canaria\",\"url\":\"https:\\\/\\\/cyclingdestination.cc\\\/verhalen\\\/winterbestemming-gran-canaria\",\"name\":\"Winterbestemming: Gran Canaria - Cycling Destination\",\"isPartOf\":{\"@id\":\"https:\\\/\\\/cyclingdestination.cc\\\/#website\"},\"primaryImageOfPage\":{\"@id\":\"https:\\\/\\\/cyclingdestination.cc\\\/verhalen\\\/winterbestemming-gran-canaria#primaryimage\"},\"image\":{\"@id\":\"https:\\\/\\\/cyclingdestination.cc\\\/verhalen\\\/winterbestemming-gran-canaria#primaryimage\"},\"thumbnailUrl\":\"https:\\\/\\\/cyclingdestination.cc\\\/wp-content\\\/uploads\\\/2021\\\/10\\\/jan-brennenstuhl-Qhv1SrMLebk-unsplash-scaled.jpg\",\"datePublished\":\"2021-10-31T11:20:09+00:00\",\"dateModified\":\"2025-12-22T13:56:38+00:00\",\"description\":\"Gran Canaria is de perfecte (winter)bestemming voor fietsers. Je vindt er prachtige routes en paden voor een jaar lang fietsplezier\",\"breadcrumb\":{\"@id\":\"https:\\\/\\\/cyclingdestination.cc\\\/verhalen\\\/winterbestemming-gran-canaria#breadcrumb\"},\"inLanguage\":\"de\",\"potentialAction\":[{\"@type\":\"ReadAction\",\"target\":[\"https:\\\/\\\/cyclingdestination.cc\\\/verhalen\\\/winterbestemming-gran-canaria\"]}]},{\"@type\":\"ImageObject\",\"inLanguage\":\"de\",\"@id\":\"https:\\\/\\\/cyclingdestination.cc\\\/verhalen\\\/winterbestemming-gran-canaria#primaryimage\",\"url\":\"https:\\\/\\\/cyclingdestination.cc\\\/wp-content\\\/uploads\\\/2021\\\/10\\\/jan-brennenstuhl-Qhv1SrMLebk-unsplash-scaled.jpg\",\"contentUrl\":\"https:\\\/\\\/cyclingdestination.cc\\\/wp-content\\\/uploads\\\/2021\\\/10\\\/jan-brennenstuhl-Qhv1SrMLebk-unsplash-scaled.jpg\",\"width\":2560,\"height\":1707,\"caption\":\"Gran Canaria - (c) Jan Brennenstuhl\"},{\"@type\":\"BreadcrumbList\",\"@id\":\"https:\\\/\\\/cyclingdestination.cc\\\/verhalen\\\/winterbestemming-gran-canaria#breadcrumb\",\"itemListElement\":[{\"@type\":\"ListItem\",\"position\":1,\"name\":\"Home\",\"item\":\"https:\\\/\\\/cyclingdestination.cc\\\/\"},{\"@type\":\"ListItem\",\"position\":2,\"name\":\"Winterbestemming: Gran Canaria\"}]},{\"@type\":\"WebSite\",\"@id\":\"https:\\\/\\\/cyclingdestination.cc\\\/#website\",\"url\":\"https:\\\/\\\/cyclingdestination.cc\\\/\",\"name\":\"Cycling Destination\",\"description\":\"Inspiratie voor jouw volgende fietsavontuur\",\"publisher\":{\"@id\":\"https:\\\/\\\/cyclingdestination.cc\\\/#organization\"},\"potentialAction\":[{\"@type\":\"SearchAction\",\"target\":{\"@type\":\"EntryPoint\",\"urlTemplate\":\"https:\\\/\\\/cyclingdestination.cc\\\/?s={search_term_string}\"},\"query-input\":{\"@type\":\"PropertyValueSpecification\",\"valueRequired\":true,\"valueName\":\"search_term_string\"}}],\"inLanguage\":\"de\"},{\"@type\":\"Organization\",\"@id\":\"https:\\\/\\\/cyclingdestination.cc\\\/#organization\",\"name\":\"Cycling Destination\",\"url\":\"https:\\\/\\\/cyclingdestination.cc\\\/\",\"logo\":{\"@type\":\"ImageObject\",\"inLanguage\":\"de\",\"@id\":\"https:\\\/\\\/cyclingdestination.cc\\\/#\\\/schema\\\/logo\\\/image\\\/\",\"url\":\"https:\\\/\\\/cyclingdestination.cc\\\/wp-content\\\/uploads\\\/2022\\\/01\\\/cyclingdestination_logo_RGB_zwart_vDEF-1.png\",\"contentUrl\":\"https:\\\/\\\/cyclingdestination.cc\\\/wp-content\\\/uploads\\\/2022\\\/01\\\/cyclingdestination_logo_RGB_zwart_vDEF-1.png\",\"width\":2550,\"height\":814,\"caption\":\"Cycling Destination\"},\"image\":{\"@id\":\"https:\\\/\\\/cyclingdestination.cc\\\/#\\\/schema\\\/logo\\\/image\\\/\"},\"sameAs\":[\"https:\\\/\\\/www.facebook.com\\\/cyclingdestination.cc\",\"https:\\\/\\\/x.com\\\/cyclingdestin\",\"https:\\\/\\\/www.instagram.com\\\/cyclingdestination.cc\\\/\"]},{\"@type\":\"Person\",\"@id\":\"https:\\\/\\\/cyclingdestination.cc\\\/#\\\/schema\\\/person\\\/d8be1d6ea48cbeb775e9ea6b57e54a7d\",\"name\":\"Sander\",\"url\":\"https:\\\/\\\/cyclingdestination.cc\\\/de\\\/author\\\/admin\"}]}<\/script>\n<!-- \/ Yoast SEO plugin. -->","yoast_head_json":{"title":"Winterreiseziel: Gran Canaria - Ziel f\u00fcr Radfahrer","description":"Gran Canaria ist das perfekte (Winter-)Ziel f\u00fcr Radfahrer. Sie finden hier wunderbare Routen und Wege f\u00fcr ein ganzes Jahr Radfahrspa\u00df","robots":{"index":"index","follow":"follow","max-snippet":"max-snippet:-1","max-image-preview":"max-image-preview:large","max-video-preview":"max-video-preview:-1"},"canonical":"https:\/\/cyclingdestination.cc\/de\/verhalen\/winterbestemming-gran-canaria\/","og_locale":"de_DE","og_type":"article","og_title":"Winterbestemming: Gran Canaria - Cycling Destination","og_description":"Gran Canaria is de perfecte (winter)bestemming voor fietsers. Je vindt er prachtige routes en paden voor een jaar lang fietsplezier","og_url":"https:\/\/cyclingdestination.cc\/de\/verhalen\/winterbestemming-gran-canaria\/","og_site_name":"Cycling Destination","article_publisher":"https:\/\/www.facebook.com\/cyclingdestination.cc","article_published_time":"2021-10-31T11:20:09+00:00","article_modified_time":"2025-12-22T13:56:38+00:00","og_image":[{"width":2560,"height":1707,"url":"https:\/\/cyclingdestination.cc\/wp-content\/uploads\/2021\/10\/jan-brennenstuhl-Qhv1SrMLebk-unsplash-scaled.jpg","type":"image\/jpeg"}],"author":"Sander","twitter_card":"summary_large_image","twitter_creator":"@cyclingdestin","twitter_site":"@cyclingdestin","twitter_misc":{"Verfasst von":"Sander","Gesch\u00e4tzte Lesezeit":"6\u00a0Minuten"},"schema":{"@context":"https:\/\/schema.org","@graph":[{"@type":"Article","@id":"https:\/\/cyclingdestination.cc\/verhalen\/winterbestemming-gran-canaria#article","isPartOf":{"@id":"https:\/\/cyclingdestination.cc\/verhalen\/winterbestemming-gran-canaria"},"author":{"name":"Sander","@id":"https:\/\/cyclingdestination.cc\/#\/schema\/person\/d8be1d6ea48cbeb775e9ea6b57e54a7d"},"headline":"Winterbestemming: Gran Canaria","datePublished":"2021-10-31T11:20:09+00:00","dateModified":"2025-12-22T13:56:38+00:00","mainEntityOfPage":{"@id":"https:\/\/cyclingdestination.cc\/verhalen\/winterbestemming-gran-canaria"},"wordCount":891,"commentCount":2,"publisher":{"@id":"https:\/\/cyclingdestination.cc\/#organization"},"image":{"@id":"https:\/\/cyclingdestination.cc\/verhalen\/winterbestemming-gran-canaria#primaryimage"},"thumbnailUrl":"https:\/\/cyclingdestination.cc\/wp-content\/uploads\/2021\/10\/jan-brennenstuhl-Qhv1SrMLebk-unsplash-scaled.jpg","keywords":["fietsvakantie","gran canaria","winterbestemming"],"articleSection":["Verhalen"],"inLanguage":"de","potentialAction":[{"@type":"CommentAction","name":"Comment","target":["https:\/\/cyclingdestination.cc\/verhalen\/winterbestemming-gran-canaria#respond"]}]},{"@type":"WebPage","@id":"https:\/\/cyclingdestination.cc\/verhalen\/winterbestemming-gran-canaria","url":"https:\/\/cyclingdestination.cc\/verhalen\/winterbestemming-gran-canaria","name":"Winterreiseziel: Gran Canaria - Ziel f\u00fcr Radfahrer","isPartOf":{"@id":"https:\/\/cyclingdestination.cc\/#website"},"primaryImageOfPage":{"@id":"https:\/\/cyclingdestination.cc\/verhalen\/winterbestemming-gran-canaria#primaryimage"},"image":{"@id":"https:\/\/cyclingdestination.cc\/verhalen\/winterbestemming-gran-canaria#primaryimage"},"thumbnailUrl":"https:\/\/cyclingdestination.cc\/wp-content\/uploads\/2021\/10\/jan-brennenstuhl-Qhv1SrMLebk-unsplash-scaled.jpg","datePublished":"2021-10-31T11:20:09+00:00","dateModified":"2025-12-22T13:56:38+00:00","description":"Gran Canaria ist das perfekte (Winter-)Ziel f\u00fcr Radfahrer. Sie finden hier wunderbare Routen und Wege f\u00fcr ein ganzes Jahr Radfahrspa\u00df","breadcrumb":{"@id":"https:\/\/cyclingdestination.cc\/verhalen\/winterbestemming-gran-canaria#breadcrumb"},"inLanguage":"de","potentialAction":[{"@type":"ReadAction","target":["https:\/\/cyclingdestination.cc\/verhalen\/winterbestemming-gran-canaria"]}]},{"@type":"ImageObject","inLanguage":"de","@id":"https:\/\/cyclingdestination.cc\/verhalen\/winterbestemming-gran-canaria#primaryimage","url":"https:\/\/cyclingdestination.cc\/wp-content\/uploads\/2021\/10\/jan-brennenstuhl-Qhv1SrMLebk-unsplash-scaled.jpg","contentUrl":"https:\/\/cyclingdestination.cc\/wp-content\/uploads\/2021\/10\/jan-brennenstuhl-Qhv1SrMLebk-unsplash-scaled.jpg","width":2560,"height":1707,"caption":"Gran Canaria - (c) Jan Brennenstuhl"},{"@type":"BreadcrumbList","@id":"https:\/\/cyclingdestination.cc\/verhalen\/winterbestemming-gran-canaria#breadcrumb","itemListElement":[{"@type":"ListItem","position":1,"name":"Home","item":"https:\/\/cyclingdestination.cc\/"},{"@type":"ListItem","position":2,"name":"Winterbestemming: Gran Canaria"}]},{"@type":"WebSite","@id":"https:\/\/cyclingdestination.cc\/#website","url":"https:\/\/cyclingdestination.cc\/","name":"Ziel Radfahren","description":"Inspiration f\u00fcr Ihr n\u00e4chstes Fahrradabenteuer","publisher":{"@id":"https:\/\/cyclingdestination.cc\/#organization"},"potentialAction":[{"@type":"SearchAction","target":{"@type":"EntryPoint","urlTemplate":"https:\/\/cyclingdestination.cc\/?s={search_term_string}"},"query-input":{"@type":"PropertyValueSpecification","valueRequired":true,"valueName":"search_term_string"}}],"inLanguage":"de"},{"@type":"Organization","@id":"https:\/\/cyclingdestination.cc\/#organization","name":"Ziel Radfahren","url":"https:\/\/cyclingdestination.cc\/","logo":{"@type":"ImageObject","inLanguage":"de","@id":"https:\/\/cyclingdestination.cc\/#\/schema\/logo\/image\/","url":"https:\/\/cyclingdestination.cc\/wp-content\/uploads\/2022\/01\/cyclingdestination_logo_RGB_zwart_vDEF-1.png","contentUrl":"https:\/\/cyclingdestination.cc\/wp-content\/uploads\/2022\/01\/cyclingdestination_logo_RGB_zwart_vDEF-1.png","width":2550,"height":814,"caption":"Cycling Destination"},"image":{"@id":"https:\/\/cyclingdestination.cc\/#\/schema\/logo\/image\/"},"sameAs":["https:\/\/www.facebook.com\/cyclingdestination.cc","https:\/\/x.com\/cyclingdestin","https:\/\/www.instagram.com\/cyclingdestination.cc\/"]},{"@type":"Person","@id":"https:\/\/cyclingdestination.cc\/#\/schema\/person\/d8be1d6ea48cbeb775e9ea6b57e54a7d","name":"Sander","url":"https:\/\/cyclingdestination.cc\/de\/author\/admin"}]}},"_links":{"self":[{"href":"https:\/\/cyclingdestination.cc\/de\/wp-json\/wp\/v2\/posts\/2618","targetHints":{"allow":["GET"]}}],"collection":[{"href":"https:\/\/cyclingdestination.cc\/de\/wp-json\/wp\/v2\/posts"}],"about":[{"href":"https:\/\/cyclingdestination.cc\/de\/wp-json\/wp\/v2\/types\/post"}],"author":[{"embeddable":true,"href":"https:\/\/cyclingdestination.cc\/de\/wp-json\/wp\/v2\/users\/1"}],"replies":[{"embeddable":true,"href":"https:\/\/cyclingdestination.cc\/de\/wp-json\/wp\/v2\/comments?post=2618"}],"version-history":[{"count":3,"href":"https:\/\/cyclingdestination.cc\/de\/wp-json\/wp\/v2\/posts\/2618\/revisions"}],"predecessor-version":[{"id":25690,"href":"https:\/\/cyclingdestination.cc\/de\/wp-json\/wp\/v2\/posts\/2618\/revisions\/25690"}],"wp:featuredmedia":[{"embeddable":true,"href":"https:\/\/cyclingdestination.cc\/de\/wp-json\/wp\/v2\/media\/2626"}],"wp:attachment":[{"href":"https:\/\/cyclingdestination.cc\/de\/wp-json\/wp\/v2\/media?parent=2618"}],"wp:term":[{"taxonomy":"category","embeddable":true,"href":"https:\/\/cyclingdestination.cc\/de\/wp-json\/wp\/v2\/categories?post=2618"},{"taxonomy":"post_tag","embeddable":true,"href":"https:\/\/cyclingdestination.cc\/de\/wp-json\/wp\/v2\/tags?post=2618"}],"curies":[{"name":"wp","href":"https:\/\/api.w.org\/{rel}","templated":true}]}}