{"id":27232,"date":"2026-08-11T19:52:55","date_gmt":"2026-08-11T17:52:55","guid":{"rendered":"https:\/\/cyclingdestination.cc\/?p=27232"},"modified":"2026-08-11T19:52:56","modified_gmt":"2026-08-11T17:52:56","slug":"waarom-jij-op-bikepacking-tocht-in-slovenie-wil","status":"publish","type":"post","link":"https:\/\/cyclingdestination.cc\/de\/verhalen\/slovenie\/waarom-jij-op-bikepacking-tocht-in-slovenie-wil","title":{"rendered":"Warum du eine Bikepacking-Tour in Slowenien machen m\u00f6chtest"},"content":{"rendered":"<p class=\"wp-block-paragraph\"><em>Slowenien: Wo die Geschichten schon geschrieben waren, bevor ich ankam<\/em><\/p>\n\n\n\n<p class=\"wp-block-paragraph\">Sechs Tage Schotter in Slowenien: Von einem Gebirgspass, durch den meine Eltern in den 70er Jahren fuhren, bis zu gr\u00fcn-blauen Seen, Weind\u00f6rfern und dem Vr\u0161i\u010d-Anstieg.<\/p>\n\n\n\n<figure class=\"wp-block-gallery has-nested-images columns-default is-cropped wp-block-gallery-1 is-layout-flex wp-block-gallery-is-layout-flex\">\n<figure class=\"wp-block-image size-large\"><img fetchpriority=\"high\" decoding=\"async\" width=\"1024\" height=\"576\" data-id=\"27247\" src=\"https:\/\/cyclingdestination.cc\/wp-content\/uploads\/2026\/08\/PXL_20260517_101643178-1024x576.jpg\" alt=\"\" class=\"wp-image-27247\" srcset=\"https:\/\/cyclingdestination.cc\/wp-content\/uploads\/2026\/08\/PXL_20260517_101643178-1024x576.jpg 1024w, https:\/\/cyclingdestination.cc\/wp-content\/uploads\/2026\/08\/PXL_20260517_101643178-300x169.jpg 300w, https:\/\/cyclingdestination.cc\/wp-content\/uploads\/2026\/08\/PXL_20260517_101643178-768x432.jpg 768w, https:\/\/cyclingdestination.cc\/wp-content\/uploads\/2026\/08\/PXL_20260517_101643178-1536x864.jpg 1536w, https:\/\/cyclingdestination.cc\/wp-content\/uploads\/2026\/08\/PXL_20260517_101643178-18x10.jpg 18w, https:\/\/cyclingdestination.cc\/wp-content\/uploads\/2026\/08\/PXL_20260517_101643178.jpg 1920w\" sizes=\"(max-width: 1024px) 100vw, 1024px\" \/><figcaption class=\"wp-element-caption\">Slowenien am Bergsee<\/figcaption><\/figure>\n<\/figure>\n\n\n\n<h2 class=\"wp-block-heading\">Manche Orte begegnet man zweimal im Leben. <\/h2>\n\n\n\n<p class=\"wp-block-paragraph\">Zuerst durch die Geschichten von Menschen, die f\u00fcr dich da waren, und erst dann, wenn du selbst dorthin f\u00e4hrst. Ich wuchs mit Geschichten \u00fcber das \u2018ehemalige Jugoslawien\u2019 von meinen Eltern und Gro\u00dfeltern auf. Sommerurlaub in den 70er Jahren, ein kleines Auto, keine Klimaanlage, ganz von den Niederlanden nach Slowenien und in die Nachbarl\u00e4nder. Obstst\u00e4nde am Stra\u00dfenweg. Laut singen, um die Stunden verfliegen zu lassen. Papierkarten, Routen, von denen man von Mitreisenden und Anwohnern h\u00f6rte, kein Bildschirm in Sicht. Das Abenteuer begann schon in dem Moment, als man aus dem Haus ging.<\/p>\n\n\n\n<p class=\"wp-block-paragraph\">Also f\u00fchlt sich der Moment, als Kees und ich abends \u00fcber den Wurzenpass fahren und von \u00d6sterreich nach Slowenien wechseln, anders an, als ich erwartet hatte. Dies ist genau der Bergpass, den meine Eltern auf einer ihrer allerersten gemeinsamen Reisen genommen haben. Dieselbe Stra\u00dfe, eine andere Generation. Ich schicke schnell eine Nachricht nach Hause. Sie erinnern sich sofort an den Pass. Ein guter Anfang.<\/p>\n\n\n\n<h2 class=\"wp-block-heading\">Das Wetter hat andere Pl\u00e4ne (zun\u00e4chst)<\/h2>\n\n\n\n<p class=\"wp-block-paragraph\">Was als eine lange Fahrt von \u00d6sterreich nach Kranjska Gora beginnt, genau in der Ecke, wo sich \u00d6sterreich, Italien und Slowenien treffen, wurde schnell zu einem typisch slowenischen Empfang.<\/p>\n\n\n\n<p class=\"wp-block-paragraph\"><strong>Tag eins<\/strong>den ganzen Vormittag str\u00f6mender Regen. Am fr\u00fchen Nachmittag ein leichter Schneeschauer. Die Art von Wetter, die deine Ausdauer auf die Probe stellt, bevor du \u00fcberhaupt begonnen hast.<\/p>\n\n\n\n<figure class=\"wp-block-gallery has-nested-images columns-default is-cropped wp-block-gallery-2 is-layout-flex wp-block-gallery-is-layout-flex\">\n<figure class=\"wp-block-image size-large\"><img decoding=\"async\" width=\"576\" height=\"1024\" data-id=\"27243\" src=\"https:\/\/cyclingdestination.cc\/wp-content\/uploads\/2026\/08\/PXL_20260517_144125183-576x1024.jpg\" alt=\"\" class=\"wp-image-27243\" srcset=\"https:\/\/cyclingdestination.cc\/wp-content\/uploads\/2026\/08\/PXL_20260517_144125183-576x1024.jpg 576w, https:\/\/cyclingdestination.cc\/wp-content\/uploads\/2026\/08\/PXL_20260517_144125183-169x300.jpg 169w, https:\/\/cyclingdestination.cc\/wp-content\/uploads\/2026\/08\/PXL_20260517_144125183-768x1365.jpg 768w, https:\/\/cyclingdestination.cc\/wp-content\/uploads\/2026\/08\/PXL_20260517_144125183-864x1536.jpg 864w, https:\/\/cyclingdestination.cc\/wp-content\/uploads\/2026\/08\/PXL_20260517_144125183-7x12.jpg 7w, https:\/\/cyclingdestination.cc\/wp-content\/uploads\/2026\/08\/PXL_20260517_144125183.jpg 1080w\" sizes=\"(max-width: 576px) 100vw, 576px\" \/><\/figure>\n\n\n\n<figure class=\"wp-block-image size-large\"><img decoding=\"async\" width=\"576\" height=\"1024\" data-id=\"27244\" src=\"https:\/\/cyclingdestination.cc\/wp-content\/uploads\/2026\/08\/PXL_20260517_144138539-576x1024.jpg\" alt=\"\" class=\"wp-image-27244\" srcset=\"https:\/\/cyclingdestination.cc\/wp-content\/uploads\/2026\/08\/PXL_20260517_144138539-576x1024.jpg 576w, https:\/\/cyclingdestination.cc\/wp-content\/uploads\/2026\/08\/PXL_20260517_144138539-169x300.jpg 169w, https:\/\/cyclingdestination.cc\/wp-content\/uploads\/2026\/08\/PXL_20260517_144138539-768x1365.jpg 768w, https:\/\/cyclingdestination.cc\/wp-content\/uploads\/2026\/08\/PXL_20260517_144138539-864x1536.jpg 864w, https:\/\/cyclingdestination.cc\/wp-content\/uploads\/2026\/08\/PXL_20260517_144138539-7x12.jpg 7w, https:\/\/cyclingdestination.cc\/wp-content\/uploads\/2026\/08\/PXL_20260517_144138539.jpg 1080w\" sizes=\"(max-width: 576px) 100vw, 576px\" \/><\/figure>\n<\/figure>\n\n\n\n<p class=\"wp-block-paragraph\">Aber wir haben geh\u00f6rt: ab zwei Uhr scheint die Sonne. Und so war es. P\u00fcnktlich. An diesem Nachmittag scheint das goldene Licht auf den Schotter und erinnert mich an etwas, das ich auf solchen Touren immer wieder lerne: Flexibilit\u00e4t ist keine Schw\u00e4che. Sie ist die F\u00e4higkeit, die dich da durchzieht. Das bedeutete auch, dass einige Schotterabschnitte ausgelassen werden mussten, denn die lagen unter einer wei\u00dfen Decke von 50 Zentimetern. So ist das Wetter, so ist das Leben in den Bergen. Die gute Nachricht: Die alternative Route ist auch gleich getestet. Dieser Teil des Schotters ist f\u00fcr die schneefreien Tage, w\u00e4hrend der Asphalt eine sehr sch\u00f6ne Alternative ist.<\/p>\n\n\n\n<h2 class=\"wp-block-heading\">Wie Slowenien wirklich aussieht<\/h2>\n\n\n\n<p class=\"wp-block-paragraph\"><a href=\"https:\/\/www.visitljubljana.com\/it\/visitatori\">Laibach<\/a> hat einen gro\u00dfen Park direkt am Stadtzentrum, auf dem Gravelbike kann man quer durch den Stadtpark radeln und wo man zuerst noch regelm\u00e4\u00dfig einen Spazierg\u00e4nger sieht, f\u00fchlt man langsam die Stille zunehmen. Innerhalb weniger Kilometer ist man gef\u00fchlt v\u00f6llig in der Natur. Nicht umsonst werden 2026 in Ljubljana die Stra\u00dfenrad-Europameisterschaften ausgetragen. Wir verstehen sehr wohl warum.<\/p>\n\n\n\n<p class=\"wp-block-paragraph\">Slowenien hat mythisch wirkende Waldwege, Singletracks zwischen den Kiefern, wei\u00dfe Schotterstra\u00dfen, die an und \u00fcber die gr\u00fcnblauen Fl\u00fcsse wie den Soca-Fluss f\u00fchren. Die Fl\u00fcsse laden dazu ein, darin zu schwimmen oder sehr lange hineinzustarren. Slowenien bietet einen fantastischen Kontrast zwischen einerseits den Julischen Alpen und andererseits den tiefer gelegenen Weinregionen, aus denen die Weine zunehmend internationale Ausstrahlung erhalten. Der Schotter ist eine Mischung aus Champagner-Schotter mit manchmal einem St\u00fcck, das mehr f\u00fcr Wanderer als f\u00fcr Radfahrer entworfen zu sein scheint.&nbsp;<\/p>\n\n\n\n<figure class=\"wp-block-gallery has-nested-images columns-default is-cropped wp-block-gallery-3 is-layout-flex wp-block-gallery-is-layout-flex\">\n<figure class=\"wp-block-image size-large\"><img loading=\"lazy\" decoding=\"async\" width=\"1024\" height=\"576\" data-id=\"27242\" src=\"https:\/\/cyclingdestination.cc\/wp-content\/uploads\/2026\/08\/PXL_20260517_085522341-1024x576.jpg\" alt=\"Der ber\u00fchmte See bei Bled, mit der kleinen Insel und der Kirche\" class=\"wp-image-27242\" srcset=\"https:\/\/cyclingdestination.cc\/wp-content\/uploads\/2026\/08\/PXL_20260517_085522341-1024x576.jpg 1024w, https:\/\/cyclingdestination.cc\/wp-content\/uploads\/2026\/08\/PXL_20260517_085522341-300x169.jpg 300w, https:\/\/cyclingdestination.cc\/wp-content\/uploads\/2026\/08\/PXL_20260517_085522341-768x432.jpg 768w, https:\/\/cyclingdestination.cc\/wp-content\/uploads\/2026\/08\/PXL_20260517_085522341-1536x864.jpg 1536w, https:\/\/cyclingdestination.cc\/wp-content\/uploads\/2026\/08\/PXL_20260517_085522341-18x10.jpg 18w, https:\/\/cyclingdestination.cc\/wp-content\/uploads\/2026\/08\/PXL_20260517_085522341.jpg 1920w\" sizes=\"(max-width: 1024px) 100vw, 1024px\" \/><figcaption class=\"wp-element-caption\">Der ber\u00fchmte See bei Bled, mit der kleinen Insel und der Kirche<\/figcaption><\/figure>\n<\/figure>\n\n\n\n<p class=\"wp-block-paragraph\">Die <strong>Vr\u0161i\u010d-Pass<\/strong> mit Blick auf den h\u00f6chsten Berg Sloweniens: den Triglav. Dieser Anstieg beginnt direkt in Kranjska Gora und ist einer, der sich auf deine Netzhaut t\u00e4towiert. Der Anstieg kann komplett \u00fcber die Stra\u00dfe bew\u00e4ltigt werden, aber noch sch\u00f6ner ist es, die ersten 5 km durch den Wald, entlang des Flusses nach oben zu klettern, einschlie\u00dflich Fluss\u00fcberquerung. Das Ende des Anstiegs kann, als Alternative zum Asphalt, \u00fcber einen schmalen Bergpfad mit bizarren Aussichten w\u00e4hrend der gesamten Route absolviert werden. Einmal oben angekommen, blickst du auf der anderen Seite in ein wundersch\u00f6nes Tal, mit einer geh\u00f6rigen Dosis Selbstvertrauen als Bonus.<\/p>\n\n\n\n<figure class=\"wp-block-gallery has-nested-images columns-default is-cropped wp-block-gallery-4 is-layout-flex wp-block-gallery-is-layout-flex\">\n<figure class=\"wp-block-image size-large\"><img loading=\"lazy\" decoding=\"async\" width=\"576\" height=\"1024\" data-id=\"27237\" src=\"https:\/\/cyclingdestination.cc\/wp-content\/uploads\/2026\/08\/PXL_20260512_171328378-576x1024.jpg\" alt=\"\" class=\"wp-image-27237\" srcset=\"https:\/\/cyclingdestination.cc\/wp-content\/uploads\/2026\/08\/PXL_20260512_171328378-576x1024.jpg 576w, https:\/\/cyclingdestination.cc\/wp-content\/uploads\/2026\/08\/PXL_20260512_171328378-169x300.jpg 169w, https:\/\/cyclingdestination.cc\/wp-content\/uploads\/2026\/08\/PXL_20260512_171328378-768x1365.jpg 768w, https:\/\/cyclingdestination.cc\/wp-content\/uploads\/2026\/08\/PXL_20260512_171328378-864x1536.jpg 864w, https:\/\/cyclingdestination.cc\/wp-content\/uploads\/2026\/08\/PXL_20260512_171328378-7x12.jpg 7w, https:\/\/cyclingdestination.cc\/wp-content\/uploads\/2026\/08\/PXL_20260512_171328378.jpg 1080w\" sizes=\"(max-width: 576px) 100vw, 576px\" \/><\/figure>\n\n\n\n<figure class=\"wp-block-image size-large\"><img loading=\"lazy\" decoding=\"async\" width=\"576\" height=\"1024\" data-id=\"27236\" src=\"https:\/\/cyclingdestination.cc\/wp-content\/uploads\/2026\/08\/PXL_20260512_152608603-576x1024.jpg\" alt=\"\" class=\"wp-image-27236\" srcset=\"https:\/\/cyclingdestination.cc\/wp-content\/uploads\/2026\/08\/PXL_20260512_152608603-576x1024.jpg 576w, https:\/\/cyclingdestination.cc\/wp-content\/uploads\/2026\/08\/PXL_20260512_152608603-169x300.jpg 169w, https:\/\/cyclingdestination.cc\/wp-content\/uploads\/2026\/08\/PXL_20260512_152608603-768x1365.jpg 768w, https:\/\/cyclingdestination.cc\/wp-content\/uploads\/2026\/08\/PXL_20260512_152608603-864x1536.jpg 864w, https:\/\/cyclingdestination.cc\/wp-content\/uploads\/2026\/08\/PXL_20260512_152608603-7x12.jpg 7w, https:\/\/cyclingdestination.cc\/wp-content\/uploads\/2026\/08\/PXL_20260512_152608603.jpg 1080w\" sizes=\"(max-width: 576px) 100vw, 576px\" \/><\/figure>\n<\/figure>\n\n\n\n<h2 class=\"wp-block-heading\">Die Menschen, die du nicht erwartest<\/h2>\n\n\n\n<p class=\"wp-block-paragraph\">Die Routen sind da. Die Stra\u00dfen sind wundersch\u00f6n. Aber die Erinnerungen, die du wirklich mit nach Hause nimmst? Die kommen von woanders.<\/p>\n\n\n\n<figure class=\"wp-block-gallery has-nested-images columns-default is-cropped wp-block-gallery-5 is-layout-flex wp-block-gallery-is-layout-flex\">\n<figure class=\"wp-block-image size-large\"><img loading=\"lazy\" decoding=\"async\" width=\"1024\" height=\"576\" data-id=\"27241\" src=\"https:\/\/cyclingdestination.cc\/wp-content\/uploads\/2026\/08\/PXL_20260514_082723548-1024x576.jpg\" alt=\"\" class=\"wp-image-27241\" srcset=\"https:\/\/cyclingdestination.cc\/wp-content\/uploads\/2026\/08\/PXL_20260514_082723548-1024x576.jpg 1024w, https:\/\/cyclingdestination.cc\/wp-content\/uploads\/2026\/08\/PXL_20260514_082723548-300x169.jpg 300w, https:\/\/cyclingdestination.cc\/wp-content\/uploads\/2026\/08\/PXL_20260514_082723548-768x432.jpg 768w, https:\/\/cyclingdestination.cc\/wp-content\/uploads\/2026\/08\/PXL_20260514_082723548-1536x864.jpg 1536w, https:\/\/cyclingdestination.cc\/wp-content\/uploads\/2026\/08\/PXL_20260514_082723548-18x10.jpg 18w, https:\/\/cyclingdestination.cc\/wp-content\/uploads\/2026\/08\/PXL_20260514_082723548.jpg 1920w\" sizes=\"(max-width: 1024px) 100vw, 1024px\" \/><figcaption class=\"wp-element-caption\">Die weiten Gebiete in Slowenien<\/figcaption><\/figure>\n<\/figure>\n\n\n\n<p class=\"wp-block-paragraph\">Es gibt einen bestimmten Typ von Einheimischem, den man trifft, wenn man mit dem Fahrrad f\u00e4hrt <strong>Fahrradtaschen<\/strong>. Kein typischer Tourist, nicht die Leute auf der Durchfahrt in einem Auto. Es sind die Leute, die nicht im Tourismussektor arbeiten oder Touristen sind. Daniel war so jemand. <\/p>\n\n\n\n<p class=\"wp-block-paragraph\">Er sah uns fahren, fragte, wohin wir gingen, und war aufrichtig begeistert. Er kannte Wege, die wir nicht kannten, und bot an, sie uns zu zeigen. Er erz\u00e4hlte lokale Geschichten mit jener Art von Begeisterung, die nur jemand hat, der einen Ort wirklich liebt und selten die Gelegenheit bekommt, ihn jemandem zu zeigen, der ihn auch wirklich sch\u00e4tzt. So nahm er uns mit zu einem fast 700 Jahre alten Baum im Tal, den wir nun zu unserer Route hinzugef\u00fcgt haben. Ein Ort, um sich kurz hinzusetzen und wegzutr\u00e4umen. Nicht nur dar\u00fcber, was in diesem Tal geschehen ist, sondern auch dar\u00fcber, wohin die eigene Zukunft f\u00fchrt.<\/p>\n\n\n\n<p class=\"wp-block-paragraph\">Vielleicht findest du deinen eigenen Daniel in Slowenien. Jemanden, den du dir nicht h\u00e4ttest planen k\u00f6nnen.<\/p>\n\n\n\n<h2 class=\"wp-block-heading\">Sch\u00f6ner Schlaf<\/h2>\n\n\n\n<p class=\"wp-block-paragraph\">Und dann ist da noch die Unterkunft nach einem langen Tag. Sp\u00e4te Ankunft, m\u00fcde Beine, alles in der N\u00e4he schon zu f\u00fcr das Abendessen. Wir haben zweimal angerufen. Erstens um zu sagen, dass wir etwas sp\u00e4ter sein werden. Danach, leicht in Panik, um herauszufinden, wie es mit dem Essen aussah. Am anderen Ende der Leitung klingt ein kurzes, freundliches Lachen. \u201cWillst du Pasta?\u201d<\/p>\n\n\n\n<p class=\"wp-block-paragraph\">Es wird schlie\u00dflich ein Dreig\u00e4nge-Men\u00fc. Mit Sorgfalt zubereitet, mit Kreativit\u00e4t, einfach weil wir diejenigen waren, die sp\u00e4t und hungrig auftauchten. Eine der besten Mahlzeiten der Reise. Unm\u00f6glich zu verwirklichen, unm\u00f6glich zu planen. Es sind solche Dinge, die einem im Ged\u00e4chtnis bleiben, noch mehr als die sch\u00f6nen Aussichten.\u00a0<\/p>\n\n\n\n<figure class=\"wp-block-gallery has-nested-images columns-default is-cropped wp-block-gallery-6 is-layout-flex wp-block-gallery-is-layout-flex\">\n<figure class=\"wp-block-image size-large\"><img loading=\"lazy\" decoding=\"async\" width=\"1024\" height=\"576\" data-id=\"27234\" src=\"https:\/\/cyclingdestination.cc\/wp-content\/uploads\/2026\/08\/PXL_20260512_134040518-1024x576.jpg\" alt=\"\" class=\"wp-image-27234\" srcset=\"https:\/\/cyclingdestination.cc\/wp-content\/uploads\/2026\/08\/PXL_20260512_134040518-1024x576.jpg 1024w, https:\/\/cyclingdestination.cc\/wp-content\/uploads\/2026\/08\/PXL_20260512_134040518-300x169.jpg 300w, https:\/\/cyclingdestination.cc\/wp-content\/uploads\/2026\/08\/PXL_20260512_134040518-768x432.jpg 768w, https:\/\/cyclingdestination.cc\/wp-content\/uploads\/2026\/08\/PXL_20260512_134040518-1536x864.jpg 1536w, https:\/\/cyclingdestination.cc\/wp-content\/uploads\/2026\/08\/PXL_20260512_134040518-18x10.jpg 18w, https:\/\/cyclingdestination.cc\/wp-content\/uploads\/2026\/08\/PXL_20260512_134040518.jpg 1920w\" sizes=\"(max-width: 1024px) 100vw, 1024px\" \/><\/figure>\n<\/figure>\n\n\n\n<h2 class=\"wp-block-heading\">Darin besser werden<\/h2>\n\n\n\n<p class=\"wp-block-paragraph\">Unter <a href=\"https:\/\/cyclingdestination.cc\/de\/fietsen-in-andalusie\/\" data-type=\"page\" data-id=\"26770\">Andalusien<\/a> pl\u00fcnderte ich die Hotel-Fr\u00fchst\u00fccksbuffets nach Marmeladengl\u00e4sern. Bikepacker-\u00dcberlebensinstinkt, aktiv geworden an Tag f\u00fcnf.<\/p>\n\n\n\n<p class=\"wp-block-paragraph\">Unter <strong>Slowenien<\/strong> brauche ich kaum dar\u00fcber nachzudenken. Der Rhythmus ist drin. Die Ern\u00e4hrung, das Tempo, das Wissen, wann man weitermachen muss und wann man etwas Gas rausnimmt. Fortschritt ist nicht immer spektakul\u00e4r. Manchmal merkt man es einfach daran, dass etwas, das einen fr\u00fcher M\u00fche gekostet hat, jetzt von selbst geht.<\/p>\n\n\n\n<p class=\"wp-block-paragraph\">Mehr Stunden im Sattel. Mehr Kilometer, die sich wie eine Belohnung anstatt wie \u00dcberleben anf\u00fchlten. Aber hier geht es nicht um h\u00e4rter, weiter und schneller. Es geht darum, deinen K\u00f6rper kennenzulernen, deinen eigenen Rhythmus und was dir auf dem Fahrrad Freude bereitet. Darum, dich selbst w\u00e4hrend deiner Tour besser zu verstehen. Etwas, das dich nicht nur auf dem Fahrrad weiterbringt, sondern auch in deinem t\u00e4glichen Leben.<\/p>\n\n\n\n<h2 class=\"wp-block-heading\">Warum Slowenien<\/h2>\n\n\n\n<p class=\"wp-block-paragraph\">Eine selbstgef\u00fchrte Radtour durch Slowenien schenkt Ihnen wundersch\u00f6ne Tage im Freien in einem Land, das wirkt, als w\u00e4re es wie gemacht, um mit dem Fahrrad erkundet zu werden. Unber\u00fchrte Schotterstra\u00dfen. Farbige Bergseen. Eine Stunde Fahrt durch den Wald, in der n\u00e4chsten Stunde alpine Aussichten. D\u00f6rfer, die nicht f\u00fcr Touristen optimiert sind. Weinregionen, in denen Sie mitten zwischen den Weinbergen \u00fcbernachten.<\/p>\n\n\n\n<figure class=\"wp-block-embed is-type-wp-embed is-provider-cycling-destination wp-block-embed-cycling-destination\"><div class=\"wp-block-embed__wrapper\">\n<blockquote class=\"wp-embedded-content\" data-secret=\"eluxLYdsFB\"><a href=\"https:\/\/cyclingdestination.cc\/de\/verhalen\/bikepacking-trip-in-een-vreemd-land\/\">So planen Sie eine Bikepacking-Reise in einem fremden Land<\/a><\/blockquote><iframe class=\"wp-embedded-content\" sandbox=\"allow-scripts\" security=\"restricted\" style=\"position: absolute; visibility: hidden;\" title=\"\u201cSo planst du eine Bikepacking-Reise in einem fremden Land\u201d \u2014 Cycling Destination\" src=\"https:\/\/cyclingdestination.cc\/verhalen\/bikepacking-trip-in-een-vreemd-land\/embed#?secret=Fbz58TVY1f#?secret=eluxLYdsFB\" data-secret=\"eluxLYdsFB\" width=\"600\" height=\"338\" frameborder=\"0\" marginwidth=\"0\" marginheight=\"0\" scrolling=\"no\"><\/iframe>\n<\/div><\/figure>\n\n\n\n<p class=\"wp-block-paragraph\">Es ist die Art von Ort, an dem die Stra\u00dfen ruhig genug sind, um deine Reifen auf dem Schotter zu h\u00f6ren, und abwechslungsreich genug, damit keine zwei Stunden gleich aussehen. Die Route bietet an Tag 3 und 4 eine leichtere oder vollere Version an: Du w\u00e4hlst die Herausforderung, die zu dem passt, wo du in dieser Woche stehst. Und du kannst zwischen 6, 7 oder 8 Fahrtagen w\u00e4hlen.<\/p>\n\n\n\n<p class=\"wp-block-paragraph\">Egal, ob du alleine, mit einem Partner oder mit Freunden reist: Slowenien fordert dich genau richtig heraus, zeigt dir mehr, als du erwartest, und schickt dich mit Geschichten nach Hause, denen die Leute wirklich gerne zuh\u00f6ren. Dieses Abenteuer ist deine Zeit wert.<\/p>\n\n\n\n<h4 class=\"wp-block-heading\">\u00dcber den Autor<\/h4>\n\n\n\n<p class=\"wp-block-paragraph\"><em>Yannick ist Mitbegr\u00fcnder von <a href=\"https:\/\/legendaryrides.com\/destinations\/slovenia\">Legend\u00e4re Fahrten<\/a>. Er f\u00e4hrt, testet und schreibt die Routen, die Sie auf diesen Reisen finden, von den Dutch Big Five bis nach Andalusien und Slowenien.<\/em><\/p>","protected":false},"excerpt":{"rendered":"<p>Slovenie: Waar de verhalen al waren geschreven voor ik er aankwam Zes dagen gravel in Sloveni\u00eb: Van een bergpas waar mijn ouders in de jaren 70 doorheen reden tot groen-blauw gekleurde meren, wijndorpen en de Vr\u0161i\u010d-klim. Sommige plekken kom je twee keer tegen in je leven. Eerst via de verhalen van mensen die er voor [&hellip;]<\/p>\n","protected":false},"author":1,"featured_media":27242,"comment_status":"open","ping_status":"open","sticky":false,"template":"","format":"standard","meta":{"_acf_changed":false,"iawp_total_views":103,"footnotes":""},"categories":[160,118,18,8],"tags":[1014,90,1015,934],"class_list":["post-27232","post","type-post","status-publish","format-standard","has-post-thumbnail","hentry","category-bikepacking","category-gravel","category-slovenie","category-verhalen","tag-avontuur","tag-bikepacking","tag-gravelreis","tag-slovenie"],"acf":[],"featured_image_url":{"thumbnail":"https:\/\/cyclingdestination.cc\/wp-content\/uploads\/2026\/08\/PXL_20260517_085522341-150x150.jpg","medium":"https:\/\/cyclingdestination.cc\/wp-content\/uploads\/2026\/08\/PXL_20260517_085522341-300x169.jpg","medium_large":"https:\/\/cyclingdestination.cc\/wp-content\/uploads\/2026\/08\/PXL_20260517_085522341-768x432.jpg","large":"https:\/\/cyclingdestination.cc\/wp-content\/uploads\/2026\/08\/PXL_20260517_085522341-1024x576.jpg","1536x1536":"https:\/\/cyclingdestination.cc\/wp-content\/uploads\/2026\/08\/PXL_20260517_085522341-1536x864.jpg","2048x2048":"https:\/\/cyclingdestination.cc\/wp-content\/uploads\/2026\/08\/PXL_20260517_085522341.jpg","trp-custom-language-flag":"https:\/\/cyclingdestination.cc\/wp-content\/uploads\/2026\/08\/PXL_20260517_085522341-18x10.jpg"},"post_author":"Sander","assigned_categories":"bikepacking, Gravel, Sloveni\u00eb, Verhalen","yoast_head":"<!-- This site is optimized with the Yoast SEO plugin v28.4 - https:\/\/yoast.com\/product\/yoast-seo-wordpress\/ -->\n<title>Waarom jij op Bikepacking tocht in Sloveni\u00eb wil - Cycling Destination<\/title>\n<meta name=\"description\" content=\"Waarom jij op Bikepacking tocht in Sloveni\u00eb wil\" \/>\n<meta name=\"robots\" content=\"index, follow, max-snippet:-1, max-image-preview:large, max-video-preview:-1\" \/>\n<link rel=\"canonical\" href=\"https:\/\/cyclingdestination.cc\/de\/verhalen\/slovenie\/waarom-jij-op-bikepacking-tocht-in-slovenie-wil\/\" \/>\n<meta property=\"og:locale\" content=\"de_DE\" \/>\n<meta property=\"og:type\" content=\"article\" \/>\n<meta property=\"og:title\" content=\"Waarom jij op Bikepacking tocht in Sloveni\u00eb wil - Cycling Destination\" \/>\n<meta property=\"og:description\" content=\"Waarom jij op Bikepacking tocht in Sloveni\u00eb wil\" \/>\n<meta property=\"og:url\" content=\"https:\/\/cyclingdestination.cc\/de\/verhalen\/slovenie\/waarom-jij-op-bikepacking-tocht-in-slovenie-wil\/\" \/>\n<meta property=\"og:site_name\" content=\"Cycling Destination\" \/>\n<meta property=\"article:publisher\" content=\"https:\/\/www.facebook.com\/cyclingdestination.cc\" \/>\n<meta property=\"article:published_time\" content=\"2026-08-11T17:52:55+00:00\" \/>\n<meta property=\"article:modified_time\" content=\"2026-08-11T17:52:56+00:00\" \/>\n<meta property=\"og:image\" content=\"https:\/\/cyclingdestination.cc\/wp-content\/uploads\/2026\/08\/PXL_20260517_085522341.jpg\" \/>\n\t<meta property=\"og:image:width\" content=\"1920\" \/>\n\t<meta property=\"og:image:height\" content=\"1080\" \/>\n\t<meta property=\"og:image:type\" content=\"image\/jpeg\" \/>\n<meta name=\"author\" content=\"Sander\" \/>\n<meta name=\"twitter:card\" content=\"summary_large_image\" \/>\n<meta name=\"twitter:creator\" content=\"@cyclingdestin\" \/>\n<meta name=\"twitter:site\" content=\"@cyclingdestin\" \/>\n<meta name=\"twitter:label1\" content=\"Verfasst von\" \/>\n\t<meta name=\"twitter:data1\" content=\"Sander\" \/>\n\t<meta name=\"twitter:label2\" content=\"Gesch\u00e4tzte Lesezeit\" \/>\n\t<meta name=\"twitter:data2\" content=\"9\u00a0Minuten\" \/>\n<script type=\"application\/ld+json\" class=\"yoast-schema-graph\">{\"@context\":\"https:\\\/\\\/schema.org\",\"@graph\":[{\"@type\":\"Article\",\"@id\":\"https:\\\/\\\/cyclingdestination.cc\\\/verhalen\\\/slovenie\\\/waarom-jij-op-bikepacking-tocht-in-slovenie-wil#article\",\"isPartOf\":{\"@id\":\"https:\\\/\\\/cyclingdestination.cc\\\/verhalen\\\/slovenie\\\/waarom-jij-op-bikepacking-tocht-in-slovenie-wil\"},\"author\":{\"name\":\"Sander\",\"@id\":\"https:\\\/\\\/cyclingdestination.cc\\\/#\\\/schema\\\/person\\\/aba0e58245c092d7cab7d9efba87d8c1\"},\"headline\":\"Waarom jij op Bikepacking tocht in Sloveni\u00eb wil\",\"datePublished\":\"2026-08-11T17:52:55+00:00\",\"dateModified\":\"2026-08-11T17:52:56+00:00\",\"mainEntityOfPage\":{\"@id\":\"https:\\\/\\\/cyclingdestination.cc\\\/verhalen\\\/slovenie\\\/waarom-jij-op-bikepacking-tocht-in-slovenie-wil\"},\"wordCount\":1323,\"commentCount\":0,\"publisher\":{\"@id\":\"https:\\\/\\\/cyclingdestination.cc\\\/#organization\"},\"image\":{\"@id\":\"https:\\\/\\\/cyclingdestination.cc\\\/verhalen\\\/slovenie\\\/waarom-jij-op-bikepacking-tocht-in-slovenie-wil#primaryimage\"},\"thumbnailUrl\":\"https:\\\/\\\/cyclingdestination.cc\\\/wp-content\\\/uploads\\\/2026\\\/08\\\/PXL_20260517_085522341.jpg\",\"keywords\":[\"avontuur\",\"bikepacking\",\"gravelreis\",\"Sloveni\u00eb\"],\"articleSection\":[\"bikepacking\",\"Gravel\",\"Sloveni\u00eb\",\"Verhalen\"],\"inLanguage\":\"de\",\"potentialAction\":[{\"@type\":\"CommentAction\",\"name\":\"Comment\",\"target\":[\"https:\\\/\\\/cyclingdestination.cc\\\/verhalen\\\/slovenie\\\/waarom-jij-op-bikepacking-tocht-in-slovenie-wil#respond\"]}]},{\"@type\":\"WebPage\",\"@id\":\"https:\\\/\\\/cyclingdestination.cc\\\/verhalen\\\/slovenie\\\/waarom-jij-op-bikepacking-tocht-in-slovenie-wil\",\"url\":\"https:\\\/\\\/cyclingdestination.cc\\\/verhalen\\\/slovenie\\\/waarom-jij-op-bikepacking-tocht-in-slovenie-wil\",\"name\":\"Waarom jij op Bikepacking tocht in Sloveni\u00eb wil - Cycling Destination\",\"isPartOf\":{\"@id\":\"https:\\\/\\\/cyclingdestination.cc\\\/#website\"},\"primaryImageOfPage\":{\"@id\":\"https:\\\/\\\/cyclingdestination.cc\\\/verhalen\\\/slovenie\\\/waarom-jij-op-bikepacking-tocht-in-slovenie-wil#primaryimage\"},\"image\":{\"@id\":\"https:\\\/\\\/cyclingdestination.cc\\\/verhalen\\\/slovenie\\\/waarom-jij-op-bikepacking-tocht-in-slovenie-wil#primaryimage\"},\"thumbnailUrl\":\"https:\\\/\\\/cyclingdestination.cc\\\/wp-content\\\/uploads\\\/2026\\\/08\\\/PXL_20260517_085522341.jpg\",\"datePublished\":\"2026-08-11T17:52:55+00:00\",\"dateModified\":\"2026-08-11T17:52:56+00:00\",\"description\":\"Waarom jij op Bikepacking tocht in Sloveni\u00eb wil\",\"breadcrumb\":{\"@id\":\"https:\\\/\\\/cyclingdestination.cc\\\/verhalen\\\/slovenie\\\/waarom-jij-op-bikepacking-tocht-in-slovenie-wil#breadcrumb\"},\"inLanguage\":\"de\",\"potentialAction\":[{\"@type\":\"ReadAction\",\"target\":[\"https:\\\/\\\/cyclingdestination.cc\\\/verhalen\\\/slovenie\\\/waarom-jij-op-bikepacking-tocht-in-slovenie-wil\"]}]},{\"@type\":\"ImageObject\",\"inLanguage\":\"de\",\"@id\":\"https:\\\/\\\/cyclingdestination.cc\\\/verhalen\\\/slovenie\\\/waarom-jij-op-bikepacking-tocht-in-slovenie-wil#primaryimage\",\"url\":\"https:\\\/\\\/cyclingdestination.cc\\\/wp-content\\\/uploads\\\/2026\\\/08\\\/PXL_20260517_085522341.jpg\",\"contentUrl\":\"https:\\\/\\\/cyclingdestination.cc\\\/wp-content\\\/uploads\\\/2026\\\/08\\\/PXL_20260517_085522341.jpg\",\"width\":1920,\"height\":1080},{\"@type\":\"BreadcrumbList\",\"@id\":\"https:\\\/\\\/cyclingdestination.cc\\\/verhalen\\\/slovenie\\\/waarom-jij-op-bikepacking-tocht-in-slovenie-wil#breadcrumb\",\"itemListElement\":[{\"@type\":\"ListItem\",\"position\":1,\"name\":\"Home\",\"item\":\"https:\\\/\\\/cyclingdestination.cc\\\/\"},{\"@type\":\"ListItem\",\"position\":2,\"name\":\"Waarom jij op Bikepacking tocht in Sloveni\u00eb wil\"}]},{\"@type\":\"WebSite\",\"@id\":\"https:\\\/\\\/cyclingdestination.cc\\\/#website\",\"url\":\"https:\\\/\\\/cyclingdestination.cc\\\/\",\"name\":\"Cycling Destination\",\"description\":\"Inspiratie voor jouw volgende fietsavontuur\",\"publisher\":{\"@id\":\"https:\\\/\\\/cyclingdestination.cc\\\/#organization\"},\"potentialAction\":[{\"@type\":\"SearchAction\",\"target\":{\"@type\":\"EntryPoint\",\"urlTemplate\":\"https:\\\/\\\/cyclingdestination.cc\\\/?s={search_term_string}\"},\"query-input\":{\"@type\":\"PropertyValueSpecification\",\"valueRequired\":true,\"valueName\":\"search_term_string\"}}],\"inLanguage\":\"de\"},{\"@type\":\"Organization\",\"@id\":\"https:\\\/\\\/cyclingdestination.cc\\\/#organization\",\"name\":\"Cycling Destination\",\"url\":\"https:\\\/\\\/cyclingdestination.cc\\\/\",\"logo\":{\"@type\":\"ImageObject\",\"inLanguage\":\"de\",\"@id\":\"https:\\\/\\\/cyclingdestination.cc\\\/#\\\/schema\\\/logo\\\/image\\\/\",\"url\":\"https:\\\/\\\/cyclingdestination.cc\\\/wp-content\\\/uploads\\\/2022\\\/01\\\/cyclingdestination_logo_RGB_zwart_vDEF-1.png\",\"contentUrl\":\"https:\\\/\\\/cyclingdestination.cc\\\/wp-content\\\/uploads\\\/2022\\\/01\\\/cyclingdestination_logo_RGB_zwart_vDEF-1.png\",\"width\":2550,\"height\":814,\"caption\":\"Cycling Destination\"},\"image\":{\"@id\":\"https:\\\/\\\/cyclingdestination.cc\\\/#\\\/schema\\\/logo\\\/image\\\/\"},\"sameAs\":[\"https:\\\/\\\/www.facebook.com\\\/cyclingdestination.cc\",\"https:\\\/\\\/x.com\\\/cyclingdestin\",\"https:\\\/\\\/www.instagram.com\\\/cyclingdestination.cc\\\/\"]},{\"@type\":\"Person\",\"@id\":\"https:\\\/\\\/cyclingdestination.cc\\\/#\\\/schema\\\/person\\\/aba0e58245c092d7cab7d9efba87d8c1\",\"name\":\"Sander\",\"url\":\"https:\\\/\\\/cyclingdestination.cc\\\/de\\\/author\\\/admin\"}]}<\/script>\n<!-- \/ Yoast SEO plugin. -->","yoast_head_json":{"title":"Warum du eine Bikepacking-Tour in Slowenien machen willst \u2013 Cycling Destination","description":"Warum du eine Bikepacking-Tour in Slowenien machen m\u00f6chtest","robots":{"index":"index","follow":"follow","max-snippet":"max-snippet:-1","max-image-preview":"max-image-preview:large","max-video-preview":"max-video-preview:-1"},"canonical":"https:\/\/cyclingdestination.cc\/de\/verhalen\/slovenie\/waarom-jij-op-bikepacking-tocht-in-slovenie-wil\/","og_locale":"de_DE","og_type":"article","og_title":"Waarom jij op Bikepacking tocht in Sloveni\u00eb wil - Cycling Destination","og_description":"Waarom jij op Bikepacking tocht in Sloveni\u00eb wil","og_url":"https:\/\/cyclingdestination.cc\/de\/verhalen\/slovenie\/waarom-jij-op-bikepacking-tocht-in-slovenie-wil\/","og_site_name":"Cycling Destination","article_publisher":"https:\/\/www.facebook.com\/cyclingdestination.cc","article_published_time":"2026-08-11T17:52:55+00:00","article_modified_time":"2026-08-11T17:52:56+00:00","og_image":[{"width":1920,"height":1080,"url":"https:\/\/cyclingdestination.cc\/wp-content\/uploads\/2026\/08\/PXL_20260517_085522341.jpg","type":"image\/jpeg"}],"author":"Sander","twitter_card":"summary_large_image","twitter_creator":"@cyclingdestin","twitter_site":"@cyclingdestin","twitter_misc":{"Verfasst von":"Sander","Gesch\u00e4tzte Lesezeit":"9\u00a0Minuten"},"schema":{"@context":"https:\/\/schema.org","@graph":[{"@type":"Article","@id":"https:\/\/cyclingdestination.cc\/verhalen\/slovenie\/waarom-jij-op-bikepacking-tocht-in-slovenie-wil#article","isPartOf":{"@id":"https:\/\/cyclingdestination.cc\/verhalen\/slovenie\/waarom-jij-op-bikepacking-tocht-in-slovenie-wil"},"author":{"name":"Sander","@id":"https:\/\/cyclingdestination.cc\/#\/schema\/person\/aba0e58245c092d7cab7d9efba87d8c1"},"headline":"Waarom jij op Bikepacking tocht in Sloveni\u00eb wil","datePublished":"2026-08-11T17:52:55+00:00","dateModified":"2026-08-11T17:52:56+00:00","mainEntityOfPage":{"@id":"https:\/\/cyclingdestination.cc\/verhalen\/slovenie\/waarom-jij-op-bikepacking-tocht-in-slovenie-wil"},"wordCount":1323,"commentCount":0,"publisher":{"@id":"https:\/\/cyclingdestination.cc\/#organization"},"image":{"@id":"https:\/\/cyclingdestination.cc\/verhalen\/slovenie\/waarom-jij-op-bikepacking-tocht-in-slovenie-wil#primaryimage"},"thumbnailUrl":"https:\/\/cyclingdestination.cc\/wp-content\/uploads\/2026\/08\/PXL_20260517_085522341.jpg","keywords":["avontuur","bikepacking","gravelreis","Sloveni\u00eb"],"articleSection":["bikepacking","Gravel","Sloveni\u00eb","Verhalen"],"inLanguage":"de","potentialAction":[{"@type":"CommentAction","name":"Comment","target":["https:\/\/cyclingdestination.cc\/verhalen\/slovenie\/waarom-jij-op-bikepacking-tocht-in-slovenie-wil#respond"]}]},{"@type":"WebPage","@id":"https:\/\/cyclingdestination.cc\/verhalen\/slovenie\/waarom-jij-op-bikepacking-tocht-in-slovenie-wil","url":"https:\/\/cyclingdestination.cc\/verhalen\/slovenie\/waarom-jij-op-bikepacking-tocht-in-slovenie-wil","name":"Warum du eine Bikepacking-Tour in Slowenien machen willst \u2013 Cycling Destination","isPartOf":{"@id":"https:\/\/cyclingdestination.cc\/#website"},"primaryImageOfPage":{"@id":"https:\/\/cyclingdestination.cc\/verhalen\/slovenie\/waarom-jij-op-bikepacking-tocht-in-slovenie-wil#primaryimage"},"image":{"@id":"https:\/\/cyclingdestination.cc\/verhalen\/slovenie\/waarom-jij-op-bikepacking-tocht-in-slovenie-wil#primaryimage"},"thumbnailUrl":"https:\/\/cyclingdestination.cc\/wp-content\/uploads\/2026\/08\/PXL_20260517_085522341.jpg","datePublished":"2026-08-11T17:52:55+00:00","dateModified":"2026-08-11T17:52:56+00:00","description":"Warum du eine Bikepacking-Tour in Slowenien machen m\u00f6chtest","breadcrumb":{"@id":"https:\/\/cyclingdestination.cc\/verhalen\/slovenie\/waarom-jij-op-bikepacking-tocht-in-slovenie-wil#breadcrumb"},"inLanguage":"de","potentialAction":[{"@type":"ReadAction","target":["https:\/\/cyclingdestination.cc\/verhalen\/slovenie\/waarom-jij-op-bikepacking-tocht-in-slovenie-wil"]}]},{"@type":"ImageObject","inLanguage":"de","@id":"https:\/\/cyclingdestination.cc\/verhalen\/slovenie\/waarom-jij-op-bikepacking-tocht-in-slovenie-wil#primaryimage","url":"https:\/\/cyclingdestination.cc\/wp-content\/uploads\/2026\/08\/PXL_20260517_085522341.jpg","contentUrl":"https:\/\/cyclingdestination.cc\/wp-content\/uploads\/2026\/08\/PXL_20260517_085522341.jpg","width":1920,"height":1080},{"@type":"BreadcrumbList","@id":"https:\/\/cyclingdestination.cc\/verhalen\/slovenie\/waarom-jij-op-bikepacking-tocht-in-slovenie-wil#breadcrumb","itemListElement":[{"@type":"ListItem","position":1,"name":"Home","item":"https:\/\/cyclingdestination.cc\/"},{"@type":"ListItem","position":2,"name":"Waarom jij op Bikepacking tocht in Sloveni\u00eb wil"}]},{"@type":"WebSite","@id":"https:\/\/cyclingdestination.cc\/#website","url":"https:\/\/cyclingdestination.cc\/","name":"Ziel Radfahren","description":"Inspiration f\u00fcr Ihr n\u00e4chstes Fahrradabenteuer","publisher":{"@id":"https:\/\/cyclingdestination.cc\/#organization"},"potentialAction":[{"@type":"SearchAction","target":{"@type":"EntryPoint","urlTemplate":"https:\/\/cyclingdestination.cc\/?s={search_term_string}"},"query-input":{"@type":"PropertyValueSpecification","valueRequired":true,"valueName":"search_term_string"}}],"inLanguage":"de"},{"@type":"Organization","@id":"https:\/\/cyclingdestination.cc\/#organization","name":"Ziel Radfahren","url":"https:\/\/cyclingdestination.cc\/","logo":{"@type":"ImageObject","inLanguage":"de","@id":"https:\/\/cyclingdestination.cc\/#\/schema\/logo\/image\/","url":"https:\/\/cyclingdestination.cc\/wp-content\/uploads\/2022\/01\/cyclingdestination_logo_RGB_zwart_vDEF-1.png","contentUrl":"https:\/\/cyclingdestination.cc\/wp-content\/uploads\/2022\/01\/cyclingdestination_logo_RGB_zwart_vDEF-1.png","width":2550,"height":814,"caption":"Cycling Destination"},"image":{"@id":"https:\/\/cyclingdestination.cc\/#\/schema\/logo\/image\/"},"sameAs":["https:\/\/www.facebook.com\/cyclingdestination.cc","https:\/\/x.com\/cyclingdestin","https:\/\/www.instagram.com\/cyclingdestination.cc\/"]},{"@type":"Person","@id":"https:\/\/cyclingdestination.cc\/#\/schema\/person\/aba0e58245c092d7cab7d9efba87d8c1","name":"Sander","url":"https:\/\/cyclingdestination.cc\/de\/author\/admin"}]}},"_links":{"self":[{"href":"https:\/\/cyclingdestination.cc\/de\/wp-json\/wp\/v2\/posts\/27232","targetHints":{"allow":["GET"]}}],"collection":[{"href":"https:\/\/cyclingdestination.cc\/de\/wp-json\/wp\/v2\/posts"}],"about":[{"href":"https:\/\/cyclingdestination.cc\/de\/wp-json\/wp\/v2\/types\/post"}],"author":[{"embeddable":true,"href":"https:\/\/cyclingdestination.cc\/de\/wp-json\/wp\/v2\/users\/1"}],"replies":[{"embeddable":true,"href":"https:\/\/cyclingdestination.cc\/de\/wp-json\/wp\/v2\/comments?post=27232"}],"version-history":[{"count":3,"href":"https:\/\/cyclingdestination.cc\/de\/wp-json\/wp\/v2\/posts\/27232\/revisions"}],"predecessor-version":[{"id":27249,"href":"https:\/\/cyclingdestination.cc\/de\/wp-json\/wp\/v2\/posts\/27232\/revisions\/27249"}],"wp:featuredmedia":[{"embeddable":true,"href":"https:\/\/cyclingdestination.cc\/de\/wp-json\/wp\/v2\/media\/27242"}],"wp:attachment":[{"href":"https:\/\/cyclingdestination.cc\/de\/wp-json\/wp\/v2\/media?parent=27232"}],"wp:term":[{"taxonomy":"category","embeddable":true,"href":"https:\/\/cyclingdestination.cc\/de\/wp-json\/wp\/v2\/categories?post=27232"},{"taxonomy":"post_tag","embeddable":true,"href":"https:\/\/cyclingdestination.cc\/de\/wp-json\/wp\/v2\/tags?post=27232"}],"curies":[{"name":"wp","href":"https:\/\/api.w.org\/{rel}","templated":true}]}}