{"id":3881,"date":"2021-12-30T20:03:30","date_gmt":"2021-12-30T20:03:30","guid":{"rendered":"https:\/\/cyclingdestination.cc\/?p=3881"},"modified":"2021-12-30T20:03:32","modified_gmt":"2021-12-30T20:03:32","slug":"5-populaire-fietsbestemmingen-van-2021","status":"publish","type":"post","link":"https:\/\/cyclingdestination.cc\/de\/verhalen\/5-populaire-fietsbestemmingen-van-2021","title":{"rendered":"Unsere Top 5 des Jahres 2021"},"content":{"rendered":"<p>In den vergangenen Monaten waren wir von CyclingDestination nicht unt\u00e4tig. Wir haben viele Inhalte erstellt, \u00fcber viele verschiedene L\u00e4nder, Regionen und Routen in den Niederlanden, Europa und weit dar\u00fcber hinaus. Wunderbare Ziele f\u00fcr einen Fahrradurlaub. Radfahren in <a href=\"https:\/\/cyclingdestination.cc\/de\/stories\/de-vuelta-laat-jou-onbekend-spanje-zien\/\">Spanien<\/a>, Radfahren in <a href=\"https:\/\/cyclingdestination.cc\/de\/stories\/molveno-aan-het-mooiste-meer-van-italie\/\">Italien<\/a>aber auch Fahrr\u00e4der in <a href=\"https:\/\/cyclingdestination.cc\/de\/stories\/taiwan-verborgen-aziatische-schoonheid\/\">Taiwan<\/a> oder Radfahren in <a href=\"https:\/\/cyclingdestination.cc\/de\/stories\/patagonie-door-de-ogen-van-alessandro\/\">Argentinien<\/a>. Aber auch <a href=\"https:\/\/cyclingdestination.cc\/de\/classic-rides\/classic-ride-alto-de-langliru\/\">Klassische Fahrten<\/a>ein Bereich, der ebenfalls auf gro\u00dfes Interesse st\u00f6\u00dft und der k\u00fcrzlich von den M\u00e4nnern der <a href=\"http:\/\/www.mountainhighchasers.com\" target=\"_blank\" rel=\"noreferrer noopener\">Mountain High Chasers: Erwin &amp; Erwin<\/a>. Wir hatten uns gedacht, dass alle ganz verr\u00fcckt nach dem <a href=\"https:\/\/cyclingdestination.cc\/de\/stories\/dwars-door-duitsland-deel-2\/\">abenteuer<\/a> Von Rik, der dies hat <a href=\"https:\/\/cyclingdestination.cc\/de\/stories\/rik-op-reis-dolomieten-i\/\">Sommer<\/a> a <a href=\"https:\/\/cyclingdestination.cc\/de\/stories\/dwars-door-duitsland-iii\/\">Big Dee<\/a>l von <a href=\"https:\/\/cyclingdestination.cc\/de\/stories\/griekenland\/rik-op-reis-heeft-zijn-laatste-stop-in-griekenland\/\">Europa<\/a> ausgespielt. Aber nichts k\u00f6nnte weiter von der Wahrheit entfernt sein. Hier sind unsere f\u00fcnf besten Artikel des letzten Jahres. In keiner besonderen Reihenfolge. <\/p>\n\n\n\n<figure class=\"wp-block-gallery columns-1 is-cropped wp-block-gallery-1 is-layout-flex wp-block-gallery-is-layout-flex\"><ul class=\"blocks-gallery-grid\"><li class=\"blocks-gallery-item\"><figure><img fetchpriority=\"high\" decoding=\"async\" width=\"1024\" height=\"576\" src=\"https:\/\/cyclingdestination.cc\/wp-content\/uploads\/2021\/10\/DSC00721-1-1024x576.jpeg\" alt=\"Radreiseziel.cc - Mallorca\" data-id=\"2465\" data-full-url=\"https:\/\/cyclingdestination.cc\/wp-content\/uploads\/2021\/10\/DSC00721-1.jpeg\" data-link=\"https:\/\/cyclingdestination.cc\/stories\/dagboek-mallorca-deel-iii-cap-de-formentor\/attachment\/dsc00721-1\" class=\"wp-image-2465\" srcset=\"https:\/\/cyclingdestination.cc\/wp-content\/uploads\/2021\/10\/DSC00721-1-1024x576.jpeg 1024w, https:\/\/cyclingdestination.cc\/wp-content\/uploads\/2021\/10\/DSC00721-1-300x169.jpeg 300w, https:\/\/cyclingdestination.cc\/wp-content\/uploads\/2021\/10\/DSC00721-1-768x432.jpeg 768w, https:\/\/cyclingdestination.cc\/wp-content\/uploads\/2021\/10\/DSC00721-1.jpeg 1424w\" sizes=\"(max-width: 1024px) 100vw, 1024px\" \/><\/figure><\/li><\/ul><\/figure>\n\n\n\n<h2 class=\"wp-block-heading\"><a href=\"https:\/\/cyclingdestination.cc\/de\/stories\/nederland\/in-het-spoor-van-la-vuelta-holanda\/\">Utrechtse Heuvelrug im Anschluss an die Vuelta Holanda<\/a><\/h2>\n\n\n\n<p>Wir haben uns auf die Suche nach den Edelsteinen auf dem Utrechtse Heuvelrug gemacht. Auf dieser Strecke folgten wir weitgehend der Route des Vuelta-Starts im Jahr 2022. Es war eine sch\u00f6ne Herbstfahrt entlang sch\u00f6ner Orte. Auf einer Strecke von 100 Kilometern kamen wir an Amerongen vorbei, entlang des Valleikanaal-Kanals und auch die Pyramide von Austerlitz fehlte nicht auf dieser Route. Sehr empfehlenswert f\u00fcr Liebhaber sch\u00f6ner, niederl\u00e4ndischer Natur und gelegentlicher H\u00fcgel. Und ein Schloss.<\/p>\n\n\n\n<figure class=\"wp-block-gallery columns-3 is-cropped wp-block-gallery-2 is-layout-flex wp-block-gallery-is-layout-flex\"><ul class=\"blocks-gallery-grid\"><li class=\"blocks-gallery-item\"><figure><img decoding=\"async\" width=\"1024\" height=\"685\" src=\"https:\/\/cyclingdestination.cc\/wp-content\/uploads\/2021\/11\/DSC_0058-1024x685.jpg\" alt=\"\" data-id=\"3031\" data-full-url=\"https:\/\/cyclingdestination.cc\/wp-content\/uploads\/2021\/11\/DSC_0058-scaled.jpg\" data-link=\"https:\/\/cyclingdestination.cc\/stories\/in-het-spoor-van-la-vuelta-holanda\/attachment\/dsc_0058\" class=\"wp-image-3031\" srcset=\"https:\/\/cyclingdestination.cc\/wp-content\/uploads\/2021\/11\/DSC_0058-1024x685.jpg 1024w, https:\/\/cyclingdestination.cc\/wp-content\/uploads\/2021\/11\/DSC_0058-300x201.jpg 300w, https:\/\/cyclingdestination.cc\/wp-content\/uploads\/2021\/11\/DSC_0058-768x514.jpg 768w, https:\/\/cyclingdestination.cc\/wp-content\/uploads\/2021\/11\/DSC_0058-1536x1028.jpg 1536w, https:\/\/cyclingdestination.cc\/wp-content\/uploads\/2021\/11\/DSC_0058-2048x1371.jpg 2048w\" sizes=\"(max-width: 1024px) 100vw, 1024px\" \/><\/figure><\/li><li class=\"blocks-gallery-item\"><figure><img decoding=\"async\" width=\"1024\" height=\"685\" src=\"https:\/\/cyclingdestination.cc\/wp-content\/uploads\/2021\/11\/DSC_0037-1024x685.jpg\" alt=\"\" data-id=\"3052\" data-full-url=\"https:\/\/cyclingdestination.cc\/wp-content\/uploads\/2021\/11\/DSC_0037-scaled.jpg\" data-link=\"https:\/\/cyclingdestination.cc\/stories\/in-het-spoor-van-la-vuelta-holanda\/attachment\/dsc_0037\" class=\"wp-image-3052\" srcset=\"https:\/\/cyclingdestination.cc\/wp-content\/uploads\/2021\/11\/DSC_0037-1024x685.jpg 1024w, https:\/\/cyclingdestination.cc\/wp-content\/uploads\/2021\/11\/DSC_0037-300x201.jpg 300w, https:\/\/cyclingdestination.cc\/wp-content\/uploads\/2021\/11\/DSC_0037-768x514.jpg 768w, https:\/\/cyclingdestination.cc\/wp-content\/uploads\/2021\/11\/DSC_0037-1536x1028.jpg 1536w, https:\/\/cyclingdestination.cc\/wp-content\/uploads\/2021\/11\/DSC_0037-2048x1371.jpg 2048w\" sizes=\"(max-width: 1024px) 100vw, 1024px\" \/><\/figure><\/li><li class=\"blocks-gallery-item\"><figure><img loading=\"lazy\" decoding=\"async\" width=\"1024\" height=\"685\" src=\"https:\/\/cyclingdestination.cc\/wp-content\/uploads\/2021\/11\/DSC_0067-1024x685.jpg\" alt=\"\" data-id=\"3022\" data-full-url=\"https:\/\/cyclingdestination.cc\/wp-content\/uploads\/2021\/11\/DSC_0067-scaled.jpg\" data-link=\"https:\/\/cyclingdestination.cc\/stories\/in-het-spoor-van-la-vuelta-holanda\/attachment\/dsc_0067\" class=\"wp-image-3022\" srcset=\"https:\/\/cyclingdestination.cc\/wp-content\/uploads\/2021\/11\/DSC_0067-1024x685.jpg 1024w, https:\/\/cyclingdestination.cc\/wp-content\/uploads\/2021\/11\/DSC_0067-300x201.jpg 300w, https:\/\/cyclingdestination.cc\/wp-content\/uploads\/2021\/11\/DSC_0067-768x514.jpg 768w, https:\/\/cyclingdestination.cc\/wp-content\/uploads\/2021\/11\/DSC_0067-1536x1028.jpg 1536w, https:\/\/cyclingdestination.cc\/wp-content\/uploads\/2021\/11\/DSC_0067-2048x1371.jpg 2048w\" sizes=\"(max-width: 1024px) 100vw, 1024px\" \/><\/figure><\/li><li class=\"blocks-gallery-item\"><figure><img loading=\"lazy\" decoding=\"async\" width=\"1024\" height=\"576\" src=\"https:\/\/cyclingdestination.cc\/wp-content\/uploads\/2021\/11\/IMG_8285-1024x576.jpeg\" alt=\"\" data-id=\"3095\" data-full-url=\"https:\/\/cyclingdestination.cc\/wp-content\/uploads\/2021\/11\/IMG_8285-scaled.jpeg\" data-link=\"https:\/\/cyclingdestination.cc\/stories\/in-het-spoor-van-la-vuelta-holanda\/attachment\/img_8285\" class=\"wp-image-3095\" srcset=\"https:\/\/cyclingdestination.cc\/wp-content\/uploads\/2021\/11\/IMG_8285-1024x576.jpeg 1024w, https:\/\/cyclingdestination.cc\/wp-content\/uploads\/2021\/11\/IMG_8285-300x169.jpeg 300w, https:\/\/cyclingdestination.cc\/wp-content\/uploads\/2021\/11\/IMG_8285-768x432.jpeg 768w, https:\/\/cyclingdestination.cc\/wp-content\/uploads\/2021\/11\/IMG_8285-1536x864.jpeg 1536w, https:\/\/cyclingdestination.cc\/wp-content\/uploads\/2021\/11\/IMG_8285-2048x1152.jpeg 2048w\" sizes=\"(max-width: 1024px) 100vw, 1024px\" \/><\/figure><\/li><li class=\"blocks-gallery-item\"><figure><img loading=\"lazy\" decoding=\"async\" width=\"768\" height=\"1024\" src=\"https:\/\/cyclingdestination.cc\/wp-content\/uploads\/2021\/11\/IMG_8366-768x1024.jpeg\" alt=\"cyclingdestination.cc - Bergkuppe\" data-id=\"3103\" data-full-url=\"https:\/\/cyclingdestination.cc\/wp-content\/uploads\/2021\/11\/IMG_8366-scaled.jpeg\" data-link=\"https:\/\/cyclingdestination.cc\/stories\/in-het-spoor-van-la-vuelta-holanda\/attachment\/img_8366\" class=\"wp-image-3103\" srcset=\"https:\/\/cyclingdestination.cc\/wp-content\/uploads\/2021\/11\/IMG_8366-768x1024.jpeg 768w, https:\/\/cyclingdestination.cc\/wp-content\/uploads\/2021\/11\/IMG_8366-225x300.jpeg 225w, https:\/\/cyclingdestination.cc\/wp-content\/uploads\/2021\/11\/IMG_8366-1152x1536.jpeg 1152w, https:\/\/cyclingdestination.cc\/wp-content\/uploads\/2021\/11\/IMG_8366-1536x2048.jpeg 1536w, https:\/\/cyclingdestination.cc\/wp-content\/uploads\/2021\/11\/IMG_8366-scaled.jpeg 1919w\" sizes=\"(max-width: 768px) 100vw, 768px\" \/><\/figure><\/li><\/ul><\/figure>\n\n\n\n<h2 class=\"wp-block-heading\"><a href=\"https:\/\/cyclingdestination.cc\/de\/stories\/oostenrijk-met-een-vleugje-mediterranee-karinthie\/\">K\u00e4rnten: ein Hauch von Mittelmeer<\/a><\/h2>\n\n\n\n<p>\u00d6sterreich war sowieso beliebt, aber K\u00e4rnten hat die Krone geholt. Wir waren auf jeden Fall beeindruckt von der Landschaft und den vielf\u00e4ltigen M\u00f6glichkeiten dieses Bundeslandes. Wussten Sie \u00fcbrigens, dass sich der ehemalige Radprofi Johnny Hoogerland am W\u00f6rthersee niedergelassen hat? Es ist ein fruchtbarer Trainingsboden, denn Johnny f\u00e4hrt immer noch auf dem Kopfsteinpflaster der Stra\u00dfe. Wenn Sie in K\u00e4rnten sind, k\u00f6nnen Sie sowohl die herrliche Gro\u00dfglockner Hochalpenstra\u00dfe als auch den Zoncolan und die Perlen der Julischen Alpen in Slowenien erklimmen. Neben dem Rennradfahren erfreut sich auch das Schottern in dieser Region zunehmender Beliebtheit. Siehe <a href=\"https:\/\/cyclingdestination.cc\/de\/stories\/oostenrijk-met-een-vleugje-mediterranee-karinthie\/\">selbst<\/a> aber!<\/p>\n\n\n\n<figure class=\"wp-block-gallery columns-2 is-cropped wp-block-gallery-3 is-layout-flex wp-block-gallery-is-layout-flex\"><ul class=\"blocks-gallery-grid\"><li class=\"blocks-gallery-item\"><figure><img loading=\"lazy\" decoding=\"async\" width=\"640\" height=\"480\" src=\"https:\/\/cyclingdestination.cc\/wp-content\/uploads\/2021\/10\/DSC01700.jpg\" alt=\"Gro\u00dfglockner Hochalpenstrassse - Radreiseziel\" data-id=\"2389\" data-full-url=\"https:\/\/cyclingdestination.cc\/wp-content\/uploads\/2021\/10\/DSC01700.jpg\" data-link=\"https:\/\/cyclingdestination.cc\/stories\/oostenrijk-met-een-vleugje-mediterranee-karinthie\/attachment\/dsc01700\" class=\"wp-image-2389\" srcset=\"https:\/\/cyclingdestination.cc\/wp-content\/uploads\/2021\/10\/DSC01700.jpg 640w, https:\/\/cyclingdestination.cc\/wp-content\/uploads\/2021\/10\/DSC01700-300x225.jpg 300w\" sizes=\"(max-width: 640px) 100vw, 640px\" \/><\/figure><\/li><li class=\"blocks-gallery-item\"><figure><img loading=\"lazy\" decoding=\"async\" width=\"480\" height=\"480\" src=\"https:\/\/cyclingdestination.cc\/wp-content\/uploads\/2021\/10\/csm_Gravelbike_Touren_am_Woerthersee_34fd986d84.jpeg\" alt=\"Cyclingdestination.cc - woerthersee kies\" data-id=\"2388\" data-full-url=\"https:\/\/cyclingdestination.cc\/wp-content\/uploads\/2021\/10\/csm_Gravelbike_Touren_am_Woerthersee_34fd986d84.jpeg\" data-link=\"https:\/\/cyclingdestination.cc\/stories\/oostenrijk-met-een-vleugje-mediterranee-karinthie\/attachment\/csm_gravelbike_touren_am_woerthersee_34fd986d84\" class=\"wp-image-2388\" srcset=\"https:\/\/cyclingdestination.cc\/wp-content\/uploads\/2021\/10\/csm_Gravelbike_Touren_am_Woerthersee_34fd986d84.jpeg 480w, https:\/\/cyclingdestination.cc\/wp-content\/uploads\/2021\/10\/csm_Gravelbike_Touren_am_Woerthersee_34fd986d84-300x300.jpeg 300w, https:\/\/cyclingdestination.cc\/wp-content\/uploads\/2021\/10\/csm_Gravelbike_Touren_am_Woerthersee_34fd986d84-150x150.jpeg 150w\" sizes=\"(max-width: 480px) 100vw, 480px\" \/><\/figure><\/li><\/ul><\/figure>\n\n\n\n<h2 class=\"wp-block-heading\"><a href=\"https:\/\/cyclingdestination.cc\/de\/stories\/spanje\/dagboek-mallorca-de-finale\/\">Mallorca-Tagebuch<\/a><\/h2>\n\n\n\n<p>Nun gut, wir haben unser Tagebuch Mallorca (Teil <a href=\"https:\/\/cyclingdestination.cc\/de\/stories\/dagboek-mallorca-fietsvakantie\/\">1<\/a>, <a href=\"https:\/\/cyclingdestination.cc\/de\/stories\/dagboek-mallorca-deel-ii\/\">2<\/a>, <a href=\"https:\/\/cyclingdestination.cc\/de\/stories\/dagboek-mallorca-deel-iii-cap-de-formentor\/\">3<\/a>, <a href=\"https:\/\/cyclingdestination.cc\/de\/stories\/dagboek-mallorca-dag-iv-coll-de-femenia-en-sa-batalla\/\">4<\/a> und <a href=\"https:\/\/cyclingdestination.cc\/de\/stories\/spanje\/dagboek-mallorca-de-finale\/\">5<\/a>) auch ein wenig gedr\u00e4ngt. Aber was will man schon, wenn man an einem atemberaubenden Ort landet. Mallorca ist seit langem bei Radfahrern in ganz Europa beliebt. Zu Recht, wenn Sie uns fragen. Die Stra\u00dfen dort sind wundersch\u00f6n, man kann zwischen ruhigen Strecken, belebteren, anspruchsvollen Anstiegen und nat\u00fcrlich der sch\u00f6nen Strecke zum Cap de Formentor (siehe das erste Foto in diesem Artikel) w\u00e4hlen. Wenn Sie dorthin fahren, w\u00e4hlen Sie einen Aufenthalt au\u00dferhalb der Sommermonate. Dann ist es noch sch\u00f6n und ruhig.<\/p>\n\n\n\n<figure class=\"wp-block-gallery columns-3 is-cropped wp-block-gallery-4 is-layout-flex wp-block-gallery-is-layout-flex\"><ul class=\"blocks-gallery-grid\"><li class=\"blocks-gallery-item\"><figure><img loading=\"lazy\" decoding=\"async\" width=\"1024\" height=\"576\" src=\"https:\/\/cyclingdestination.cc\/wp-content\/uploads\/2021\/10\/IMG_7802-1024x576.jpeg\" alt=\"\" data-id=\"2574\" data-full-url=\"https:\/\/cyclingdestination.cc\/wp-content\/uploads\/2021\/10\/IMG_7802-scaled.jpeg\" data-link=\"https:\/\/cyclingdestination.cc\/stories\/dagboek-mallorca-de-finale\/attachment\/img_7802\" class=\"wp-image-2574\" srcset=\"https:\/\/cyclingdestination.cc\/wp-content\/uploads\/2021\/10\/IMG_7802-1024x576.jpeg 1024w, https:\/\/cyclingdestination.cc\/wp-content\/uploads\/2021\/10\/IMG_7802-300x169.jpeg 300w, https:\/\/cyclingdestination.cc\/wp-content\/uploads\/2021\/10\/IMG_7802-768x432.jpeg 768w, https:\/\/cyclingdestination.cc\/wp-content\/uploads\/2021\/10\/IMG_7802-1536x864.jpeg 1536w, https:\/\/cyclingdestination.cc\/wp-content\/uploads\/2021\/10\/IMG_7802-2048x1152.jpeg 2048w\" sizes=\"(max-width: 1024px) 100vw, 1024px\" \/><\/figure><\/li><li class=\"blocks-gallery-item\"><figure><img loading=\"lazy\" decoding=\"async\" width=\"1024\" height=\"768\" src=\"https:\/\/cyclingdestination.cc\/wp-content\/uploads\/2021\/10\/IMG_7814-1024x768.jpeg\" alt=\"\" data-id=\"2560\" data-full-url=\"https:\/\/cyclingdestination.cc\/wp-content\/uploads\/2021\/10\/IMG_7814-scaled.jpeg\" data-link=\"https:\/\/cyclingdestination.cc\/stories\/dagboek-mallorca-de-finale\/attachment\/img_7814\" class=\"wp-image-2560\" srcset=\"https:\/\/cyclingdestination.cc\/wp-content\/uploads\/2021\/10\/IMG_7814-1024x768.jpeg 1024w, https:\/\/cyclingdestination.cc\/wp-content\/uploads\/2021\/10\/IMG_7814-300x225.jpeg 300w, https:\/\/cyclingdestination.cc\/wp-content\/uploads\/2021\/10\/IMG_7814-768x576.jpeg 768w, https:\/\/cyclingdestination.cc\/wp-content\/uploads\/2021\/10\/IMG_7814-1536x1152.jpeg 1536w, https:\/\/cyclingdestination.cc\/wp-content\/uploads\/2021\/10\/IMG_7814-2048x1536.jpeg 2048w\" sizes=\"(max-width: 1024px) 100vw, 1024px\" \/><\/figure><\/li><li class=\"blocks-gallery-item\"><figure><img loading=\"lazy\" decoding=\"async\" width=\"768\" height=\"1024\" src=\"https:\/\/cyclingdestination.cc\/wp-content\/uploads\/2021\/10\/IMG_7507-768x1024.jpeg\" alt=\"\" data-id=\"2525\" data-full-url=\"https:\/\/cyclingdestination.cc\/wp-content\/uploads\/2021\/10\/IMG_7507-scaled.jpeg\" data-link=\"https:\/\/cyclingdestination.cc\/stories\/dagboek-mallorca-dag-iv-coll-de-femenia-en-sa-batalla\/attachment\/img_7507\" class=\"wp-image-2525\" srcset=\"https:\/\/cyclingdestination.cc\/wp-content\/uploads\/2021\/10\/IMG_7507-768x1024.jpeg 768w, https:\/\/cyclingdestination.cc\/wp-content\/uploads\/2021\/10\/IMG_7507-225x300.jpeg 225w, https:\/\/cyclingdestination.cc\/wp-content\/uploads\/2021\/10\/IMG_7507-1152x1536.jpeg 1152w, https:\/\/cyclingdestination.cc\/wp-content\/uploads\/2021\/10\/IMG_7507-1536x2048.jpeg 1536w, https:\/\/cyclingdestination.cc\/wp-content\/uploads\/2021\/10\/IMG_7507-scaled.jpeg 1920w\" sizes=\"(max-width: 768px) 100vw, 768px\" \/><\/figure><\/li><li class=\"blocks-gallery-item\"><figure><img loading=\"lazy\" decoding=\"async\" width=\"1024\" height=\"576\" src=\"https:\/\/cyclingdestination.cc\/wp-content\/uploads\/2021\/10\/DSC00778-1-1024x576.jpeg\" alt=\"\" data-id=\"2515\" data-full-url=\"https:\/\/cyclingdestination.cc\/wp-content\/uploads\/2021\/10\/DSC00778-1.jpeg\" data-link=\"https:\/\/cyclingdestination.cc\/stories\/dagboek-mallorca-dag-iv-coll-de-femenia-en-sa-batalla\/attachment\/dsc00778-1\" class=\"wp-image-2515\" srcset=\"https:\/\/cyclingdestination.cc\/wp-content\/uploads\/2021\/10\/DSC00778-1-1024x576.jpeg 1024w, https:\/\/cyclingdestination.cc\/wp-content\/uploads\/2021\/10\/DSC00778-1-300x169.jpeg 300w, https:\/\/cyclingdestination.cc\/wp-content\/uploads\/2021\/10\/DSC00778-1-768x432.jpeg 768w, https:\/\/cyclingdestination.cc\/wp-content\/uploads\/2021\/10\/DSC00778-1.jpeg 1440w\" sizes=\"(max-width: 1024px) 100vw, 1024px\" \/><\/figure><\/li><li class=\"blocks-gallery-item\"><figure><img loading=\"lazy\" decoding=\"async\" width=\"1024\" height=\"576\" src=\"https:\/\/cyclingdestination.cc\/wp-content\/uploads\/2021\/10\/IMG_7499-1-1024x576.jpeg\" alt=\"\" data-id=\"2510\" data-full-url=\"https:\/\/cyclingdestination.cc\/wp-content\/uploads\/2021\/10\/IMG_7499-1-scaled.jpeg\" data-link=\"https:\/\/cyclingdestination.cc\/stories\/dagboek-mallorca-dag-iv-coll-de-femenia-en-sa-batalla\/attachment\/img_7499-1\" class=\"wp-image-2510\" srcset=\"https:\/\/cyclingdestination.cc\/wp-content\/uploads\/2021\/10\/IMG_7499-1-1024x576.jpeg 1024w, https:\/\/cyclingdestination.cc\/wp-content\/uploads\/2021\/10\/IMG_7499-1-300x169.jpeg 300w, https:\/\/cyclingdestination.cc\/wp-content\/uploads\/2021\/10\/IMG_7499-1-768x432.jpeg 768w, https:\/\/cyclingdestination.cc\/wp-content\/uploads\/2021\/10\/IMG_7499-1-1536x864.jpeg 1536w, https:\/\/cyclingdestination.cc\/wp-content\/uploads\/2021\/10\/IMG_7499-1-2048x1152.jpeg 2048w\" sizes=\"(max-width: 1024px) 100vw, 1024px\" \/><\/figure><\/li><li class=\"blocks-gallery-item\"><figure><img loading=\"lazy\" decoding=\"async\" width=\"1024\" height=\"683\" src=\"https:\/\/cyclingdestination.cc\/wp-content\/uploads\/2021\/10\/Mike-Cotty-Frank-Schleck-Col-Collective-Sa-Calobra-climb-Mallorca-training-ride-pic-Col-Collective3-1024x683.jpg\" alt=\"\" data-id=\"2485\" data-full-url=\"https:\/\/cyclingdestination.cc\/wp-content\/uploads\/2021\/10\/Mike-Cotty-Frank-Schleck-Col-Collective-Sa-Calobra-climb-Mallorca-training-ride-pic-Col-Collective3.jpg\" data-link=\"https:\/\/cyclingdestination.cc\/stories\/classic-ride-sa-calobra\/attachment\/mike-cotty-frank-schleck-col-collective-sa-calobra-climb-mallorca-training-ride-pic-col-collective3\" class=\"wp-image-2485\" srcset=\"https:\/\/cyclingdestination.cc\/wp-content\/uploads\/2021\/10\/Mike-Cotty-Frank-Schleck-Col-Collective-Sa-Calobra-climb-Mallorca-training-ride-pic-Col-Collective3-1024x683.jpg 1024w, https:\/\/cyclingdestination.cc\/wp-content\/uploads\/2021\/10\/Mike-Cotty-Frank-Schleck-Col-Collective-Sa-Calobra-climb-Mallorca-training-ride-pic-Col-Collective3-300x200.jpg 300w, https:\/\/cyclingdestination.cc\/wp-content\/uploads\/2021\/10\/Mike-Cotty-Frank-Schleck-Col-Collective-Sa-Calobra-climb-Mallorca-training-ride-pic-Col-Collective3-768x512.jpg 768w, https:\/\/cyclingdestination.cc\/wp-content\/uploads\/2021\/10\/Mike-Cotty-Frank-Schleck-Col-Collective-Sa-Calobra-climb-Mallorca-training-ride-pic-Col-Collective3.jpg 1500w\" sizes=\"(max-width: 1024px) 100vw, 1024px\" \/><\/figure><\/li><li class=\"blocks-gallery-item\"><figure><img loading=\"lazy\" decoding=\"async\" width=\"1024\" height=\"576\" src=\"https:\/\/cyclingdestination.cc\/wp-content\/uploads\/2021\/10\/IMG_7234-1024x576.jpeg\" alt=\"\" data-id=\"2476\" data-full-url=\"https:\/\/cyclingdestination.cc\/wp-content\/uploads\/2021\/10\/IMG_7234-scaled.jpeg\" data-link=\"https:\/\/cyclingdestination.cc\/stories\/dagboek-mallorca-deel-iii-cap-de-formentor\/attachment\/img_7234\" class=\"wp-image-2476\" srcset=\"https:\/\/cyclingdestination.cc\/wp-content\/uploads\/2021\/10\/IMG_7234-1024x576.jpeg 1024w, https:\/\/cyclingdestination.cc\/wp-content\/uploads\/2021\/10\/IMG_7234-300x169.jpeg 300w, https:\/\/cyclingdestination.cc\/wp-content\/uploads\/2021\/10\/IMG_7234-768x432.jpeg 768w, https:\/\/cyclingdestination.cc\/wp-content\/uploads\/2021\/10\/IMG_7234-1536x864.jpeg 1536w, https:\/\/cyclingdestination.cc\/wp-content\/uploads\/2021\/10\/IMG_7234-2048x1152.jpeg 2048w\" sizes=\"(max-width: 1024px) 100vw, 1024px\" \/><\/figure><\/li><li class=\"blocks-gallery-item\"><figure><img loading=\"lazy\" decoding=\"async\" width=\"1024\" height=\"576\" src=\"https:\/\/cyclingdestination.cc\/wp-content\/uploads\/2021\/10\/IMG_7220-1024x576.jpeg\" alt=\"Radreiseziel - Mallorca\" data-id=\"2472\" data-full-url=\"https:\/\/cyclingdestination.cc\/wp-content\/uploads\/2021\/10\/IMG_7220-scaled.jpeg\" data-link=\"https:\/\/cyclingdestination.cc\/stories\/dagboek-mallorca-deel-iii-cap-de-formentor\/attachment\/img_7220\" class=\"wp-image-2472\" srcset=\"https:\/\/cyclingdestination.cc\/wp-content\/uploads\/2021\/10\/IMG_7220-1024x576.jpeg 1024w, https:\/\/cyclingdestination.cc\/wp-content\/uploads\/2021\/10\/IMG_7220-300x169.jpeg 300w, https:\/\/cyclingdestination.cc\/wp-content\/uploads\/2021\/10\/IMG_7220-768x432.jpeg 768w, https:\/\/cyclingdestination.cc\/wp-content\/uploads\/2021\/10\/IMG_7220-1536x864.jpeg 1536w, https:\/\/cyclingdestination.cc\/wp-content\/uploads\/2021\/10\/IMG_7220-2048x1152.jpeg 2048w\" sizes=\"(max-width: 1024px) 100vw, 1024px\" \/><\/figure><\/li><li class=\"blocks-gallery-item\"><figure><img loading=\"lazy\" decoding=\"async\" width=\"819\" height=\"1024\" src=\"https:\/\/cyclingdestination.cc\/wp-content\/uploads\/2021\/10\/IMG_6950-819x1024.jpeg\" alt=\"Radreiseziel.cc - Mallorca\" data-id=\"2417\" data-full-url=\"https:\/\/cyclingdestination.cc\/wp-content\/uploads\/2021\/10\/IMG_6950-scaled.jpeg\" data-link=\"https:\/\/cyclingdestination.cc\/stories\/dagboek-mallorca-deel-ii\/attachment\/img_6950\" class=\"wp-image-2417\" srcset=\"https:\/\/cyclingdestination.cc\/wp-content\/uploads\/2021\/10\/IMG_6950-819x1024.jpeg 819w, https:\/\/cyclingdestination.cc\/wp-content\/uploads\/2021\/10\/IMG_6950-240x300.jpeg 240w, https:\/\/cyclingdestination.cc\/wp-content\/uploads\/2021\/10\/IMG_6950-768x960.jpeg 768w, https:\/\/cyclingdestination.cc\/wp-content\/uploads\/2021\/10\/IMG_6950-1229x1536.jpeg 1229w, https:\/\/cyclingdestination.cc\/wp-content\/uploads\/2021\/10\/IMG_6950-1639x2048.jpeg 1639w, https:\/\/cyclingdestination.cc\/wp-content\/uploads\/2021\/10\/IMG_6950-scaled.jpeg 2048w\" sizes=\"(max-width: 819px) 100vw, 819px\" \/><\/figure><\/li><\/ul><\/figure>\n\n\n\n<h2 class=\"wp-block-heading\"><a href=\"https:\/\/cyclingdestination.cc\/de\/stories\/alpes-vaudoises-in-het-spoor-van-alain-rumpf\/\">Waadtl\u00e4nder Alpen<\/a><\/h2>\n\n\n\n<p>Die Waadtl\u00e4nder Alpen sind ein wundersch\u00f6nes Kleinod, gleich hinter der Grenze zu Frankreich. Wir haben diesen Artikel zusammen mit <a href=\"http:\/\/www.aswisswithapulse.com\" target=\"_blank\" rel=\"noreferrer noopener\">Alain Rumpf<\/a>, jetzt auch ein Freund der Sendung. Seine Heimatregion ist eine, \u00fcber die man schreiben sollte. Der Col de la Croix ist ein wunderbarer Publikumsmagnet, die <a href=\"https:\/\/www.cmc-aigle.ch\" target=\"_blank\" rel=\"noreferrer noopener\">CMC<\/a> der UCI in Aigle. Alain gab uns auch einen sch\u00f6nen Einblick in eine Schotterstrecke und einen weiteren versteckten H\u00fcgel, der mit einem Blick \u00fcber den Lac Leman in Richtung G\u00e9n\u00e8ve endet. So cool und nicht unerwartet, dass dieser Artikel viel gelesen wurde. Denn wenn man in der Schweiz Rad f\u00e4hrt, dann ist diese Region oder die nahe gelegenen <a href=\"https:\/\/cyclingdestination.cc\/de\/stories\/fietsen-op-een-parcours-van-een-wk-dat-niet-verreden-werd-welkom-in-aigle-martigny\/\">Wallis<\/a> ein Muss. <\/p>\n\n\n\n<figure class=\"wp-block-gallery columns-2 is-cropped wp-block-gallery-5 is-layout-flex wp-block-gallery-is-layout-flex\"><ul class=\"blocks-gallery-grid\"><li class=\"blocks-gallery-item\"><figure><img loading=\"lazy\" decoding=\"async\" width=\"750\" height=\"500\" src=\"https:\/\/cyclingdestination.cc\/wp-content\/uploads\/2021\/10\/Coldelacroix-alain-2.jpeg\" alt=\"\" data-id=\"2540\" data-full-url=\"https:\/\/cyclingdestination.cc\/wp-content\/uploads\/2021\/10\/Coldelacroix-alain-2.jpeg\" data-link=\"https:\/\/cyclingdestination.cc\/stories\/alpes-vaudoises-in-het-spoor-van-alain-rumpf\/attachment\/coldelacroix-alain-2\" class=\"wp-image-2540\" srcset=\"https:\/\/cyclingdestination.cc\/wp-content\/uploads\/2021\/10\/Coldelacroix-alain-2.jpeg 750w, https:\/\/cyclingdestination.cc\/wp-content\/uploads\/2021\/10\/Coldelacroix-alain-2-300x200.jpeg 300w\" sizes=\"(max-width: 750px) 100vw, 750px\" \/><\/figure><\/li><li class=\"blocks-gallery-item\"><figure><img loading=\"lazy\" decoding=\"async\" width=\"750\" height=\"500\" src=\"https:\/\/cyclingdestination.cc\/wp-content\/uploads\/2021\/10\/coldelacroix2.jpeg\" alt=\"Fahrradziel - Col de La Croix\" data-id=\"2537\" data-full-url=\"https:\/\/cyclingdestination.cc\/wp-content\/uploads\/2021\/10\/coldelacroix2.jpeg\" data-link=\"https:\/\/cyclingdestination.cc\/stories\/alpes-vaudoises-in-het-spoor-van-alain-rumpf\/attachment\/coldelacroix2\" class=\"wp-image-2537\" srcset=\"https:\/\/cyclingdestination.cc\/wp-content\/uploads\/2021\/10\/coldelacroix2.jpeg 750w, https:\/\/cyclingdestination.cc\/wp-content\/uploads\/2021\/10\/coldelacroix2-300x200.jpeg 300w\" sizes=\"(max-width: 750px) 100vw, 750px\" \/><\/figure><\/li><\/ul><\/figure>\n\n\n\n<h2 class=\"wp-block-heading\"><a href=\"https:\/\/cyclingdestination.cc\/de\/stories\/abu-dhabi\/winterbestemming-abu-dhabi\/\">Abu Dhabi<\/a><\/h2>\n\n\n\n<p>Dass Abu Dhabi ganz oben landen w\u00fcrde, war klar. Die Ver\u00f6ffentlichung dieses Artikels fiel mit dem Weltmeisterschaftswochenende von Max zusammen. Das hatte nat\u00fcrlich einen Grund. Dennoch waren wir \u00fcberrascht von den wunderbaren M\u00f6glichkeiten, die der \u00d6lstaat dem Radsport bietet. Nicht nur die M\u00f6glichkeit, um den Yas Marina Circuit zu radeln, sondern auch das h\u00fcgeligere Hinterland bietet viele M\u00f6glichkeiten f\u00fcr einen wunderbaren Radurlaub. Und dass man im Nahen Osten Rad fahren kann, wird immer deutlicher. <\/p>\n\n\n\n<figure class=\"wp-block-gallery columns-1 is-cropped wp-block-gallery-6 is-layout-flex wp-block-gallery-is-layout-flex\"><ul class=\"blocks-gallery-grid\"><li class=\"blocks-gallery-item\"><figure><img loading=\"lazy\" decoding=\"async\" width=\"1024\" height=\"671\" src=\"https:\/\/cyclingdestination.cc\/wp-content\/uploads\/2021\/12\/kent-tupas-RuIRLhBqWkg-unsplash-1024x671.jpg\" alt=\"Cyclingdestination.cc - Abu Dhabi - jebel haft\" data-id=\"3882\" data-full-url=\"https:\/\/cyclingdestination.cc\/wp-content\/uploads\/2021\/12\/kent-tupas-RuIRLhBqWkg-unsplash-scaled.jpg\" data-link=\"https:\/\/cyclingdestination.cc\/?attachment_id=3882\" class=\"wp-image-3882\" srcset=\"https:\/\/cyclingdestination.cc\/wp-content\/uploads\/2021\/12\/kent-tupas-RuIRLhBqWkg-unsplash-1024x671.jpg 1024w, https:\/\/cyclingdestination.cc\/wp-content\/uploads\/2021\/12\/kent-tupas-RuIRLhBqWkg-unsplash-300x196.jpg 300w, https:\/\/cyclingdestination.cc\/wp-content\/uploads\/2021\/12\/kent-tupas-RuIRLhBqWkg-unsplash-768x503.jpg 768w, https:\/\/cyclingdestination.cc\/wp-content\/uploads\/2021\/12\/kent-tupas-RuIRLhBqWkg-unsplash-1536x1006.jpg 1536w, https:\/\/cyclingdestination.cc\/wp-content\/uploads\/2021\/12\/kent-tupas-RuIRLhBqWkg-unsplash-2048x1341.jpg 2048w\" sizes=\"(max-width: 1024px) 100vw, 1024px\" \/><figcaption class=\"blocks-gallery-item__caption\">Dschebel Hafeet<\/figcaption><\/figure><\/li><\/ul><\/figure>","protected":false},"excerpt":{"rendered":"<p>Afgelopen maanden hebben we bij CyclingDestination niet stil gezeten. We hebben een heleboel content gemaakt, over heel veel verschillende landen, regio&#8217;s en routes in Nederland, Europa en ver daarbuiten. Prachtige bestemmingen voor een fietsvakantie. Fietsen in Spanje, fietsen in Itali\u00eb, maar ook fietsen in Taiwan of fietsen in Argentini\u00eb. Maar ook Classic Rides, een rubriek [&hellip;]<\/p>\n","protected":false},"author":1,"featured_media":1757,"comment_status":"closed","ping_status":"closed","sticky":false,"template":"","format":"standard","meta":{"_acf_changed":false,"iawp_total_views":162,"footnotes":""},"categories":[35,9,38,15,13,8,12],"tags":[],"class_list":["post-3881","post","type-post","status-publish","format-standard","has-post-thumbnail","hentry","category-abu-dhabi","category-nederland","category-nieuws","category-oostenrijk","category-spanje","category-verhalen","category-zwitserland"],"acf":[],"featured_image_url":{"thumbnail":"https:\/\/cyclingdestination.cc\/wp-content\/uploads\/2021\/09\/DSC04783-150x150.jpg","medium":"https:\/\/cyclingdestination.cc\/wp-content\/uploads\/2021\/09\/DSC04783-300x200.jpg","medium_large":"https:\/\/cyclingdestination.cc\/wp-content\/uploads\/2021\/09\/DSC04783-768x513.jpg","large":"https:\/\/cyclingdestination.cc\/wp-content\/uploads\/2021\/09\/DSC04783-1024x684.jpg","1536x1536":"https:\/\/cyclingdestination.cc\/wp-content\/uploads\/2021\/09\/DSC04783.jpg","2048x2048":"https:\/\/cyclingdestination.cc\/wp-content\/uploads\/2021\/09\/DSC04783.jpg","trp-custom-language-flag":"https:\/\/cyclingdestination.cc\/wp-content\/uploads\/2021\/09\/DSC04783.jpg"},"post_author":"Sander","assigned_categories":"Abu Dhabi, Nederland, Nieuws, Oostenrijk, Spanje, Verhalen, Zwitserland","yoast_head":"<!-- This site is optimized with the Yoast SEO plugin v27.4 - https:\/\/yoast.com\/product\/yoast-seo-wordpress\/ -->\n<title>5 populaire fietsbestemmingen van 2021<\/title>\n<meta name=\"description\" content=\"5 populaire fietsbestemmingen van 2021. Fietsen in Zwitserland, Fietsen in Spanje, Fietsen in Abu Dhabi en fietsen in Nederland.\" \/>\n<meta name=\"robots\" content=\"index, follow, max-snippet:-1, max-image-preview:large, max-video-preview:-1\" \/>\n<link rel=\"canonical\" href=\"https:\/\/cyclingdestination.cc\/de\/verhalen\/5-populaire-fietsbestemmingen-van-2021\/\" \/>\n<meta property=\"og:locale\" content=\"de_DE\" \/>\n<meta property=\"og:type\" content=\"article\" \/>\n<meta property=\"og:title\" content=\"5 populaire fietsbestemmingen van 2021\" \/>\n<meta property=\"og:description\" content=\"5 populaire fietsbestemmingen van 2021. Fietsen in Zwitserland, Fietsen in Spanje, Fietsen in Abu Dhabi en fietsen in Nederland.\" \/>\n<meta property=\"og:url\" content=\"https:\/\/cyclingdestination.cc\/de\/verhalen\/5-populaire-fietsbestemmingen-van-2021\/\" \/>\n<meta property=\"og:site_name\" content=\"Cycling Destination\" \/>\n<meta property=\"article:publisher\" content=\"https:\/\/www.facebook.com\/cyclingdestination.cc\" \/>\n<meta property=\"article:published_time\" content=\"2021-12-30T20:03:30+00:00\" \/>\n<meta property=\"article:modified_time\" content=\"2021-12-30T20:03:32+00:00\" \/>\n<meta property=\"og:image\" content=\"https:\/\/cyclingdestination.cc\/wp-content\/uploads\/2021\/09\/DSC04783.jpg\" \/>\n\t<meta property=\"og:image:width\" content=\"1474\" \/>\n\t<meta property=\"og:image:height\" content=\"984\" \/>\n\t<meta property=\"og:image:type\" content=\"image\/jpeg\" \/>\n<meta name=\"author\" content=\"Sander\" \/>\n<meta name=\"twitter:card\" content=\"summary_large_image\" \/>\n<meta name=\"twitter:creator\" content=\"@cyclingdestin\" \/>\n<meta name=\"twitter:site\" content=\"@cyclingdestin\" \/>\n<meta name=\"twitter:label1\" content=\"Verfasst von\" \/>\n\t<meta name=\"twitter:data1\" content=\"Sander\" \/>\n\t<meta name=\"twitter:label2\" content=\"Gesch\u00e4tzte Lesezeit\" \/>\n\t<meta name=\"twitter:data2\" content=\"7\u00a0Minuten\" \/>\n<script type=\"application\/ld+json\" class=\"yoast-schema-graph\">{\"@context\":\"https:\\\/\\\/schema.org\",\"@graph\":[{\"@type\":\"Article\",\"@id\":\"https:\\\/\\\/cyclingdestination.cc\\\/verhalen\\\/5-populaire-fietsbestemmingen-van-2021#article\",\"isPartOf\":{\"@id\":\"https:\\\/\\\/cyclingdestination.cc\\\/verhalen\\\/5-populaire-fietsbestemmingen-van-2021\"},\"author\":{\"name\":\"Sander\",\"@id\":\"https:\\\/\\\/cyclingdestination.cc\\\/#\\\/schema\\\/person\\\/d8be1d6ea48cbeb775e9ea6b57e54a7d\"},\"headline\":\"Onze top 5 van 2021\",\"datePublished\":\"2021-12-30T20:03:30+00:00\",\"dateModified\":\"2021-12-30T20:03:32+00:00\",\"mainEntityOfPage\":{\"@id\":\"https:\\\/\\\/cyclingdestination.cc\\\/verhalen\\\/5-populaire-fietsbestemmingen-van-2021\"},\"wordCount\":593,\"publisher\":{\"@id\":\"https:\\\/\\\/cyclingdestination.cc\\\/#organization\"},\"image\":{\"@id\":\"https:\\\/\\\/cyclingdestination.cc\\\/verhalen\\\/5-populaire-fietsbestemmingen-van-2021#primaryimage\"},\"thumbnailUrl\":\"https:\\\/\\\/cyclingdestination.cc\\\/wp-content\\\/uploads\\\/2021\\\/09\\\/DSC04783.jpg\",\"articleSection\":[\"Abu Dhabi\",\"Nederland\",\"Nieuws\",\"Oostenrijk\",\"Spanje\",\"Verhalen\",\"Zwitserland\"],\"inLanguage\":\"de\"},{\"@type\":\"WebPage\",\"@id\":\"https:\\\/\\\/cyclingdestination.cc\\\/verhalen\\\/5-populaire-fietsbestemmingen-van-2021\",\"url\":\"https:\\\/\\\/cyclingdestination.cc\\\/verhalen\\\/5-populaire-fietsbestemmingen-van-2021\",\"name\":\"5 populaire fietsbestemmingen van 2021\",\"isPartOf\":{\"@id\":\"https:\\\/\\\/cyclingdestination.cc\\\/#website\"},\"primaryImageOfPage\":{\"@id\":\"https:\\\/\\\/cyclingdestination.cc\\\/verhalen\\\/5-populaire-fietsbestemmingen-van-2021#primaryimage\"},\"image\":{\"@id\":\"https:\\\/\\\/cyclingdestination.cc\\\/verhalen\\\/5-populaire-fietsbestemmingen-van-2021#primaryimage\"},\"thumbnailUrl\":\"https:\\\/\\\/cyclingdestination.cc\\\/wp-content\\\/uploads\\\/2021\\\/09\\\/DSC04783.jpg\",\"datePublished\":\"2021-12-30T20:03:30+00:00\",\"dateModified\":\"2021-12-30T20:03:32+00:00\",\"description\":\"5 populaire fietsbestemmingen van 2021. Fietsen in Zwitserland, Fietsen in Spanje, Fietsen in Abu Dhabi en fietsen in Nederland.\",\"breadcrumb\":{\"@id\":\"https:\\\/\\\/cyclingdestination.cc\\\/verhalen\\\/5-populaire-fietsbestemmingen-van-2021#breadcrumb\"},\"inLanguage\":\"de\",\"potentialAction\":[{\"@type\":\"ReadAction\",\"target\":[\"https:\\\/\\\/cyclingdestination.cc\\\/verhalen\\\/5-populaire-fietsbestemmingen-van-2021\"]}]},{\"@type\":\"ImageObject\",\"inLanguage\":\"de\",\"@id\":\"https:\\\/\\\/cyclingdestination.cc\\\/verhalen\\\/5-populaire-fietsbestemmingen-van-2021#primaryimage\",\"url\":\"https:\\\/\\\/cyclingdestination.cc\\\/wp-content\\\/uploads\\\/2021\\\/09\\\/DSC04783.jpg\",\"contentUrl\":\"https:\\\/\\\/cyclingdestination.cc\\\/wp-content\\\/uploads\\\/2021\\\/09\\\/DSC04783.jpg\",\"width\":1474,\"height\":984,\"caption\":\"cyclingdestination.cc - Crans Montana\"},{\"@type\":\"BreadcrumbList\",\"@id\":\"https:\\\/\\\/cyclingdestination.cc\\\/verhalen\\\/5-populaire-fietsbestemmingen-van-2021#breadcrumb\",\"itemListElement\":[{\"@type\":\"ListItem\",\"position\":1,\"name\":\"Home\",\"item\":\"https:\\\/\\\/cyclingdestination.cc\\\/\"},{\"@type\":\"ListItem\",\"position\":2,\"name\":\"Onze top 5 van 2021\"}]},{\"@type\":\"WebSite\",\"@id\":\"https:\\\/\\\/cyclingdestination.cc\\\/#website\",\"url\":\"https:\\\/\\\/cyclingdestination.cc\\\/\",\"name\":\"Cycling Destination\",\"description\":\"Inspiratie voor jouw volgende fietsavontuur\",\"publisher\":{\"@id\":\"https:\\\/\\\/cyclingdestination.cc\\\/#organization\"},\"potentialAction\":[{\"@type\":\"SearchAction\",\"target\":{\"@type\":\"EntryPoint\",\"urlTemplate\":\"https:\\\/\\\/cyclingdestination.cc\\\/?s={search_term_string}\"},\"query-input\":{\"@type\":\"PropertyValueSpecification\",\"valueRequired\":true,\"valueName\":\"search_term_string\"}}],\"inLanguage\":\"de\"},{\"@type\":\"Organization\",\"@id\":\"https:\\\/\\\/cyclingdestination.cc\\\/#organization\",\"name\":\"Cycling Destination\",\"url\":\"https:\\\/\\\/cyclingdestination.cc\\\/\",\"logo\":{\"@type\":\"ImageObject\",\"inLanguage\":\"de\",\"@id\":\"https:\\\/\\\/cyclingdestination.cc\\\/#\\\/schema\\\/logo\\\/image\\\/\",\"url\":\"https:\\\/\\\/cyclingdestination.cc\\\/wp-content\\\/uploads\\\/2022\\\/01\\\/cyclingdestination_logo_RGB_zwart_vDEF-1.png\",\"contentUrl\":\"https:\\\/\\\/cyclingdestination.cc\\\/wp-content\\\/uploads\\\/2022\\\/01\\\/cyclingdestination_logo_RGB_zwart_vDEF-1.png\",\"width\":2550,\"height\":814,\"caption\":\"Cycling Destination\"},\"image\":{\"@id\":\"https:\\\/\\\/cyclingdestination.cc\\\/#\\\/schema\\\/logo\\\/image\\\/\"},\"sameAs\":[\"https:\\\/\\\/www.facebook.com\\\/cyclingdestination.cc\",\"https:\\\/\\\/x.com\\\/cyclingdestin\",\"https:\\\/\\\/www.instagram.com\\\/cyclingdestination.cc\\\/\"]},{\"@type\":\"Person\",\"@id\":\"https:\\\/\\\/cyclingdestination.cc\\\/#\\\/schema\\\/person\\\/d8be1d6ea48cbeb775e9ea6b57e54a7d\",\"name\":\"Sander\",\"url\":\"https:\\\/\\\/cyclingdestination.cc\\\/de\\\/author\\\/admin\"}]}<\/script>\n<!-- \/ Yoast SEO plugin. -->","yoast_head_json":{"title":"5 beliebte Fahrradziele 2021","description":"5 beliebte Radreiseziele f\u00fcr 2021. Radfahren in der Schweiz, Radfahren in Spanien, Radfahren in Abu Dhabi und Radfahren in den Niederlanden.","robots":{"index":"index","follow":"follow","max-snippet":"max-snippet:-1","max-image-preview":"max-image-preview:large","max-video-preview":"max-video-preview:-1"},"canonical":"https:\/\/cyclingdestination.cc\/de\/verhalen\/5-populaire-fietsbestemmingen-van-2021\/","og_locale":"de_DE","og_type":"article","og_title":"5 populaire fietsbestemmingen van 2021","og_description":"5 populaire fietsbestemmingen van 2021. Fietsen in Zwitserland, Fietsen in Spanje, Fietsen in Abu Dhabi en fietsen in Nederland.","og_url":"https:\/\/cyclingdestination.cc\/de\/verhalen\/5-populaire-fietsbestemmingen-van-2021\/","og_site_name":"Cycling Destination","article_publisher":"https:\/\/www.facebook.com\/cyclingdestination.cc","article_published_time":"2021-12-30T20:03:30+00:00","article_modified_time":"2021-12-30T20:03:32+00:00","og_image":[{"width":1474,"height":984,"url":"https:\/\/cyclingdestination.cc\/wp-content\/uploads\/2021\/09\/DSC04783.jpg","type":"image\/jpeg"}],"author":"Sander","twitter_card":"summary_large_image","twitter_creator":"@cyclingdestin","twitter_site":"@cyclingdestin","twitter_misc":{"Verfasst von":"Sander","Gesch\u00e4tzte Lesezeit":"7\u00a0Minuten"},"schema":{"@context":"https:\/\/schema.org","@graph":[{"@type":"Article","@id":"https:\/\/cyclingdestination.cc\/verhalen\/5-populaire-fietsbestemmingen-van-2021#article","isPartOf":{"@id":"https:\/\/cyclingdestination.cc\/verhalen\/5-populaire-fietsbestemmingen-van-2021"},"author":{"name":"Sander","@id":"https:\/\/cyclingdestination.cc\/#\/schema\/person\/d8be1d6ea48cbeb775e9ea6b57e54a7d"},"headline":"Onze top 5 van 2021","datePublished":"2021-12-30T20:03:30+00:00","dateModified":"2021-12-30T20:03:32+00:00","mainEntityOfPage":{"@id":"https:\/\/cyclingdestination.cc\/verhalen\/5-populaire-fietsbestemmingen-van-2021"},"wordCount":593,"publisher":{"@id":"https:\/\/cyclingdestination.cc\/#organization"},"image":{"@id":"https:\/\/cyclingdestination.cc\/verhalen\/5-populaire-fietsbestemmingen-van-2021#primaryimage"},"thumbnailUrl":"https:\/\/cyclingdestination.cc\/wp-content\/uploads\/2021\/09\/DSC04783.jpg","articleSection":["Abu Dhabi","Nederland","Nieuws","Oostenrijk","Spanje","Verhalen","Zwitserland"],"inLanguage":"de"},{"@type":"WebPage","@id":"https:\/\/cyclingdestination.cc\/verhalen\/5-populaire-fietsbestemmingen-van-2021","url":"https:\/\/cyclingdestination.cc\/verhalen\/5-populaire-fietsbestemmingen-van-2021","name":"5 beliebte Fahrradziele 2021","isPartOf":{"@id":"https:\/\/cyclingdestination.cc\/#website"},"primaryImageOfPage":{"@id":"https:\/\/cyclingdestination.cc\/verhalen\/5-populaire-fietsbestemmingen-van-2021#primaryimage"},"image":{"@id":"https:\/\/cyclingdestination.cc\/verhalen\/5-populaire-fietsbestemmingen-van-2021#primaryimage"},"thumbnailUrl":"https:\/\/cyclingdestination.cc\/wp-content\/uploads\/2021\/09\/DSC04783.jpg","datePublished":"2021-12-30T20:03:30+00:00","dateModified":"2021-12-30T20:03:32+00:00","description":"5 beliebte Radreiseziele f\u00fcr 2021. Radfahren in der Schweiz, Radfahren in Spanien, Radfahren in Abu Dhabi und Radfahren in den Niederlanden.","breadcrumb":{"@id":"https:\/\/cyclingdestination.cc\/verhalen\/5-populaire-fietsbestemmingen-van-2021#breadcrumb"},"inLanguage":"de","potentialAction":[{"@type":"ReadAction","target":["https:\/\/cyclingdestination.cc\/verhalen\/5-populaire-fietsbestemmingen-van-2021"]}]},{"@type":"ImageObject","inLanguage":"de","@id":"https:\/\/cyclingdestination.cc\/verhalen\/5-populaire-fietsbestemmingen-van-2021#primaryimage","url":"https:\/\/cyclingdestination.cc\/wp-content\/uploads\/2021\/09\/DSC04783.jpg","contentUrl":"https:\/\/cyclingdestination.cc\/wp-content\/uploads\/2021\/09\/DSC04783.jpg","width":1474,"height":984,"caption":"cyclingdestination.cc - Crans Montana"},{"@type":"BreadcrumbList","@id":"https:\/\/cyclingdestination.cc\/verhalen\/5-populaire-fietsbestemmingen-van-2021#breadcrumb","itemListElement":[{"@type":"ListItem","position":1,"name":"Home","item":"https:\/\/cyclingdestination.cc\/"},{"@type":"ListItem","position":2,"name":"Onze top 5 van 2021"}]},{"@type":"WebSite","@id":"https:\/\/cyclingdestination.cc\/#website","url":"https:\/\/cyclingdestination.cc\/","name":"Ziel Radfahren","description":"Inspiration f\u00fcr Ihr n\u00e4chstes Fahrradabenteuer","publisher":{"@id":"https:\/\/cyclingdestination.cc\/#organization"},"potentialAction":[{"@type":"SearchAction","target":{"@type":"EntryPoint","urlTemplate":"https:\/\/cyclingdestination.cc\/?s={search_term_string}"},"query-input":{"@type":"PropertyValueSpecification","valueRequired":true,"valueName":"search_term_string"}}],"inLanguage":"de"},{"@type":"Organization","@id":"https:\/\/cyclingdestination.cc\/#organization","name":"Ziel Radfahren","url":"https:\/\/cyclingdestination.cc\/","logo":{"@type":"ImageObject","inLanguage":"de","@id":"https:\/\/cyclingdestination.cc\/#\/schema\/logo\/image\/","url":"https:\/\/cyclingdestination.cc\/wp-content\/uploads\/2022\/01\/cyclingdestination_logo_RGB_zwart_vDEF-1.png","contentUrl":"https:\/\/cyclingdestination.cc\/wp-content\/uploads\/2022\/01\/cyclingdestination_logo_RGB_zwart_vDEF-1.png","width":2550,"height":814,"caption":"Cycling Destination"},"image":{"@id":"https:\/\/cyclingdestination.cc\/#\/schema\/logo\/image\/"},"sameAs":["https:\/\/www.facebook.com\/cyclingdestination.cc","https:\/\/x.com\/cyclingdestin","https:\/\/www.instagram.com\/cyclingdestination.cc\/"]},{"@type":"Person","@id":"https:\/\/cyclingdestination.cc\/#\/schema\/person\/d8be1d6ea48cbeb775e9ea6b57e54a7d","name":"Sander","url":"https:\/\/cyclingdestination.cc\/de\/author\/admin"}]}},"_links":{"self":[{"href":"https:\/\/cyclingdestination.cc\/de\/wp-json\/wp\/v2\/posts\/3881","targetHints":{"allow":["GET"]}}],"collection":[{"href":"https:\/\/cyclingdestination.cc\/de\/wp-json\/wp\/v2\/posts"}],"about":[{"href":"https:\/\/cyclingdestination.cc\/de\/wp-json\/wp\/v2\/types\/post"}],"author":[{"embeddable":true,"href":"https:\/\/cyclingdestination.cc\/de\/wp-json\/wp\/v2\/users\/1"}],"replies":[{"embeddable":true,"href":"https:\/\/cyclingdestination.cc\/de\/wp-json\/wp\/v2\/comments?post=3881"}],"version-history":[{"count":0,"href":"https:\/\/cyclingdestination.cc\/de\/wp-json\/wp\/v2\/posts\/3881\/revisions"}],"wp:featuredmedia":[{"embeddable":true,"href":"https:\/\/cyclingdestination.cc\/de\/wp-json\/wp\/v2\/media\/1757"}],"wp:attachment":[{"href":"https:\/\/cyclingdestination.cc\/de\/wp-json\/wp\/v2\/media?parent=3881"}],"wp:term":[{"taxonomy":"category","embeddable":true,"href":"https:\/\/cyclingdestination.cc\/de\/wp-json\/wp\/v2\/categories?post=3881"},{"taxonomy":"post_tag","embeddable":true,"href":"https:\/\/cyclingdestination.cc\/de\/wp-json\/wp\/v2\/tags?post=3881"}],"curies":[{"name":"wp","href":"https:\/\/api.w.org\/{rel}","templated":true}]}}