{"id":4465,"date":"2022-01-18T20:48:22","date_gmt":"2022-01-18T20:48:22","guid":{"rendered":"https:\/\/cyclingdestination.cc\/?p=4465"},"modified":"2025-06-20T16:18:22","modified_gmt":"2025-06-20T14:18:22","slug":"classic-ride-col-du-galibier","status":"publish","type":"post","link":"https:\/\/cyclingdestination.cc\/de\/classic-rides\/classic-ride-col-du-galibier","title":{"rendered":"Klassischer Ausritt: Col du Galibier"},"content":{"rendered":"<p>In unserer Rubrik Classic Rides besuchen wir bekannte, klassische Routen und Klettersteige. Unsere Gastblogger Erwin und Erwin, bekannt aus dem <a href=\"https:\/\/cyclingdestination.cc\/de\/nieuws\/mountain-high-chasers-versterken-cyclingdestination-cc\/\" target=\"_blank\" rel=\"noreferrer noopener\">Mountain High Chasers<\/a>gehen f\u00fcr uns die sch\u00f6nsten Radreiseziele durch. Das Ergebnis: gen\u00fcgend Inspiration f\u00fcr die Planung des n\u00e4chsten Radurlaubs. Diesmal war Erwin (ohne Erwin) in Frankreich. Wer in Frankreich Rad f\u00e4hrt, kommt an den <a href=\"https:\/\/cyclingdestination.cc\/de\/stories\/5-beklimmingen-in-de-franse-en-zwitserse-alpen\/\">Alpen<\/a> TO. Einer der ber\u00fchmtesten, aber auch ber\u00fcchtigtsten Anstiege ist der Col du Galibier. Die Tour ist schon oft \u00fcber diesen Berg gefahren, aber nur selten als Zielpunkt. Mit einem Gipfel auf 2640 Metern H\u00f6he ist das auch nicht gerade ein Kunstst\u00fcck. Zur\u00fcck zum Jetzt. Denn wisst ihr, was diesen Bericht besonders sch\u00f6n macht? Erwin war auf diesem mythischen Col.... im Schnee! Und es sind wundersch\u00f6ne Bilder geworden! Genie\u00dfen Sie mit uns unsere Classic Ride: Col du Galibier?<\/p>\n\n\n\n<a href=\"https:\/\/eye4cycling.nl\/zon\/?tt=31735_1924386_470723_&amp;r=\" target=\"_blank\" rel=\"sponsored nofollow\"><img fetchpriority=\"high\" decoding=\"async\" src=\"https:\/\/ti.tradetracker.net\/?c=31735&amp;m=1924386&amp;a=470723&amp;r=&amp;t=html\" width=\"728\" height=\"90\" border=\"0\" alt=\"\" \/><\/a>\n\n\n\n<figure class=\"wp-block-gallery has-nested-images columns-default is-cropped wp-block-gallery-1 is-layout-flex wp-block-gallery-is-layout-flex\">\n<figure class=\"wp-block-image size-large\"><img decoding=\"async\" width=\"1024\" height=\"576\" data-id=\"4470\" src=\"https:\/\/cyclingdestination.cc\/wp-content\/uploads\/2022\/01\/20160923_131445-1024x576.jpg\" alt=\"Galibier, Gipfel, radfahren, frankreich\" class=\"wp-image-4470\" srcset=\"https:\/\/cyclingdestination.cc\/wp-content\/uploads\/2022\/01\/20160923_131445-1024x576.jpg 1024w, https:\/\/cyclingdestination.cc\/wp-content\/uploads\/2022\/01\/20160923_131445-300x169.jpg 300w, https:\/\/cyclingdestination.cc\/wp-content\/uploads\/2022\/01\/20160923_131445-768x432.jpg 768w, https:\/\/cyclingdestination.cc\/wp-content\/uploads\/2022\/01\/20160923_131445-1536x864.jpg 1536w, https:\/\/cyclingdestination.cc\/wp-content\/uploads\/2022\/01\/20160923_131445-2048x1152.jpg 2048w\" sizes=\"(max-width: 1024px) 100vw, 1024px\" \/><figcaption class=\"wp-element-caption\">(c) Mountain High Chasers<\/figcaption><\/figure>\n<\/figure>\n\n\n\n<h2 class=\"wp-block-heading\">Herz des Winters<\/h2>\n\n\n\n<p>Das Jahr ist noch nicht einmal einen Tag alt und ich kann mich gl\u00fccklich sch\u00e4tzen, ich bin auf dem Weg zu einem echten Alpenriesen. Nun muss ich gleich sagen, dass es zu dieser Jahreszeit unm\u00f6glich ist, mit dem Fahrrad oder dem Auto auf den Gipfel zu gelangen, aber wieder hier zu sein, ist fantastisch. Es ist mitten im Winter und die Flanken sind mit Schnee bedeckt, so dass die Gegend ihre ganze Sch\u00f6nheit zeigt. Bei der Fahrt hinauf, diesmal im Auto, kommen die Erinnerungen an f\u00fcnf Jahre zuvor zur\u00fcck, als w\u00e4re es gestern gewesen, und es ist wieder fantastisch.<\/p>\n\n\n\n<figure class=\"wp-block-gallery has-nested-images columns-default is-cropped wp-block-gallery-2 is-layout-flex wp-block-gallery-is-layout-flex\">\n<figure class=\"wp-block-image size-large\"><img decoding=\"async\" width=\"576\" height=\"1024\" data-id=\"4473\" src=\"https:\/\/cyclingdestination.cc\/wp-content\/uploads\/2022\/01\/20220105_144352-576x1024.jpg\" alt=\"\" class=\"wp-image-4473\" srcset=\"https:\/\/cyclingdestination.cc\/wp-content\/uploads\/2022\/01\/20220105_144352-576x1024.jpg 576w, https:\/\/cyclingdestination.cc\/wp-content\/uploads\/2022\/01\/20220105_144352-169x300.jpg 169w, https:\/\/cyclingdestination.cc\/wp-content\/uploads\/2022\/01\/20220105_144352-768x1365.jpg 768w, https:\/\/cyclingdestination.cc\/wp-content\/uploads\/2022\/01\/20220105_144352-864x1536.jpg 864w, https:\/\/cyclingdestination.cc\/wp-content\/uploads\/2022\/01\/20220105_144352-1152x2048.jpg 1152w, https:\/\/cyclingdestination.cc\/wp-content\/uploads\/2022\/01\/20220105_144352-scaled.jpg 1440w\" sizes=\"(max-width: 576px) 100vw, 576px\" \/><\/figure>\n\n\n\n<figure class=\"wp-block-image size-large\"><img loading=\"lazy\" decoding=\"async\" width=\"576\" height=\"1024\" data-id=\"4474\" src=\"https:\/\/cyclingdestination.cc\/wp-content\/uploads\/2022\/01\/20220104_163917-576x1024.jpg\" alt=\"\" class=\"wp-image-4474\" srcset=\"https:\/\/cyclingdestination.cc\/wp-content\/uploads\/2022\/01\/20220104_163917-576x1024.jpg 576w, https:\/\/cyclingdestination.cc\/wp-content\/uploads\/2022\/01\/20220104_163917-169x300.jpg 169w, https:\/\/cyclingdestination.cc\/wp-content\/uploads\/2022\/01\/20220104_163917-768x1365.jpg 768w, https:\/\/cyclingdestination.cc\/wp-content\/uploads\/2022\/01\/20220104_163917-864x1536.jpg 864w, https:\/\/cyclingdestination.cc\/wp-content\/uploads\/2022\/01\/20220104_163917-1152x2048.jpg 1152w, https:\/\/cyclingdestination.cc\/wp-content\/uploads\/2022\/01\/20220104_163917-scaled.jpg 1440w\" sizes=\"(max-width: 576px) 100vw, 576px\" \/><\/figure>\n<\/figure>\n\n\n\n<h2 class=\"wp-block-heading\">Verstecken hinter 'collen'&nbsp;<\/h2>\n\n\n\n<p>Mit einer H\u00f6he von 2642 m kann er zu Recht als Riese bezeichnet werden, doch der Galibier versteckt sich gut hinter anderen Anstiegen. Man kann den Gipfel von zwei Seiten erreichen, aber von jeder Seite muss man zuerst einen anderen Sattel \u00fcberwinden, bevor man den Galibier in Angriff nehmen darf. Das bedeutet, dass man sich von zwei Seiten her n\u00e4hern kann. Du denkst, gut so! Ich kann zwei S\u00e4ulen zum Preis von einer besteigen, oder du setzt dich hin und \u00fcberlegst, ob du die kleinen Br\u00fcder des Galibier auf eine andere Weise bezwingen kannst.<\/p>\n\n\n\n<figure class=\"wp-block-gallery has-nested-images columns-default is-cropped wp-block-gallery-3 is-layout-flex wp-block-gallery-is-layout-flex\">\n<figure class=\"wp-block-image size-large\"><img loading=\"lazy\" decoding=\"async\" width=\"1024\" height=\"576\" data-id=\"4468\" src=\"https:\/\/cyclingdestination.cc\/wp-content\/uploads\/2022\/01\/DJI_0323-1024x576.jpg\" alt=\"\" class=\"wp-image-4468\" srcset=\"https:\/\/cyclingdestination.cc\/wp-content\/uploads\/2022\/01\/DJI_0323-1024x576.jpg 1024w, https:\/\/cyclingdestination.cc\/wp-content\/uploads\/2022\/01\/DJI_0323-300x169.jpg 300w, https:\/\/cyclingdestination.cc\/wp-content\/uploads\/2022\/01\/DJI_0323-768x432.jpg 768w, https:\/\/cyclingdestination.cc\/wp-content\/uploads\/2022\/01\/DJI_0323-1536x864.jpg 1536w, https:\/\/cyclingdestination.cc\/wp-content\/uploads\/2022\/01\/DJI_0323-2048x1152.jpg 2048w\" sizes=\"(max-width: 1024px) 100vw, 1024px\" \/><\/figure>\n\n\n\n<figure class=\"wp-block-image size-large\"><img loading=\"lazy\" decoding=\"async\" width=\"1024\" height=\"576\" data-id=\"4467\" src=\"https:\/\/cyclingdestination.cc\/wp-content\/uploads\/2022\/01\/DJI_0327-1024x576.jpg\" alt=\"galibier, radfahren in frankreich, frankreich, radfahren, cyclisme\" class=\"wp-image-4467\" srcset=\"https:\/\/cyclingdestination.cc\/wp-content\/uploads\/2022\/01\/DJI_0327-1024x576.jpg 1024w, https:\/\/cyclingdestination.cc\/wp-content\/uploads\/2022\/01\/DJI_0327-300x169.jpg 300w, https:\/\/cyclingdestination.cc\/wp-content\/uploads\/2022\/01\/DJI_0327-768x432.jpg 768w, https:\/\/cyclingdestination.cc\/wp-content\/uploads\/2022\/01\/DJI_0327-1536x864.jpg 1536w, https:\/\/cyclingdestination.cc\/wp-content\/uploads\/2022\/01\/DJI_0327-2048x1152.jpg 2048w\" sizes=\"(max-width: 1024px) 100vw, 1024px\" \/><\/figure>\n<\/figure>\n\n\n\n<h2 class=\"wp-block-heading\">Col du Lautaret<\/h2>\n\n\n\n<p>Der lange Bruder des Galibier ist der Lautaret. Von der bekannten Stadt Brian\u00e7on aus k\u00f6nnen Sie eine Fahrt von nicht weniger als 27,8 Kilometern in Angriff nehmen. Das h\u00f6rt sich anstrengender an, als es ist, denn die Stra\u00dfe steigt allm\u00e4hlich bis zum Gipfel an. Mit einem Durchschnitt von 3,8% ist es ein gutes Aufw\u00e4rmtraining, auch wenn Sie sich f\u00fcr 27,8 Kilometer aufw\u00e4rmen m\u00fcssen. Das sollte man bedenken, vor allem, wenn man nach dem langen Bruder den Gro\u00dfbauern besuchen will. Auf dem Gipfel des Col du Lautaret biegen Sie auf die D902 in Richtung des Gipfels des Galibier ab. Wie ich bereits geschrieben habe, ist der Gipfel im Winter nicht zug\u00e4nglich; es ist in der Tat ratsam, sich gut zu informieren, ob der Gipfel offen ist. Zwischen Juni und Oktober k\u00f6nnen Sie ziemlich sicher sein, dass der Gipfel offen ist, aber wenn Sie im Fr\u00fchjahr einen Versuch wagen wollen, fragen Sie nach.<\/p>\n\n\n\n<h2 class=\"wp-block-heading\">Col du T\u00e9l\u00e9graphe<\/h2>\n\n\n\n<p>Dar\u00fcber l\u00e4sst sich trefflich streiten, aber wenn Sie uns fragen, erleben Sie den Galibier erst richtig, wenn Sie in Saint Michel de Maurienne starten. Ein ganz normales franz\u00f6sisches Dorf am Fu\u00dfe des Anstiegs. In der Mitte des Dorfes \u00fcberquert man die D902 auf einer Br\u00fccke, die auch gleich den Beginn eines harten Anstiegs ank\u00fcndigt. Mit einer L\u00e4nge von 11,8 Kilometern und einer durchschnittlichen Steigung von 7,3% kann man diesen Anstieg als ernsthaft bezeichnen.<\/p>\n\n\n\n<p>Wir beginnen diesen Anstieg mit dem Gedanken, dass wir den Gipfel des Galibier in einem Zug erreichen m\u00fcssen\", doch dann kommen wir auf insgesamt 35,3 Kilometer Steigung, und wir beschlie\u00dfen, es ruhig angehen zu lassen. Wir wollen es zwar, aber der Berg hat uns immer im Griff. Der erste Abschnitt ist der schwierigste, und nachdem man sich zwischen B\u00e4umen und einigen H\u00e4usern hindurchgeschl\u00e4ngelt hat, wird der Anstieg etwas flacher, so dass man sich mental auf den gro\u00dfen Bruder vorbereiten kann. Auf dem letzten Kilometer entschlie\u00dfen wir uns zu einem Sprint um die Bergpunkte am Gipfel, was ich sp\u00e4ter sehr bereut habe....<\/p>\n\n\n\n<figure class=\"wp-block-gallery has-nested-images columns-default is-cropped wp-block-gallery-4 is-layout-flex wp-block-gallery-is-layout-flex\">\n<figure class=\"wp-block-image size-large\"><img loading=\"lazy\" decoding=\"async\" width=\"1024\" height=\"576\" data-id=\"4472\" src=\"https:\/\/cyclingdestination.cc\/wp-content\/uploads\/2022\/01\/20220101_140650-1024x576.jpg\" alt=\"Telegraphe, col. klettern, radfahren, radfahren, fahrrad, radfahren in frankreich\" class=\"wp-image-4472\" srcset=\"https:\/\/cyclingdestination.cc\/wp-content\/uploads\/2022\/01\/20220101_140650-1024x576.jpg 1024w, https:\/\/cyclingdestination.cc\/wp-content\/uploads\/2022\/01\/20220101_140650-300x169.jpg 300w, https:\/\/cyclingdestination.cc\/wp-content\/uploads\/2022\/01\/20220101_140650-768x432.jpg 768w, https:\/\/cyclingdestination.cc\/wp-content\/uploads\/2022\/01\/20220101_140650-1536x864.jpg 1536w, https:\/\/cyclingdestination.cc\/wp-content\/uploads\/2022\/01\/20220101_140650-2048x1152.jpg 2048w\" sizes=\"(max-width: 1024px) 100vw, 1024px\" \/><\/figure>\n<\/figure>\n\n\n\n<h2 class=\"wp-block-heading\">Der gro\u00dfe Bruder<\/h2>\n\n\n\n<p>Nach dem T\u00e9l\u00e9graphe hat man gut zwei Kilometer Zeit, die Beine zu schonen, denn es geht ein wenig bergab, bevor der Galibier beginnt. Der Beginn des Anstiegs liegt im malerischen Dorf Valloire. Es lohnt sich auf jeden Fall, hier die franz\u00f6sische Alpenatmosph\u00e4re zu genie\u00dfen. Sowohl im Winter als auch im Sommer sehr zu empfehlen!<\/p>\n\n\n\n<p>Wir haben uns zum Ziel gesetzt, den Gipfel eines jeden Anstiegs zu erreichen, ohne einen Fu\u00df auf den Boden zu setzen, also m\u00fcssen wir leider erst einmal an Valloire vorbeifahren (wir sind sp\u00e4ter noch einmal zur\u00fcckgefahren, um eine leckere Tasse Kaffee, eine Cola und eine Pasta zu trinken) und durch das Dorf fahren. Am Ende von Valloire gibt es einen Kreisverkehr, der deutlich zeigt, wo der Gipfel ist. Immerhin hat man zu diesem Zeitpunkt noch keine Ahnung, denn auch jetzt noch kann man ihn gut verstecken. Wir befinden uns nun auf 2000 m H\u00f6he und die B\u00e4ume sind Wiesen und riesigen Felsformationen gewichen. Wie so oft bei solchen P\u00e4ssen, kann man weit vorausschauen und die Stra\u00dfe sehen, die zwischen den Bergen hinauff\u00fchrt. Ich sehe andere Erwin in der Ferne fahren und beschlie\u00dfe, mein eigenes Tempo zu fahren (der Sprint von vor einer Stunde....).&nbsp;<\/p>\n\n\n\n<figure class=\"wp-block-gallery has-nested-images columns-default is-cropped wp-block-gallery-5 is-layout-flex wp-block-gallery-is-layout-flex\">\n<figure class=\"wp-block-image size-large\"><img loading=\"lazy\" decoding=\"async\" width=\"576\" height=\"1024\" data-id=\"4469\" src=\"https:\/\/cyclingdestination.cc\/wp-content\/uploads\/2022\/01\/20220105_150049-576x1024.jpg\" alt=\"radfahren, radfahren, frankreich, galibier\" class=\"wp-image-4469\" srcset=\"https:\/\/cyclingdestination.cc\/wp-content\/uploads\/2022\/01\/20220105_150049-576x1024.jpg 576w, https:\/\/cyclingdestination.cc\/wp-content\/uploads\/2022\/01\/20220105_150049-169x300.jpg 169w, https:\/\/cyclingdestination.cc\/wp-content\/uploads\/2022\/01\/20220105_150049-768x1365.jpg 768w, https:\/\/cyclingdestination.cc\/wp-content\/uploads\/2022\/01\/20220105_150049-864x1536.jpg 864w, https:\/\/cyclingdestination.cc\/wp-content\/uploads\/2022\/01\/20220105_150049-1152x2048.jpg 1152w, https:\/\/cyclingdestination.cc\/wp-content\/uploads\/2022\/01\/20220105_150049-scaled.jpg 1440w\" sizes=\"(max-width: 576px) 100vw, 576px\" \/><\/figure>\n<\/figure>\n\n\n\n<h3 class=\"wp-block-heading\">Das Beste zum Schluss<\/h3>\n\n\n\n<p>Ab Plan Lachat, einem Parkplatz, von dem aus auch viele Wanderungen starten, beginnt die reine Sch\u00f6nheit. Der Weg wird hier zwar etwas steiler, aber die Landschaft ist wirklich atemberaubend. Wir werden sogar von mehreren Murmeltieren begr\u00fc\u00dft, die uns fr\u00f6hlich etwas vorsingen. Statt langer gerader Stra\u00dfenabschnitte schl\u00e4ngelt sich die Route nun anmutig zum Gipfel hinauf. Hier und da sind noch \u00dcberreste des Winters zu sehen, aber wir genie\u00dfen die Sonne auf unseren Helmen. Auf dem Gipfel angekommen, sieht man erst, welche H\u00f6he man erreicht hat. Die Aussicht ist ph\u00e4nomenal, und man kann die Stra\u00dfe, von der man gekommen ist, deutlich erkennen. Nach diesen 35 Kilometern hat sich der gro\u00dfe Bruder das Beste f\u00fcr den Schluss aufgehoben!<\/p>\n\n\n\n<figure class=\"wp-block-gallery has-nested-images columns-default is-cropped wp-block-gallery-6 is-layout-flex wp-block-gallery-is-layout-flex\">\n<figure class=\"wp-block-image size-large\"><img loading=\"lazy\" decoding=\"async\" width=\"1024\" height=\"576\" data-id=\"4471\" src=\"https:\/\/cyclingdestination.cc\/wp-content\/uploads\/2022\/01\/20160923_131520-1024x576.jpg\" alt=\"Galibier, Radfahren, Frankreich, Klassiker, Radfahren in Frankreich, Frankreich\" class=\"wp-image-4471\" srcset=\"https:\/\/cyclingdestination.cc\/wp-content\/uploads\/2022\/01\/20160923_131520-1024x576.jpg 1024w, https:\/\/cyclingdestination.cc\/wp-content\/uploads\/2022\/01\/20160923_131520-300x169.jpg 300w, https:\/\/cyclingdestination.cc\/wp-content\/uploads\/2022\/01\/20160923_131520-768x432.jpg 768w, https:\/\/cyclingdestination.cc\/wp-content\/uploads\/2022\/01\/20160923_131520-1536x864.jpg 1536w, https:\/\/cyclingdestination.cc\/wp-content\/uploads\/2022\/01\/20160923_131520-2048x1152.jpg 2048w\" sizes=\"(max-width: 1024px) 100vw, 1024px\" \/><\/figure>\n<\/figure>\n\n\n\n<h3 class=\"wp-block-heading\">Ein Gigant von einem Klassiker<\/h3>\n\n\n\n<p>Der Col du Galibier ist ein echter Klassiker. Das liegt nicht einmal so sehr an der Radsportgeschichte, die hier geschrieben wurde (die <a href=\"http:\/\/www.letour.fr\">Tour<\/a> hat ihn nur zweimal als Ziel befahren), sondern vor allem wegen seiner H\u00f6he. Aufgrund seiner H\u00f6he geh\u00f6rt der Galibier zu den 10 h\u00f6chsten P\u00e4ssen in Europa. Die Tatsache, dass man zuerst einen anderen Pass \u00fcberqueren muss (oder darf), macht ihn bleischwer. F\u00fcr Enthusiasten ist es nat\u00fcrlich m\u00f6glich, den ersten Pass mit dem Auto zu befahren, um den Galibier in vollen Z\u00fcgen genie\u00dfen zu k\u00f6nnen.<\/p>\n\n\n\n<iframe src=\"https:\/\/www.komoot.nl\/tour\/641594054\/embed?share_token=aSbJgBKekOB06vqaiB2r3bIhsdQ9EVXy3Rz7B1EvpvEO8WlgP5&#038;profile=1\" width=\"100%\" height=\"680\" frameborder=\"0\" scrolling=\"no\"><\/iframe>","protected":false},"excerpt":{"rendered":"<p>In onze rubriek Classic Rides gaan we langs de bekende, klassieke routes en beklimmingen. Onze gastbloggers Erwin en Erwin, bekend van de Mountain High Chasers, gaan voor ons de mooiste fietsbestemmingen af. Het resultaat: genoeg inspiratie voor jou om een volgende fietsvakantie te plannen. Dit maal was Erwin (zonder Erwin) in Frankrijk. Wie gaat fietsen [&hellip;]<\/p>\n","protected":false},"author":9,"featured_media":4471,"comment_status":"open","ping_status":"closed","sticky":false,"template":"","format":"standard","meta":{"_acf_changed":false,"iawp_total_views":476,"footnotes":""},"categories":[26,11],"tags":[],"class_list":["post-4465","post","type-post","status-publish","format-standard","has-post-thumbnail","hentry","category-classic-rides","category-frankrijk"],"acf":[],"featured_image_url":{"thumbnail":"https:\/\/cyclingdestination.cc\/wp-content\/uploads\/2022\/01\/20160923_131520-150x150.jpg","medium":"https:\/\/cyclingdestination.cc\/wp-content\/uploads\/2022\/01\/20160923_131520-300x169.jpg","medium_large":"https:\/\/cyclingdestination.cc\/wp-content\/uploads\/2022\/01\/20160923_131520-768x432.jpg","large":"https:\/\/cyclingdestination.cc\/wp-content\/uploads\/2022\/01\/20160923_131520-1024x576.jpg","1536x1536":"https:\/\/cyclingdestination.cc\/wp-content\/uploads\/2022\/01\/20160923_131520-1536x864.jpg","2048x2048":"https:\/\/cyclingdestination.cc\/wp-content\/uploads\/2022\/01\/20160923_131520-2048x1152.jpg","trp-custom-language-flag":"https:\/\/cyclingdestination.cc\/wp-content\/uploads\/2022\/01\/20160923_131520-scaled.jpg"},"post_author":"Erwin Erwin","assigned_categories":"Classic Rides, Frankrijk","yoast_head":"<!-- This site is optimized with the Yoast SEO plugin v27.4 - https:\/\/yoast.com\/product\/yoast-seo-wordpress\/ -->\n<title>Classic Ride: Col du Galibier - Cycling Destination<\/title>\n<meta name=\"description\" content=\"Classic Ride: Col du Galibier. Deze alpenreus is een absolute klassieker in de Franse Alpen. Via de Telegraphe of Lautaret. Een must do!\" \/>\n<meta name=\"robots\" content=\"index, follow, max-snippet:-1, max-image-preview:large, max-video-preview:-1\" \/>\n<link rel=\"canonical\" href=\"https:\/\/cyclingdestination.cc\/de\/classic-rides\/classic-ride-col-du-galibier\/\" \/>\n<meta property=\"og:locale\" content=\"de_DE\" \/>\n<meta property=\"og:type\" content=\"article\" \/>\n<meta property=\"og:title\" content=\"Classic Ride: Col du Galibier - Cycling Destination\" \/>\n<meta property=\"og:description\" content=\"Classic Ride: Col du Galibier. Deze alpenreus is een absolute klassieker in de Franse Alpen. Via de Telegraphe of Lautaret. Een must do!\" \/>\n<meta property=\"og:url\" content=\"https:\/\/cyclingdestination.cc\/de\/classic-rides\/classic-ride-col-du-galibier\/\" \/>\n<meta property=\"og:site_name\" content=\"Cycling Destination\" \/>\n<meta property=\"article:publisher\" content=\"https:\/\/www.facebook.com\/cyclingdestination.cc\" \/>\n<meta property=\"article:published_time\" content=\"2022-01-18T20:48:22+00:00\" \/>\n<meta property=\"article:modified_time\" content=\"2025-06-20T14:18:22+00:00\" \/>\n<meta property=\"og:image\" content=\"https:\/\/cyclingdestination.cc\/wp-content\/uploads\/2022\/01\/20160923_131520-scaled.jpg\" \/>\n\t<meta property=\"og:image:width\" content=\"2560\" \/>\n\t<meta property=\"og:image:height\" content=\"1440\" \/>\n\t<meta property=\"og:image:type\" content=\"image\/jpeg\" \/>\n<meta name=\"author\" content=\"Erwin Erwin\" \/>\n<meta name=\"twitter:card\" content=\"summary_large_image\" \/>\n<meta name=\"twitter:creator\" content=\"@cyclingdestin\" \/>\n<meta name=\"twitter:site\" content=\"@cyclingdestin\" \/>\n<meta name=\"twitter:label1\" content=\"Verfasst von\" \/>\n\t<meta name=\"twitter:data1\" content=\"Erwin Erwin\" \/>\n\t<meta name=\"twitter:label2\" content=\"Gesch\u00e4tzte Lesezeit\" \/>\n\t<meta name=\"twitter:data2\" content=\"8\u00a0Minuten\" \/>\n<script type=\"application\/ld+json\" class=\"yoast-schema-graph\">{\"@context\":\"https:\\\/\\\/schema.org\",\"@graph\":[{\"@type\":\"Article\",\"@id\":\"https:\\\/\\\/cyclingdestination.cc\\\/classic-rides\\\/classic-ride-col-du-galibier#article\",\"isPartOf\":{\"@id\":\"https:\\\/\\\/cyclingdestination.cc\\\/classic-rides\\\/classic-ride-col-du-galibier\"},\"author\":{\"name\":\"Erwin Erwin\",\"@id\":\"https:\\\/\\\/cyclingdestination.cc\\\/#\\\/schema\\\/person\\\/a5d46a973e01445dee4162cd5f5eff95\"},\"headline\":\"Classic Ride: Col du Galibier\",\"datePublished\":\"2022-01-18T20:48:22+00:00\",\"dateModified\":\"2025-06-20T14:18:22+00:00\",\"mainEntityOfPage\":{\"@id\":\"https:\\\/\\\/cyclingdestination.cc\\\/classic-rides\\\/classic-ride-col-du-galibier\"},\"wordCount\":1155,\"commentCount\":0,\"publisher\":{\"@id\":\"https:\\\/\\\/cyclingdestination.cc\\\/#organization\"},\"image\":{\"@id\":\"https:\\\/\\\/cyclingdestination.cc\\\/classic-rides\\\/classic-ride-col-du-galibier#primaryimage\"},\"thumbnailUrl\":\"https:\\\/\\\/cyclingdestination.cc\\\/wp-content\\\/uploads\\\/2022\\\/01\\\/20160923_131520-scaled.jpg\",\"articleSection\":[\"Classic Rides\",\"Frankrijk\"],\"inLanguage\":\"de\",\"potentialAction\":[{\"@type\":\"CommentAction\",\"name\":\"Comment\",\"target\":[\"https:\\\/\\\/cyclingdestination.cc\\\/classic-rides\\\/classic-ride-col-du-galibier#respond\"]}]},{\"@type\":\"WebPage\",\"@id\":\"https:\\\/\\\/cyclingdestination.cc\\\/classic-rides\\\/classic-ride-col-du-galibier\",\"url\":\"https:\\\/\\\/cyclingdestination.cc\\\/classic-rides\\\/classic-ride-col-du-galibier\",\"name\":\"Classic Ride: Col du Galibier - Cycling Destination\",\"isPartOf\":{\"@id\":\"https:\\\/\\\/cyclingdestination.cc\\\/#website\"},\"primaryImageOfPage\":{\"@id\":\"https:\\\/\\\/cyclingdestination.cc\\\/classic-rides\\\/classic-ride-col-du-galibier#primaryimage\"},\"image\":{\"@id\":\"https:\\\/\\\/cyclingdestination.cc\\\/classic-rides\\\/classic-ride-col-du-galibier#primaryimage\"},\"thumbnailUrl\":\"https:\\\/\\\/cyclingdestination.cc\\\/wp-content\\\/uploads\\\/2022\\\/01\\\/20160923_131520-scaled.jpg\",\"datePublished\":\"2022-01-18T20:48:22+00:00\",\"dateModified\":\"2025-06-20T14:18:22+00:00\",\"description\":\"Classic Ride: Col du Galibier. Deze alpenreus is een absolute klassieker in de Franse Alpen. Via de Telegraphe of Lautaret. Een must do!\",\"breadcrumb\":{\"@id\":\"https:\\\/\\\/cyclingdestination.cc\\\/classic-rides\\\/classic-ride-col-du-galibier#breadcrumb\"},\"inLanguage\":\"de\",\"potentialAction\":[{\"@type\":\"ReadAction\",\"target\":[\"https:\\\/\\\/cyclingdestination.cc\\\/classic-rides\\\/classic-ride-col-du-galibier\"]}]},{\"@type\":\"ImageObject\",\"inLanguage\":\"de\",\"@id\":\"https:\\\/\\\/cyclingdestination.cc\\\/classic-rides\\\/classic-ride-col-du-galibier#primaryimage\",\"url\":\"https:\\\/\\\/cyclingdestination.cc\\\/wp-content\\\/uploads\\\/2022\\\/01\\\/20160923_131520-scaled.jpg\",\"contentUrl\":\"https:\\\/\\\/cyclingdestination.cc\\\/wp-content\\\/uploads\\\/2022\\\/01\\\/20160923_131520-scaled.jpg\",\"width\":2560,\"height\":1440,\"caption\":\"Galibier, fietsen, frankrijk, classic ride, fietsen in frankrijk, france\"},{\"@type\":\"BreadcrumbList\",\"@id\":\"https:\\\/\\\/cyclingdestination.cc\\\/classic-rides\\\/classic-ride-col-du-galibier#breadcrumb\",\"itemListElement\":[{\"@type\":\"ListItem\",\"position\":1,\"name\":\"Home\",\"item\":\"https:\\\/\\\/cyclingdestination.cc\\\/\"},{\"@type\":\"ListItem\",\"position\":2,\"name\":\"Classic Ride: Col du Galibier\"}]},{\"@type\":\"WebSite\",\"@id\":\"https:\\\/\\\/cyclingdestination.cc\\\/#website\",\"url\":\"https:\\\/\\\/cyclingdestination.cc\\\/\",\"name\":\"Cycling Destination\",\"description\":\"Inspiratie voor jouw volgende fietsavontuur\",\"publisher\":{\"@id\":\"https:\\\/\\\/cyclingdestination.cc\\\/#organization\"},\"potentialAction\":[{\"@type\":\"SearchAction\",\"target\":{\"@type\":\"EntryPoint\",\"urlTemplate\":\"https:\\\/\\\/cyclingdestination.cc\\\/?s={search_term_string}\"},\"query-input\":{\"@type\":\"PropertyValueSpecification\",\"valueRequired\":true,\"valueName\":\"search_term_string\"}}],\"inLanguage\":\"de\"},{\"@type\":\"Organization\",\"@id\":\"https:\\\/\\\/cyclingdestination.cc\\\/#organization\",\"name\":\"Cycling Destination\",\"url\":\"https:\\\/\\\/cyclingdestination.cc\\\/\",\"logo\":{\"@type\":\"ImageObject\",\"inLanguage\":\"de\",\"@id\":\"https:\\\/\\\/cyclingdestination.cc\\\/#\\\/schema\\\/logo\\\/image\\\/\",\"url\":\"https:\\\/\\\/cyclingdestination.cc\\\/wp-content\\\/uploads\\\/2022\\\/01\\\/cyclingdestination_logo_RGB_zwart_vDEF-1.png\",\"contentUrl\":\"https:\\\/\\\/cyclingdestination.cc\\\/wp-content\\\/uploads\\\/2022\\\/01\\\/cyclingdestination_logo_RGB_zwart_vDEF-1.png\",\"width\":2550,\"height\":814,\"caption\":\"Cycling Destination\"},\"image\":{\"@id\":\"https:\\\/\\\/cyclingdestination.cc\\\/#\\\/schema\\\/logo\\\/image\\\/\"},\"sameAs\":[\"https:\\\/\\\/www.facebook.com\\\/cyclingdestination.cc\",\"https:\\\/\\\/x.com\\\/cyclingdestin\",\"https:\\\/\\\/www.instagram.com\\\/cyclingdestination.cc\\\/\"]},{\"@type\":\"Person\",\"@id\":\"https:\\\/\\\/cyclingdestination.cc\\\/#\\\/schema\\\/person\\\/a5d46a973e01445dee4162cd5f5eff95\",\"name\":\"Erwin Erwin\",\"url\":\"https:\\\/\\\/cyclingdestination.cc\\\/de\\\/author\\\/mountainhighchasers\"}]}<\/script>\n<!-- \/ Yoast SEO plugin. -->","yoast_head_json":{"title":"Klassische Fahrt: Col du Galibier - Radreiseziel","description":"Klassische Fahrt: Col du Galibier. Dieser alpine Riese ist ein absoluter Klassiker in den franz\u00f6sischen Alpen. \u00dcber den Telegraphe oder den Lautaret. Ein Muss!","robots":{"index":"index","follow":"follow","max-snippet":"max-snippet:-1","max-image-preview":"max-image-preview:large","max-video-preview":"max-video-preview:-1"},"canonical":"https:\/\/cyclingdestination.cc\/de\/classic-rides\/classic-ride-col-du-galibier\/","og_locale":"de_DE","og_type":"article","og_title":"Classic Ride: Col du Galibier - Cycling Destination","og_description":"Classic Ride: Col du Galibier. Deze alpenreus is een absolute klassieker in de Franse Alpen. Via de Telegraphe of Lautaret. Een must do!","og_url":"https:\/\/cyclingdestination.cc\/de\/classic-rides\/classic-ride-col-du-galibier\/","og_site_name":"Cycling Destination","article_publisher":"https:\/\/www.facebook.com\/cyclingdestination.cc","article_published_time":"2022-01-18T20:48:22+00:00","article_modified_time":"2025-06-20T14:18:22+00:00","og_image":[{"width":2560,"height":1440,"url":"https:\/\/cyclingdestination.cc\/wp-content\/uploads\/2022\/01\/20160923_131520-scaled.jpg","type":"image\/jpeg"}],"author":"Erwin Erwin","twitter_card":"summary_large_image","twitter_creator":"@cyclingdestin","twitter_site":"@cyclingdestin","twitter_misc":{"Verfasst von":"Erwin Erwin","Gesch\u00e4tzte Lesezeit":"8\u00a0Minuten"},"schema":{"@context":"https:\/\/schema.org","@graph":[{"@type":"Article","@id":"https:\/\/cyclingdestination.cc\/classic-rides\/classic-ride-col-du-galibier#article","isPartOf":{"@id":"https:\/\/cyclingdestination.cc\/classic-rides\/classic-ride-col-du-galibier"},"author":{"name":"Erwin Erwin","@id":"https:\/\/cyclingdestination.cc\/#\/schema\/person\/a5d46a973e01445dee4162cd5f5eff95"},"headline":"Classic Ride: Col du Galibier","datePublished":"2022-01-18T20:48:22+00:00","dateModified":"2025-06-20T14:18:22+00:00","mainEntityOfPage":{"@id":"https:\/\/cyclingdestination.cc\/classic-rides\/classic-ride-col-du-galibier"},"wordCount":1155,"commentCount":0,"publisher":{"@id":"https:\/\/cyclingdestination.cc\/#organization"},"image":{"@id":"https:\/\/cyclingdestination.cc\/classic-rides\/classic-ride-col-du-galibier#primaryimage"},"thumbnailUrl":"https:\/\/cyclingdestination.cc\/wp-content\/uploads\/2022\/01\/20160923_131520-scaled.jpg","articleSection":["Classic Rides","Frankrijk"],"inLanguage":"de","potentialAction":[{"@type":"CommentAction","name":"Comment","target":["https:\/\/cyclingdestination.cc\/classic-rides\/classic-ride-col-du-galibier#respond"]}]},{"@type":"WebPage","@id":"https:\/\/cyclingdestination.cc\/classic-rides\/classic-ride-col-du-galibier","url":"https:\/\/cyclingdestination.cc\/classic-rides\/classic-ride-col-du-galibier","name":"Klassische Fahrt: Col du Galibier - Radreiseziel","isPartOf":{"@id":"https:\/\/cyclingdestination.cc\/#website"},"primaryImageOfPage":{"@id":"https:\/\/cyclingdestination.cc\/classic-rides\/classic-ride-col-du-galibier#primaryimage"},"image":{"@id":"https:\/\/cyclingdestination.cc\/classic-rides\/classic-ride-col-du-galibier#primaryimage"},"thumbnailUrl":"https:\/\/cyclingdestination.cc\/wp-content\/uploads\/2022\/01\/20160923_131520-scaled.jpg","datePublished":"2022-01-18T20:48:22+00:00","dateModified":"2025-06-20T14:18:22+00:00","description":"Klassische Fahrt: Col du Galibier. Dieser alpine Riese ist ein absoluter Klassiker in den franz\u00f6sischen Alpen. \u00dcber den Telegraphe oder den Lautaret. Ein Muss!","breadcrumb":{"@id":"https:\/\/cyclingdestination.cc\/classic-rides\/classic-ride-col-du-galibier#breadcrumb"},"inLanguage":"de","potentialAction":[{"@type":"ReadAction","target":["https:\/\/cyclingdestination.cc\/classic-rides\/classic-ride-col-du-galibier"]}]},{"@type":"ImageObject","inLanguage":"de","@id":"https:\/\/cyclingdestination.cc\/classic-rides\/classic-ride-col-du-galibier#primaryimage","url":"https:\/\/cyclingdestination.cc\/wp-content\/uploads\/2022\/01\/20160923_131520-scaled.jpg","contentUrl":"https:\/\/cyclingdestination.cc\/wp-content\/uploads\/2022\/01\/20160923_131520-scaled.jpg","width":2560,"height":1440,"caption":"Galibier, fietsen, frankrijk, classic ride, fietsen in frankrijk, france"},{"@type":"BreadcrumbList","@id":"https:\/\/cyclingdestination.cc\/classic-rides\/classic-ride-col-du-galibier#breadcrumb","itemListElement":[{"@type":"ListItem","position":1,"name":"Home","item":"https:\/\/cyclingdestination.cc\/"},{"@type":"ListItem","position":2,"name":"Classic Ride: Col du Galibier"}]},{"@type":"WebSite","@id":"https:\/\/cyclingdestination.cc\/#website","url":"https:\/\/cyclingdestination.cc\/","name":"Ziel Radfahren","description":"Inspiration f\u00fcr Ihr n\u00e4chstes Fahrradabenteuer","publisher":{"@id":"https:\/\/cyclingdestination.cc\/#organization"},"potentialAction":[{"@type":"SearchAction","target":{"@type":"EntryPoint","urlTemplate":"https:\/\/cyclingdestination.cc\/?s={search_term_string}"},"query-input":{"@type":"PropertyValueSpecification","valueRequired":true,"valueName":"search_term_string"}}],"inLanguage":"de"},{"@type":"Organization","@id":"https:\/\/cyclingdestination.cc\/#organization","name":"Ziel Radfahren","url":"https:\/\/cyclingdestination.cc\/","logo":{"@type":"ImageObject","inLanguage":"de","@id":"https:\/\/cyclingdestination.cc\/#\/schema\/logo\/image\/","url":"https:\/\/cyclingdestination.cc\/wp-content\/uploads\/2022\/01\/cyclingdestination_logo_RGB_zwart_vDEF-1.png","contentUrl":"https:\/\/cyclingdestination.cc\/wp-content\/uploads\/2022\/01\/cyclingdestination_logo_RGB_zwart_vDEF-1.png","width":2550,"height":814,"caption":"Cycling Destination"},"image":{"@id":"https:\/\/cyclingdestination.cc\/#\/schema\/logo\/image\/"},"sameAs":["https:\/\/www.facebook.com\/cyclingdestination.cc","https:\/\/x.com\/cyclingdestin","https:\/\/www.instagram.com\/cyclingdestination.cc\/"]},{"@type":"Person","@id":"https:\/\/cyclingdestination.cc\/#\/schema\/person\/a5d46a973e01445dee4162cd5f5eff95","name":"Erwin Erwin","url":"https:\/\/cyclingdestination.cc\/de\/author\/mountainhighchasers"}]}},"_links":{"self":[{"href":"https:\/\/cyclingdestination.cc\/de\/wp-json\/wp\/v2\/posts\/4465","targetHints":{"allow":["GET"]}}],"collection":[{"href":"https:\/\/cyclingdestination.cc\/de\/wp-json\/wp\/v2\/posts"}],"about":[{"href":"https:\/\/cyclingdestination.cc\/de\/wp-json\/wp\/v2\/types\/post"}],"author":[{"embeddable":true,"href":"https:\/\/cyclingdestination.cc\/de\/wp-json\/wp\/v2\/users\/9"}],"replies":[{"embeddable":true,"href":"https:\/\/cyclingdestination.cc\/de\/wp-json\/wp\/v2\/comments?post=4465"}],"version-history":[{"count":0,"href":"https:\/\/cyclingdestination.cc\/de\/wp-json\/wp\/v2\/posts\/4465\/revisions"}],"wp:featuredmedia":[{"embeddable":true,"href":"https:\/\/cyclingdestination.cc\/de\/wp-json\/wp\/v2\/media\/4471"}],"wp:attachment":[{"href":"https:\/\/cyclingdestination.cc\/de\/wp-json\/wp\/v2\/media?parent=4465"}],"wp:term":[{"taxonomy":"category","embeddable":true,"href":"https:\/\/cyclingdestination.cc\/de\/wp-json\/wp\/v2\/categories?post=4465"},{"taxonomy":"post_tag","embeddable":true,"href":"https:\/\/cyclingdestination.cc\/de\/wp-json\/wp\/v2\/tags?post=4465"}],"curies":[{"name":"wp","href":"https:\/\/api.w.org\/{rel}","templated":true}]}}