{"id":4711,"date":"2022-02-04T08:00:53","date_gmt":"2022-02-04T08:00:53","guid":{"rendered":"https:\/\/cyclingdestination.cc\/?p=4711"},"modified":"2025-10-11T08:53:38","modified_gmt":"2025-10-11T06:53:38","slug":"reisverslag-moraira-valenciana","status":"publish","type":"post","link":"https:\/\/cyclingdestination.cc\/de\/verhalen\/spanje\/reisverslag-moraira-valenciana","title":{"rendered":"Moraira an der Costa Blanca - Region Valenciana"},"content":{"rendered":"<p>Die Region Valencia hat mit Moraira einen wundersch\u00f6nen Radsport-Hotspot an der Costa Blanca. Teilweise aufgrund der Ankunft von vielen professionellen Teams und Fahrern, wie Mathieu van der Poel und Remco Evenepoel, ist es ein renommiertes Radsportgebiet nur gut 10 Kilometer von <a href=\"https:\/\/cyclingdestination.cc\/de\/verhalen\/vuelta-alert-fietsen-aan-de-costa-blanca\/\">Calpe<\/a>. Ein Name, der vielen Radfahrern bekannt sein d\u00fcrfte. Radfahren in Spanien ist ohnehin fantastisch. Auf dieser Seite finden Sie Erfahrungen mit dem Radfahren in der Region, die auf einer Reise im Fr\u00fchjahr basieren. Wir haben die Informationen mit Tipps und Tricks auf unserer Website erg\u00e4nzt. <a href=\"https:\/\/cyclingdestination.cc\/de\/fietsen-in-alicante\/\">Radfahren in Alicante<\/a> Seite. <\/p>\n\n\n\n<h2 class=\"wp-block-heading\" id=\"costa-blanca\">Costa Blanca<\/h2>\n\n\n\n<p>Moraira liegt also in der N\u00e4he von Calpe, an der <a href=\"https:\/\/cyclingdestination.cc\/de\/fietsen-in-alicante\/\" target=\"_blank\" rel=\"noreferrer noopener\">Costa Blanca in der Provinz Alicante<\/a>. Wir haben bereits \u00fcber diese wunderbare <a href=\"https:\/\/cyclingdestination.cc\/de\/verhalen\/vuelta-alert-fietsen-aan-de-costa-blanca\/\">Region<\/a> wo so mancher Profi seine Vorbereitungskilometer f\u00fcr die neue Saison absolviert. Einer der H\u00f6hepunkte in dieser Region ist der Coll de Rates. Dieser Anstieg hat einige wunderbare Haarnadelkurven und man kann die sch\u00f6ne Landschaft dort wirklich genie\u00dfen. Wir werden diesen Berg auf jeden Fall einmal besteigen!<\/p>\n\n\n\n<figure class=\"wp-block-gallery has-nested-images columns-default is-cropped wp-block-gallery-1 is-layout-flex wp-block-gallery-is-layout-flex\">\n<figure class=\"wp-block-image size-large\"><img fetchpriority=\"high\" decoding=\"async\" width=\"1024\" height=\"576\" data-id=\"4760\" src=\"https:\/\/cyclingdestination.cc\/wp-content\/uploads\/2022\/02\/CD_Moraira_2.3-1024x576.jpg\" alt=\"Alicante, Costa Blanca, Aufstieg\" class=\"wp-image-4760\" srcset=\"https:\/\/cyclingdestination.cc\/wp-content\/uploads\/2022\/02\/CD_Moraira_2.3-1024x576.jpg 1024w, https:\/\/cyclingdestination.cc\/wp-content\/uploads\/2022\/02\/CD_Moraira_2.3-300x169.jpg 300w, https:\/\/cyclingdestination.cc\/wp-content\/uploads\/2022\/02\/CD_Moraira_2.3-768x432.jpg 768w, https:\/\/cyclingdestination.cc\/wp-content\/uploads\/2022\/02\/CD_Moraira_2.3-1536x864.jpg 1536w, https:\/\/cyclingdestination.cc\/wp-content\/uploads\/2022\/02\/CD_Moraira_2.3-2048x1152.jpg 2048w\" sizes=\"(max-width: 1024px) 100vw, 1024px\" \/><figcaption class=\"wp-element-caption\">Die atemberaubenden Steigungen und Berge der Costa Blanca in der Provinz Alicante<\/figcaption><\/figure>\n<\/figure>\n\n\n\n<h2 class=\"wp-block-heading\" id=\"dag-1-even-de-boel-verkennen\">Tag 1: Einfach nur erkunden<\/h2>\n\n\n\n<p>Eigentlich Tag 2. Aber da der Sturm Corrie eine dreist\u00fcndige Versp\u00e4tung verursachte, war an Radfahren am ersten Tag nicht zu denken. Nachdem wir den ersten Teil des Tages damit verbracht hatten, uns in der Sonne von der Wartezeit auf dem Flughafen in Rotterdam zu erholen, machten wir uns auf den Weg zu einer Einf\u00fchrungsmatte in die n\u00e4here Umgebung.<\/p>\n\n\n\n<figure class=\"wp-block-image size-large\"><img decoding=\"async\" width=\"1024\" height=\"576\" src=\"https:\/\/cyclingdestination.cc\/wp-content\/uploads\/2022\/02\/CD_Moraira_1.3-1024x576.jpg\" alt=\"\" class=\"wp-image-4716\" srcset=\"https:\/\/cyclingdestination.cc\/wp-content\/uploads\/2022\/02\/CD_Moraira_1.3-1024x576.jpg 1024w, https:\/\/cyclingdestination.cc\/wp-content\/uploads\/2022\/02\/CD_Moraira_1.3-300x169.jpg 300w, https:\/\/cyclingdestination.cc\/wp-content\/uploads\/2022\/02\/CD_Moraira_1.3-768x432.jpg 768w, https:\/\/cyclingdestination.cc\/wp-content\/uploads\/2022\/02\/CD_Moraira_1.3-1536x864.jpg 1536w, https:\/\/cyclingdestination.cc\/wp-content\/uploads\/2022\/02\/CD_Moraira_1.3-2048x1152.jpg 2048w\" sizes=\"(max-width: 1024px) 100vw, 1024px\" \/><\/figure>\n\n\n\n<iframe src=\"https:\/\/www.komoot.nl\/tour\/657867057\/embed?profile=1\" width=\"100%\" height=\"680\" frameborder=\"0\" scrolling=\"no\"><\/iframe>\n\n\n\n<p>Und viel Zeit zum Ausruhen gab es nicht, denn es ging gleich mit vielen H\u00f6henmetern los. Zum Gl\u00fcck wurde es nirgends richtig steil. Andererseits war es auch nicht einen Meter flach. Und wenn es \u00fcberhaupt flach zu sein scheint, dann ist das nat\u00fcrlich \"spanisch flach\". Alles in allem war es durchaus machbar, obwohl ich Ihnen raten w\u00fcrde, mit einem Gang zu fahren, bei dem Sie sicher sind, dass Sie den einen zus\u00e4tzlichen Zahn haben, wenn Sie ihn brauchen.<\/p>\n\n\n\n<p>Der coolste Punkt der Strecke war der letzte Abstieg nach Moraira. Sch\u00f6ner Asphalt, und der Blick auf die Bucht w\u00e4hrend der \"goldenen Stunde\". Das k\u00f6nnte einem die Tr\u00e4nen in die Augen treiben, so sch\u00f6n ist es. Gibt es etwas Sch\u00f6neres als Radfahren in Spanien?<\/p>\n\n\n\n<figure class=\"wp-block-gallery has-nested-images columns-default is-cropped wp-block-gallery-2 is-layout-flex wp-block-gallery-is-layout-flex\">\n<figure class=\"wp-block-image size-large\"><img decoding=\"async\" width=\"1024\" height=\"576\" data-id=\"4715\" src=\"https:\/\/cyclingdestination.cc\/wp-content\/uploads\/2022\/02\/CD_Moraira_1.1-1024x576.jpg\" alt=\"\" class=\"wp-image-4715\" srcset=\"https:\/\/cyclingdestination.cc\/wp-content\/uploads\/2022\/02\/CD_Moraira_1.1-1024x576.jpg 1024w, https:\/\/cyclingdestination.cc\/wp-content\/uploads\/2022\/02\/CD_Moraira_1.1-300x169.jpg 300w, https:\/\/cyclingdestination.cc\/wp-content\/uploads\/2022\/02\/CD_Moraira_1.1-768x432.jpg 768w, https:\/\/cyclingdestination.cc\/wp-content\/uploads\/2022\/02\/CD_Moraira_1.1-1536x864.jpg 1536w, https:\/\/cyclingdestination.cc\/wp-content\/uploads\/2022\/02\/CD_Moraira_1.1-2048x1152.jpg 2048w\" sizes=\"(max-width: 1024px) 100vw, 1024px\" \/><\/figure>\n\n\n\n<figure class=\"wp-block-image size-large\"><img loading=\"lazy\" decoding=\"async\" width=\"1024\" height=\"576\" data-id=\"4717\" src=\"https:\/\/cyclingdestination.cc\/wp-content\/uploads\/2022\/02\/CD_Moraira_1.4-1024x576.jpg\" alt=\"\" class=\"wp-image-4717\" srcset=\"https:\/\/cyclingdestination.cc\/wp-content\/uploads\/2022\/02\/CD_Moraira_1.4-1024x576.jpg 1024w, https:\/\/cyclingdestination.cc\/wp-content\/uploads\/2022\/02\/CD_Moraira_1.4-300x169.jpg 300w, https:\/\/cyclingdestination.cc\/wp-content\/uploads\/2022\/02\/CD_Moraira_1.4-768x432.jpg 768w, https:\/\/cyclingdestination.cc\/wp-content\/uploads\/2022\/02\/CD_Moraira_1.4-1536x864.jpg 1536w, https:\/\/cyclingdestination.cc\/wp-content\/uploads\/2022\/02\/CD_Moraira_1.4-2048x1152.jpg 2048w\" sizes=\"(max-width: 1024px) 100vw, 1024px\" \/><\/figure>\n\n\n\n<figure class=\"wp-block-image size-large\"><img loading=\"lazy\" decoding=\"async\" width=\"1024\" height=\"576\" data-id=\"4714\" src=\"https:\/\/cyclingdestination.cc\/wp-content\/uploads\/2022\/02\/CD_Moraira_1.5-1024x576.jpg\" alt=\"\" class=\"wp-image-4714\" srcset=\"https:\/\/cyclingdestination.cc\/wp-content\/uploads\/2022\/02\/CD_Moraira_1.5-1024x576.jpg 1024w, https:\/\/cyclingdestination.cc\/wp-content\/uploads\/2022\/02\/CD_Moraira_1.5-300x169.jpg 300w, https:\/\/cyclingdestination.cc\/wp-content\/uploads\/2022\/02\/CD_Moraira_1.5-768x432.jpg 768w, https:\/\/cyclingdestination.cc\/wp-content\/uploads\/2022\/02\/CD_Moraira_1.5-1536x864.jpg 1536w, https:\/\/cyclingdestination.cc\/wp-content\/uploads\/2022\/02\/CD_Moraira_1.5-2048x1152.jpg 2048w\" sizes=\"(max-width: 1024px) 100vw, 1024px\" \/><\/figure>\n<\/figure>\n\n\n\n<p>Wir \u00fcberlegen gerade, wie die morgige Route aussehen soll. Fortsetzung folgt! F\u00fcr jetzt: hasta ma\u00f1ana.<\/p>\n\n\n\n<h2 class=\"wp-block-heading\" id=\"dag-2-afzien-in-de-spaanse-voorjaarszon\">Ausklingen lassen in der spanischen Fr\u00fchlingssonne<\/h2>\n\n\n\n<p>Heute geht es in das spanische Hinterland. Ein absoluter Geheimtipp, denn dort ist es viel ruhiger als in der touristischen und dichter besiedelten K\u00fcstenregion. Au\u00dferdem hat man von den spanischen H\u00fcgeln aus wundersch\u00f6ne Aussichten. Oder sind es Berge? Dar\u00fcber kann man geteilter Meinung sein. Auf jeden Fall findet man hier viele Anstiege, die von den Profis genutzt werden, um die Beine zu testen und sich f\u00fcr die neue Saison in Form zu bringen. Au\u00dferdem ist die Vuelta schon oft hier vorbeigekommen, Sie k\u00f6nnen sich also etwas g\u00f6nnen!<\/p>\n\n\n\n<iframe src=\"https:\/\/www.komoot.nl\/tour\/659380019\/embed?profile=1\" width=\"100%\" height=\"680\" frameborder=\"0\" scrolling=\"no\"><\/iframe>\n\n\n\n<p>Der sch\u00f6nste und l\u00e4ngste Anstieg an diesem Tag ist der Port de la Vall d'Ebo, der uns auf 540 Meter H\u00f6he f\u00fchrt. Ein allm\u00e4hlicher Anstieg mit herrlichem Meerblick. Danach geht es bergab in Richtung Gorga, bevor es durch die h\u00fcgelige Landschaft weiter auf 830 m H\u00f6he geht. Der letzte Teil dieses Abenteuers hat es in sich. Der Puerto de Tollos \u00fcber Beniaia. Die steilsten 100 Meter sind 14,7% mit einer maximalen Steigung von 17%. Eine Art Mauer von Huy, nur l\u00e4nger (und damit schmerzhafter).<\/p>\n\n\n\n<p>Nach diesem \"H\u00f6hepunkt\" geht es \u00fcberwiegend bergab, vorbei an typischen spanischen D\u00f6rfern. Das St\u00fcck bergab nach Castell de Castells ist besonders sch\u00f6n. Die wei\u00df verputzten H\u00e4user bilden einen sch\u00f6nen Kontrast zu den mediterranen H\u00fcgeln. Ein gro\u00dfer Tipp, wenn Sie in dieser Region sind<\/p>\n\n\n\n<figure class=\"wp-block-gallery has-nested-images columns-default is-cropped wp-block-gallery-3 is-layout-flex wp-block-gallery-is-layout-flex\">\n<figure class=\"wp-block-image size-large\"><img loading=\"lazy\" decoding=\"async\" width=\"1024\" height=\"576\" data-id=\"4762\" src=\"https:\/\/cyclingdestination.cc\/wp-content\/uploads\/2022\/02\/CD_Moraira_2.1-1024x576.jpg\" alt=\"\" class=\"wp-image-4762\" srcset=\"https:\/\/cyclingdestination.cc\/wp-content\/uploads\/2022\/02\/CD_Moraira_2.1-1024x576.jpg 1024w, https:\/\/cyclingdestination.cc\/wp-content\/uploads\/2022\/02\/CD_Moraira_2.1-300x169.jpg 300w, https:\/\/cyclingdestination.cc\/wp-content\/uploads\/2022\/02\/CD_Moraira_2.1-768x432.jpg 768w, https:\/\/cyclingdestination.cc\/wp-content\/uploads\/2022\/02\/CD_Moraira_2.1-1536x864.jpg 1536w, https:\/\/cyclingdestination.cc\/wp-content\/uploads\/2022\/02\/CD_Moraira_2.1-2048x1152.jpg 2048w\" sizes=\"(max-width: 1024px) 100vw, 1024px\" \/><\/figure>\n\n\n\n<figure class=\"wp-block-image size-large\"><img loading=\"lazy\" decoding=\"async\" width=\"1024\" height=\"576\" data-id=\"4759\" src=\"https:\/\/cyclingdestination.cc\/wp-content\/uploads\/2022\/02\/CD_Moraira_2.2-1024x576.jpg\" alt=\"\" class=\"wp-image-4759\" srcset=\"https:\/\/cyclingdestination.cc\/wp-content\/uploads\/2022\/02\/CD_Moraira_2.2-1024x576.jpg 1024w, https:\/\/cyclingdestination.cc\/wp-content\/uploads\/2022\/02\/CD_Moraira_2.2-300x169.jpg 300w, https:\/\/cyclingdestination.cc\/wp-content\/uploads\/2022\/02\/CD_Moraira_2.2-768x432.jpg 768w, https:\/\/cyclingdestination.cc\/wp-content\/uploads\/2022\/02\/CD_Moraira_2.2-1536x864.jpg 1536w, https:\/\/cyclingdestination.cc\/wp-content\/uploads\/2022\/02\/CD_Moraira_2.2-2048x1152.jpg 2048w\" sizes=\"(max-width: 1024px) 100vw, 1024px\" \/><\/figure>\n<\/figure>\n\n\n\n<figure class=\"wp-block-gallery has-nested-images columns-default is-cropped wp-block-gallery-4 is-layout-flex wp-block-gallery-is-layout-flex\">\n<figure class=\"wp-block-image size-large\"><img loading=\"lazy\" decoding=\"async\" width=\"1024\" height=\"576\" data-id=\"4761\" src=\"https:\/\/cyclingdestination.cc\/wp-content\/uploads\/2022\/02\/CD_Moraira_2.4-1024x576.jpg\" alt=\"radfahren in spanien, radfahren in calpe, radfahren an der costa blanca, radfahren an der costa blanca, radfahren in spanien, radurlaub in spanien\" class=\"wp-image-4761\" srcset=\"https:\/\/cyclingdestination.cc\/wp-content\/uploads\/2022\/02\/CD_Moraira_2.4-1024x576.jpg 1024w, https:\/\/cyclingdestination.cc\/wp-content\/uploads\/2022\/02\/CD_Moraira_2.4-300x169.jpg 300w, https:\/\/cyclingdestination.cc\/wp-content\/uploads\/2022\/02\/CD_Moraira_2.4-768x432.jpg 768w, https:\/\/cyclingdestination.cc\/wp-content\/uploads\/2022\/02\/CD_Moraira_2.4-1536x864.jpg 1536w, https:\/\/cyclingdestination.cc\/wp-content\/uploads\/2022\/02\/CD_Moraira_2.4-2048x1152.jpg 2048w\" sizes=\"(max-width: 1024px) 100vw, 1024px\" \/><\/figure>\n<\/figure>\n\n\n\n<h2 class=\"wp-block-heading\" id=\"dag-3-even-bijkomen-met-een-retourtje-calpe\">Machen Sie eine Pause mit einer R\u00fcckfahrt nach Calpe<\/h2>\n\n\n\n<p>Um ehrlich zu sein, war ich schon mal besser in Form. Ein Tag wie der gestrige trifft mich dann ziemlich hart, mit all den steilen H\u00fcgeln im spanischen Hinterland. Ein guter Vorsatz also, es heute etwas ruhiger angehen zu lassen. Eine relativ flache Strecke ist hier etwas schwer zu finden. Also beschlossen wir, von Moraira nach Calpe und zur\u00fcck zu radeln, um in einem Caf\u00e9 namens Service Course (beim Baguet Bicyle Club) einzukehren, das von Belgiern betrieben wird. Drinnen lief die Saudi-Tour auf Eurosport, und drau\u00dfen genoss eine Gruppe belgischer Radtouristen den Kwaremont.<\/p>\n\n\n\n<iframe src=\"https:\/\/www.komoot.nl\/tour\/659494221\/embed?profile=1\" width=\"100%\" height=\"680\" frameborder=\"0\" scrolling=\"no\"><\/iframe>\n\n\n\n<p>Eigentlich war es ein sch\u00f6ner Tag wie dieser. Einfach etwas Platz zum Erholen und Genie\u00dfen, w\u00e4hrend man auf den Boulevards zwischen Moraira und Calpe \"schlendert\".<\/p>\n\n\n\n<figure class=\"wp-block-gallery has-nested-images columns-default is-cropped wp-block-gallery-5 is-layout-flex wp-block-gallery-is-layout-flex\">\n<figure class=\"wp-block-image size-large\"><img loading=\"lazy\" decoding=\"async\" width=\"1024\" height=\"576\" data-id=\"4764\" src=\"https:\/\/cyclingdestination.cc\/wp-content\/uploads\/2022\/02\/CD_Moraira_3.1-1024x576.jpg\" alt=\"\" class=\"wp-image-4764\" srcset=\"https:\/\/cyclingdestination.cc\/wp-content\/uploads\/2022\/02\/CD_Moraira_3.1-1024x576.jpg 1024w, https:\/\/cyclingdestination.cc\/wp-content\/uploads\/2022\/02\/CD_Moraira_3.1-300x169.jpg 300w, https:\/\/cyclingdestination.cc\/wp-content\/uploads\/2022\/02\/CD_Moraira_3.1-768x432.jpg 768w, https:\/\/cyclingdestination.cc\/wp-content\/uploads\/2022\/02\/CD_Moraira_3.1-1536x864.jpg 1536w, https:\/\/cyclingdestination.cc\/wp-content\/uploads\/2022\/02\/CD_Moraira_3.1-2048x1152.jpg 2048w\" sizes=\"(max-width: 1024px) 100vw, 1024px\" \/><\/figure>\n<\/figure>\n\n\n\n<p>Sie m\u00f6chten mehr \u00fcber das Radfahren in der Region erfahren oder zum Beispiel Ihre eigene Tour mit Hilfe von Einheimischen zusammenstellen? Dann besuchen Sie <a href=\"https:\/\/rollinroads.com\/\">www.rollinroads.com<\/a> und bitten Sie Borja Camarena, Ihnen zu helfen. Er hat viel Erfahrung, unter anderem mit eigenen Touren und der Organisation von Reisen zum Golfplatz, in die Pyren\u00e4en, die Alpen und mehr. Und: Er kommt aus der Region und kennt alle Besonderheiten, die man als Au\u00dfenstehender nicht so leicht findet!<\/p>\n\n\n\n<p>Mehrere Hoteloptionen finden Sie unten auf dieser Karte:<\/p>\n\n\n\n<iframe id=\"stay22-widget\" width=\"100%\" height=\"428\" src=\"https:\/\/www.stay22.com\/embed\/68c7da36d581cacd8b9c2d37\" frameborder=\"0\"><\/iframe>","protected":false},"excerpt":{"rendered":"<p>De regio Valencia, heeft met Moraira een prachtige fietshotspot aan de Costa Blanca. Mede door de komst van vele profteams en renners, zoals Mathieu van der Poel en Remco Evenepoel is het een befaamd fietsgebied op ruim 10 kilometer van Calpe. Een naam die menig fietser bekend zal voorkomen. Fietsen in Spanje is sowieso fantastisch. [&hellip;]<\/p>\n","protected":false},"author":2,"featured_media":4764,"comment_status":"closed","ping_status":"closed","sticky":false,"template":"","format":"standard","meta":{"_acf_changed":false,"iawp_total_views":457,"footnotes":""},"categories":[388,13,301,8],"tags":[462,141,643,458],"class_list":["post-4711","post","type-post","status-publish","format-standard","has-post-thumbnail","hentry","category-alicante-costa-blanca","category-spanje","category-valencia","category-verhalen","tag-costa-blanca","tag-fietsroutes","tag-moraira","tag-racefietsroutes"],"acf":[],"featured_image_url":{"thumbnail":"https:\/\/cyclingdestination.cc\/wp-content\/uploads\/2022\/02\/CD_Moraira_3.1-150x150.jpg","medium":"https:\/\/cyclingdestination.cc\/wp-content\/uploads\/2022\/02\/CD_Moraira_3.1-300x169.jpg","medium_large":"https:\/\/cyclingdestination.cc\/wp-content\/uploads\/2022\/02\/CD_Moraira_3.1-768x432.jpg","large":"https:\/\/cyclingdestination.cc\/wp-content\/uploads\/2022\/02\/CD_Moraira_3.1-1024x576.jpg","1536x1536":"https:\/\/cyclingdestination.cc\/wp-content\/uploads\/2022\/02\/CD_Moraira_3.1-1536x864.jpg","2048x2048":"https:\/\/cyclingdestination.cc\/wp-content\/uploads\/2022\/02\/CD_Moraira_3.1-2048x1152.jpg","trp-custom-language-flag":"https:\/\/cyclingdestination.cc\/wp-content\/uploads\/2022\/02\/CD_Moraira_3.1-scaled.jpg"},"post_author":"Ruben Hoogland","assigned_categories":"Alicante-Costa Blanca, Spanje, Valencia, Verhalen","yoast_head":"<!-- This site is optimized with the Yoast SEO plugin v27.4 - https:\/\/yoast.com\/product\/yoast-seo-wordpress\/ -->\n<title>Moraira aan de Costa Blanca - regio Valenciana - Cycling Destination<\/title>\n<meta name=\"description\" content=\"Fietsen aan de Costa Blanca. Volg de avonturen van Ruben en Rik tijdens hun verblijf in het prachtige Moraira, aan de Costa Blanca\" \/>\n<meta name=\"robots\" content=\"index, follow, max-snippet:-1, max-image-preview:large, max-video-preview:-1\" \/>\n<link rel=\"canonical\" href=\"https:\/\/cyclingdestination.cc\/de\/verhalen\/reisverslag-moraira-valenciana\/\" \/>\n<meta property=\"og:locale\" content=\"de_DE\" \/>\n<meta property=\"og:type\" content=\"article\" \/>\n<meta property=\"og:title\" content=\"Moraira aan de Costa Blanca - regio Valenciana - Cycling Destination\" \/>\n<meta property=\"og:description\" content=\"Fietsen aan de Costa Blanca. Volg de avonturen van Ruben en Rik tijdens hun verblijf in het prachtige Moraira, aan de Costa Blanca\" \/>\n<meta property=\"og:url\" content=\"https:\/\/cyclingdestination.cc\/de\/verhalen\/reisverslag-moraira-valenciana\/\" \/>\n<meta property=\"og:site_name\" content=\"Cycling Destination\" \/>\n<meta property=\"article:publisher\" content=\"https:\/\/www.facebook.com\/cyclingdestination.cc\" \/>\n<meta property=\"article:published_time\" content=\"2022-02-04T08:00:53+00:00\" \/>\n<meta property=\"article:modified_time\" content=\"2025-10-11T06:53:38+00:00\" \/>\n<meta property=\"og:image\" content=\"https:\/\/cyclingdestination.cc\/wp-content\/uploads\/2022\/02\/CD_Moraira_3.1-scaled.jpg\" \/>\n\t<meta property=\"og:image:width\" content=\"2560\" \/>\n\t<meta property=\"og:image:height\" content=\"1440\" \/>\n\t<meta property=\"og:image:type\" content=\"image\/jpeg\" \/>\n<meta name=\"author\" content=\"Ruben Hoogland\" \/>\n<meta name=\"twitter:card\" content=\"summary_large_image\" \/>\n<meta name=\"twitter:creator\" content=\"@cyclingdestin\" \/>\n<meta name=\"twitter:site\" content=\"@cyclingdestin\" \/>\n<meta name=\"twitter:label1\" content=\"Verfasst von\" \/>\n\t<meta name=\"twitter:data1\" content=\"Ruben Hoogland\" \/>\n\t<meta name=\"twitter:label2\" content=\"Gesch\u00e4tzte Lesezeit\" \/>\n\t<meta name=\"twitter:data2\" content=\"7\u00a0Minuten\" \/>\n<script type=\"application\/ld+json\" class=\"yoast-schema-graph\">{\"@context\":\"https:\\\/\\\/schema.org\",\"@graph\":[{\"@type\":\"Article\",\"@id\":\"https:\\\/\\\/cyclingdestination.cc\\\/verhalen\\\/reisverslag-moraira-valenciana#article\",\"isPartOf\":{\"@id\":\"https:\\\/\\\/cyclingdestination.cc\\\/verhalen\\\/reisverslag-moraira-valenciana\"},\"author\":{\"name\":\"Ruben Hoogland\",\"@id\":\"https:\\\/\\\/cyclingdestination.cc\\\/#\\\/schema\\\/person\\\/9ade50c05881a855e4a0fabba2c87466\"},\"headline\":\"Moraira aan de Costa Blanca &#8211; regio Valenciana\",\"datePublished\":\"2022-02-04T08:00:53+00:00\",\"dateModified\":\"2025-10-11T06:53:38+00:00\",\"mainEntityOfPage\":{\"@id\":\"https:\\\/\\\/cyclingdestination.cc\\\/verhalen\\\/reisverslag-moraira-valenciana\"},\"wordCount\":847,\"publisher\":{\"@id\":\"https:\\\/\\\/cyclingdestination.cc\\\/#organization\"},\"image\":{\"@id\":\"https:\\\/\\\/cyclingdestination.cc\\\/verhalen\\\/reisverslag-moraira-valenciana#primaryimage\"},\"thumbnailUrl\":\"https:\\\/\\\/cyclingdestination.cc\\\/wp-content\\\/uploads\\\/2022\\\/02\\\/CD_Moraira_3.1-scaled.jpg\",\"keywords\":[\"Costa Blanca\",\"fietsroutes\",\"Moraira\",\"racefietsroutes\"],\"articleSection\":[\"Alicante-Costa Blanca\",\"Spanje\",\"Valencia\",\"Verhalen\"],\"inLanguage\":\"de\"},{\"@type\":\"WebPage\",\"@id\":\"https:\\\/\\\/cyclingdestination.cc\\\/verhalen\\\/reisverslag-moraira-valenciana\",\"url\":\"https:\\\/\\\/cyclingdestination.cc\\\/verhalen\\\/reisverslag-moraira-valenciana\",\"name\":\"Moraira aan de Costa Blanca - regio Valenciana - Cycling Destination\",\"isPartOf\":{\"@id\":\"https:\\\/\\\/cyclingdestination.cc\\\/#website\"},\"primaryImageOfPage\":{\"@id\":\"https:\\\/\\\/cyclingdestination.cc\\\/verhalen\\\/reisverslag-moraira-valenciana#primaryimage\"},\"image\":{\"@id\":\"https:\\\/\\\/cyclingdestination.cc\\\/verhalen\\\/reisverslag-moraira-valenciana#primaryimage\"},\"thumbnailUrl\":\"https:\\\/\\\/cyclingdestination.cc\\\/wp-content\\\/uploads\\\/2022\\\/02\\\/CD_Moraira_3.1-scaled.jpg\",\"datePublished\":\"2022-02-04T08:00:53+00:00\",\"dateModified\":\"2025-10-11T06:53:38+00:00\",\"description\":\"Fietsen aan de Costa Blanca. Volg de avonturen van Ruben en Rik tijdens hun verblijf in het prachtige Moraira, aan de Costa Blanca\",\"breadcrumb\":{\"@id\":\"https:\\\/\\\/cyclingdestination.cc\\\/verhalen\\\/reisverslag-moraira-valenciana#breadcrumb\"},\"inLanguage\":\"de\",\"potentialAction\":[{\"@type\":\"ReadAction\",\"target\":[\"https:\\\/\\\/cyclingdestination.cc\\\/verhalen\\\/reisverslag-moraira-valenciana\"]}]},{\"@type\":\"ImageObject\",\"inLanguage\":\"de\",\"@id\":\"https:\\\/\\\/cyclingdestination.cc\\\/verhalen\\\/reisverslag-moraira-valenciana#primaryimage\",\"url\":\"https:\\\/\\\/cyclingdestination.cc\\\/wp-content\\\/uploads\\\/2022\\\/02\\\/CD_Moraira_3.1-scaled.jpg\",\"contentUrl\":\"https:\\\/\\\/cyclingdestination.cc\\\/wp-content\\\/uploads\\\/2022\\\/02\\\/CD_Moraira_3.1-scaled.jpg\",\"width\":2560,\"height\":1440},{\"@type\":\"BreadcrumbList\",\"@id\":\"https:\\\/\\\/cyclingdestination.cc\\\/verhalen\\\/reisverslag-moraira-valenciana#breadcrumb\",\"itemListElement\":[{\"@type\":\"ListItem\",\"position\":1,\"name\":\"Home\",\"item\":\"https:\\\/\\\/cyclingdestination.cc\\\/\"},{\"@type\":\"ListItem\",\"position\":2,\"name\":\"Moraira aan de Costa Blanca &#8211; regio Valenciana\"}]},{\"@type\":\"WebSite\",\"@id\":\"https:\\\/\\\/cyclingdestination.cc\\\/#website\",\"url\":\"https:\\\/\\\/cyclingdestination.cc\\\/\",\"name\":\"Cycling Destination\",\"description\":\"Inspiratie voor jouw volgende fietsavontuur\",\"publisher\":{\"@id\":\"https:\\\/\\\/cyclingdestination.cc\\\/#organization\"},\"potentialAction\":[{\"@type\":\"SearchAction\",\"target\":{\"@type\":\"EntryPoint\",\"urlTemplate\":\"https:\\\/\\\/cyclingdestination.cc\\\/?s={search_term_string}\"},\"query-input\":{\"@type\":\"PropertyValueSpecification\",\"valueRequired\":true,\"valueName\":\"search_term_string\"}}],\"inLanguage\":\"de\"},{\"@type\":\"Organization\",\"@id\":\"https:\\\/\\\/cyclingdestination.cc\\\/#organization\",\"name\":\"Cycling Destination\",\"url\":\"https:\\\/\\\/cyclingdestination.cc\\\/\",\"logo\":{\"@type\":\"ImageObject\",\"inLanguage\":\"de\",\"@id\":\"https:\\\/\\\/cyclingdestination.cc\\\/#\\\/schema\\\/logo\\\/image\\\/\",\"url\":\"https:\\\/\\\/cyclingdestination.cc\\\/wp-content\\\/uploads\\\/2022\\\/01\\\/cyclingdestination_logo_RGB_zwart_vDEF-1.png\",\"contentUrl\":\"https:\\\/\\\/cyclingdestination.cc\\\/wp-content\\\/uploads\\\/2022\\\/01\\\/cyclingdestination_logo_RGB_zwart_vDEF-1.png\",\"width\":2550,\"height\":814,\"caption\":\"Cycling Destination\"},\"image\":{\"@id\":\"https:\\\/\\\/cyclingdestination.cc\\\/#\\\/schema\\\/logo\\\/image\\\/\"},\"sameAs\":[\"https:\\\/\\\/www.facebook.com\\\/cyclingdestination.cc\",\"https:\\\/\\\/x.com\\\/cyclingdestin\",\"https:\\\/\\\/www.instagram.com\\\/cyclingdestination.cc\\\/\"]},{\"@type\":\"Person\",\"@id\":\"https:\\\/\\\/cyclingdestination.cc\\\/#\\\/schema\\\/person\\\/9ade50c05881a855e4a0fabba2c87466\",\"name\":\"Ruben Hoogland\",\"url\":\"https:\\\/\\\/cyclingdestination.cc\\\/de\\\/author\\\/ruben\"}]}<\/script>\n<!-- \/ Yoast SEO plugin. -->","yoast_head_json":{"title":"Moraira an der Costa Blanca - Region Valenciana - Reiseziel f\u00fcr Radfahrer","description":"Radfahren an der Costa Blanca. Folgen Sie den Abenteuern von Ruben und Rik w\u00e4hrend ihres Aufenthalts im sch\u00f6nen Moraira an der Costa Blanca","robots":{"index":"index","follow":"follow","max-snippet":"max-snippet:-1","max-image-preview":"max-image-preview:large","max-video-preview":"max-video-preview:-1"},"canonical":"https:\/\/cyclingdestination.cc\/de\/verhalen\/reisverslag-moraira-valenciana\/","og_locale":"de_DE","og_type":"article","og_title":"Moraira aan de Costa Blanca - regio Valenciana - Cycling Destination","og_description":"Fietsen aan de Costa Blanca. Volg de avonturen van Ruben en Rik tijdens hun verblijf in het prachtige Moraira, aan de Costa Blanca","og_url":"https:\/\/cyclingdestination.cc\/de\/verhalen\/reisverslag-moraira-valenciana\/","og_site_name":"Cycling Destination","article_publisher":"https:\/\/www.facebook.com\/cyclingdestination.cc","article_published_time":"2022-02-04T08:00:53+00:00","article_modified_time":"2025-10-11T06:53:38+00:00","og_image":[{"width":2560,"height":1440,"url":"https:\/\/cyclingdestination.cc\/wp-content\/uploads\/2022\/02\/CD_Moraira_3.1-scaled.jpg","type":"image\/jpeg"}],"author":"Ruben Hoogland","twitter_card":"summary_large_image","twitter_creator":"@cyclingdestin","twitter_site":"@cyclingdestin","twitter_misc":{"Verfasst von":"Ruben Hoogland","Gesch\u00e4tzte Lesezeit":"7\u00a0Minuten"},"schema":{"@context":"https:\/\/schema.org","@graph":[{"@type":"Article","@id":"https:\/\/cyclingdestination.cc\/verhalen\/reisverslag-moraira-valenciana#article","isPartOf":{"@id":"https:\/\/cyclingdestination.cc\/verhalen\/reisverslag-moraira-valenciana"},"author":{"name":"Ruben Hoogland","@id":"https:\/\/cyclingdestination.cc\/#\/schema\/person\/9ade50c05881a855e4a0fabba2c87466"},"headline":"Moraira aan de Costa Blanca &#8211; regio Valenciana","datePublished":"2022-02-04T08:00:53+00:00","dateModified":"2025-10-11T06:53:38+00:00","mainEntityOfPage":{"@id":"https:\/\/cyclingdestination.cc\/verhalen\/reisverslag-moraira-valenciana"},"wordCount":847,"publisher":{"@id":"https:\/\/cyclingdestination.cc\/#organization"},"image":{"@id":"https:\/\/cyclingdestination.cc\/verhalen\/reisverslag-moraira-valenciana#primaryimage"},"thumbnailUrl":"https:\/\/cyclingdestination.cc\/wp-content\/uploads\/2022\/02\/CD_Moraira_3.1-scaled.jpg","keywords":["Costa Blanca","fietsroutes","Moraira","racefietsroutes"],"articleSection":["Alicante-Costa Blanca","Spanje","Valencia","Verhalen"],"inLanguage":"de"},{"@type":"WebPage","@id":"https:\/\/cyclingdestination.cc\/verhalen\/reisverslag-moraira-valenciana","url":"https:\/\/cyclingdestination.cc\/verhalen\/reisverslag-moraira-valenciana","name":"Moraira an der Costa Blanca - Region Valenciana - Reiseziel f\u00fcr Radfahrer","isPartOf":{"@id":"https:\/\/cyclingdestination.cc\/#website"},"primaryImageOfPage":{"@id":"https:\/\/cyclingdestination.cc\/verhalen\/reisverslag-moraira-valenciana#primaryimage"},"image":{"@id":"https:\/\/cyclingdestination.cc\/verhalen\/reisverslag-moraira-valenciana#primaryimage"},"thumbnailUrl":"https:\/\/cyclingdestination.cc\/wp-content\/uploads\/2022\/02\/CD_Moraira_3.1-scaled.jpg","datePublished":"2022-02-04T08:00:53+00:00","dateModified":"2025-10-11T06:53:38+00:00","description":"Radfahren an der Costa Blanca. Folgen Sie den Abenteuern von Ruben und Rik w\u00e4hrend ihres Aufenthalts im sch\u00f6nen Moraira an der Costa Blanca","breadcrumb":{"@id":"https:\/\/cyclingdestination.cc\/verhalen\/reisverslag-moraira-valenciana#breadcrumb"},"inLanguage":"de","potentialAction":[{"@type":"ReadAction","target":["https:\/\/cyclingdestination.cc\/verhalen\/reisverslag-moraira-valenciana"]}]},{"@type":"ImageObject","inLanguage":"de","@id":"https:\/\/cyclingdestination.cc\/verhalen\/reisverslag-moraira-valenciana#primaryimage","url":"https:\/\/cyclingdestination.cc\/wp-content\/uploads\/2022\/02\/CD_Moraira_3.1-scaled.jpg","contentUrl":"https:\/\/cyclingdestination.cc\/wp-content\/uploads\/2022\/02\/CD_Moraira_3.1-scaled.jpg","width":2560,"height":1440},{"@type":"BreadcrumbList","@id":"https:\/\/cyclingdestination.cc\/verhalen\/reisverslag-moraira-valenciana#breadcrumb","itemListElement":[{"@type":"ListItem","position":1,"name":"Home","item":"https:\/\/cyclingdestination.cc\/"},{"@type":"ListItem","position":2,"name":"Moraira aan de Costa Blanca &#8211; regio Valenciana"}]},{"@type":"WebSite","@id":"https:\/\/cyclingdestination.cc\/#website","url":"https:\/\/cyclingdestination.cc\/","name":"Ziel Radfahren","description":"Inspiration f\u00fcr Ihr n\u00e4chstes Fahrradabenteuer","publisher":{"@id":"https:\/\/cyclingdestination.cc\/#organization"},"potentialAction":[{"@type":"SearchAction","target":{"@type":"EntryPoint","urlTemplate":"https:\/\/cyclingdestination.cc\/?s={search_term_string}"},"query-input":{"@type":"PropertyValueSpecification","valueRequired":true,"valueName":"search_term_string"}}],"inLanguage":"de"},{"@type":"Organization","@id":"https:\/\/cyclingdestination.cc\/#organization","name":"Ziel Radfahren","url":"https:\/\/cyclingdestination.cc\/","logo":{"@type":"ImageObject","inLanguage":"de","@id":"https:\/\/cyclingdestination.cc\/#\/schema\/logo\/image\/","url":"https:\/\/cyclingdestination.cc\/wp-content\/uploads\/2022\/01\/cyclingdestination_logo_RGB_zwart_vDEF-1.png","contentUrl":"https:\/\/cyclingdestination.cc\/wp-content\/uploads\/2022\/01\/cyclingdestination_logo_RGB_zwart_vDEF-1.png","width":2550,"height":814,"caption":"Cycling Destination"},"image":{"@id":"https:\/\/cyclingdestination.cc\/#\/schema\/logo\/image\/"},"sameAs":["https:\/\/www.facebook.com\/cyclingdestination.cc","https:\/\/x.com\/cyclingdestin","https:\/\/www.instagram.com\/cyclingdestination.cc\/"]},{"@type":"Person","@id":"https:\/\/cyclingdestination.cc\/#\/schema\/person\/9ade50c05881a855e4a0fabba2c87466","name":"Ruben Hoogland","url":"https:\/\/cyclingdestination.cc\/de\/author\/ruben"}]}},"_links":{"self":[{"href":"https:\/\/cyclingdestination.cc\/de\/wp-json\/wp\/v2\/posts\/4711","targetHints":{"allow":["GET"]}}],"collection":[{"href":"https:\/\/cyclingdestination.cc\/de\/wp-json\/wp\/v2\/posts"}],"about":[{"href":"https:\/\/cyclingdestination.cc\/de\/wp-json\/wp\/v2\/types\/post"}],"author":[{"embeddable":true,"href":"https:\/\/cyclingdestination.cc\/de\/wp-json\/wp\/v2\/users\/2"}],"replies":[{"embeddable":true,"href":"https:\/\/cyclingdestination.cc\/de\/wp-json\/wp\/v2\/comments?post=4711"}],"version-history":[{"count":7,"href":"https:\/\/cyclingdestination.cc\/de\/wp-json\/wp\/v2\/posts\/4711\/revisions"}],"predecessor-version":[{"id":24066,"href":"https:\/\/cyclingdestination.cc\/de\/wp-json\/wp\/v2\/posts\/4711\/revisions\/24066"}],"wp:featuredmedia":[{"embeddable":true,"href":"https:\/\/cyclingdestination.cc\/de\/wp-json\/wp\/v2\/media\/4764"}],"wp:attachment":[{"href":"https:\/\/cyclingdestination.cc\/de\/wp-json\/wp\/v2\/media?parent=4711"}],"wp:term":[{"taxonomy":"category","embeddable":true,"href":"https:\/\/cyclingdestination.cc\/de\/wp-json\/wp\/v2\/categories?post=4711"},{"taxonomy":"post_tag","embeddable":true,"href":"https:\/\/cyclingdestination.cc\/de\/wp-json\/wp\/v2\/tags?post=4711"}],"curies":[{"name":"wp","href":"https:\/\/api.w.org\/{rel}","templated":true}]}}