{"id":6636,"date":"2022-05-22T21:06:59","date_gmt":"2022-05-22T21:06:59","guid":{"rendered":"https:\/\/cyclingdestination.cc\/?p=6636"},"modified":"2025-02-17T21:25:06","modified_gmt":"2025-02-17T20:25:06","slug":"dagboek-baskenland-deel-1","status":"publish","type":"post","link":"https:\/\/cyclingdestination.cc\/de\/verhalen\/spanje\/dagboek-baskenland-deel-1","title":{"rendered":"Baskenland-Tagebuch Teil 1"},"content":{"rendered":"<p>Nichts verr\u00e4t, dass der Mann, der neben mir steht, in einem fr\u00fcheren Leben gegen Lance Armstrong und Jan Ullrich angetreten ist. Die zierliche Statur von Haimar Zubeldia ist f\u00fcr viele weniger erkennbar als f\u00fcr andere. Doch mehrere Top-F\u00fcnf-Platzierungen bei der Tour de France zieren seinen Lebenslauf. Allein diese Tatsache veranlasst mich, ihm mit einigem Respekt zu begegnen. Wir sind in seiner Heimatregion, in <a href=\"http:\/\/www.euskadi.eus\" target=\"_blank\" rel=\"noreferrer noopener\">Baskenland<\/a>Denn ganz in der N\u00e4he unseres Hotels in Gametxo liegt Zarautz, wo die Wiege des kleinen Haimar stand. Heute ist Haimar haupts\u00e4chlich als Botschafter der <a href=\"https:\/\/cyclingdestination.cc\/de\/nieuws\/partnership-etxeondo-en-cyclingdestination\/\">Etxeondo<\/a>der baskischen Edelmarke f\u00fcr Bekleidung. Er ist nicht der B\u00f6sewicht, denn bevor wir auch nur einen Meter geradelt sind, hat er sich bereits als Ersatzmechaniker unsterblich gemacht. Legende. In den n\u00e4chsten Tagen werden wir Sie in unserem 'Tagebuch des Baskenlandes' \u00fcber unser Abenteuer auf dem Laufenden halten. Viel Spa\u00df!<\/p>\n\n\n\n<figure class=\"wp-block-gallery has-nested-images columns-default is-cropped wp-block-gallery-1 is-layout-flex wp-block-gallery-is-layout-flex\">\n<figure class=\"wp-block-image size-large\"><img fetchpriority=\"high\" decoding=\"async\" width=\"576\" height=\"1024\" data-id=\"6649\" src=\"https:\/\/cyclingdestination.cc\/wp-content\/uploads\/2022\/05\/DSCF4836-576x1024.jpg\" alt=\"haimar zubeldia, etxeondo, mechaniker, reifenwechsel, reifen, reifen, baskenland, radfahren, pais vasco, euskadi\" class=\"wp-image-6649\" srcset=\"https:\/\/cyclingdestination.cc\/wp-content\/uploads\/2022\/05\/DSCF4836-576x1024.jpg 576w, https:\/\/cyclingdestination.cc\/wp-content\/uploads\/2022\/05\/DSCF4836-169x300.jpg 169w, https:\/\/cyclingdestination.cc\/wp-content\/uploads\/2022\/05\/DSCF4836-768x1365.jpg 768w, https:\/\/cyclingdestination.cc\/wp-content\/uploads\/2022\/05\/DSCF4836-864x1536.jpg 864w, https:\/\/cyclingdestination.cc\/wp-content\/uploads\/2022\/05\/DSCF4836-1152x2048.jpg 1152w, https:\/\/cyclingdestination.cc\/wp-content\/uploads\/2022\/05\/DSCF4836-scaled.jpg 1440w\" sizes=\"(max-width: 576px) 100vw, 576px\" \/><figcaption class=\"wp-element-caption\">praktische Dienstleistungen<\/figcaption><\/figure>\n\n\n\n<figure class=\"wp-block-image size-large\"><img decoding=\"async\" width=\"576\" height=\"1024\" data-id=\"6653\" src=\"https:\/\/cyclingdestination.cc\/wp-content\/uploads\/2022\/05\/DSCF4853-576x1024.jpg\" alt=\"Blick vom Hotel, Radfahren, Baskenland\" class=\"wp-image-6653\" srcset=\"https:\/\/cyclingdestination.cc\/wp-content\/uploads\/2022\/05\/DSCF4853-576x1024.jpg 576w, https:\/\/cyclingdestination.cc\/wp-content\/uploads\/2022\/05\/DSCF4853-169x300.jpg 169w, https:\/\/cyclingdestination.cc\/wp-content\/uploads\/2022\/05\/DSCF4853-768x1365.jpg 768w, https:\/\/cyclingdestination.cc\/wp-content\/uploads\/2022\/05\/DSCF4853-864x1536.jpg 864w, https:\/\/cyclingdestination.cc\/wp-content\/uploads\/2022\/05\/DSCF4853-1152x2048.jpg 1152w, https:\/\/cyclingdestination.cc\/wp-content\/uploads\/2022\/05\/DSCF4853-scaled.jpg 1440w\" sizes=\"(max-width: 576px) 100vw, 576px\" \/><figcaption class=\"wp-element-caption\">siehe<\/figcaption><\/figure>\n<\/figure>\n\n\n\n<h2 class=\"wp-block-heading\">Auf und ab<\/h2>\n\n\n\n<p>W\u00e4hrend die K\u00fcstenstra\u00dfen in den Niederlanden meist flach sind, ist die Region um Gametxo und Ibarrangelu eigentlich \u00fcberhaupt nicht flach. Vom Hotel aus, das etwas h\u00f6her liegt, hat man bereits einen sch\u00f6nen Blick auf das Meer. Sch\u00f6n, nat\u00fcrlich, aber es ist schon ein kleiner Hinweis auf das, was uns erwartet. Zum Aufw\u00e4rmen fahren wir eine Runde durch die Gegend. Nichts Besonderes, 35 Kilometer\", sagt Wouter, unser Gastgeber f\u00fcr diesen Tag. Wer sich die Karte der Region ansieht, wei\u00df, dass das entt\u00e4uschend sein k\u00f6nnte. Von Anfang an geht es nur bergauf und bergab. Die einzigen 100 Meter, die flach sind, liegen in D\u00f6rfern wie Lastarria und Ibarrangelu. Es geht fast ununterbrochen bergauf. Sie wartet auf die sch\u00f6ne, kurvenreiche Abfahrt. Irgendwie versteckt unter dem flachen spanischen Asphalt. <\/p>\n\n\n\n<figure class=\"wp-block-gallery has-nested-images columns-default is-cropped wp-block-gallery-2 is-layout-flex wp-block-gallery-is-layout-flex\">\n<figure class=\"wp-block-image size-large\"><img decoding=\"async\" width=\"576\" height=\"1024\" data-id=\"6663\" src=\"https:\/\/cyclingdestination.cc\/wp-content\/uploads\/2022\/05\/DSCF4875-576x1024.jpg\" alt=\"radfahren baskenland, radfahren, basken, spanien, spanien, espa\u00f1a, euskadi, sander, \" class=\"wp-image-6663\" srcset=\"https:\/\/cyclingdestination.cc\/wp-content\/uploads\/2022\/05\/DSCF4875-576x1024.jpg 576w, https:\/\/cyclingdestination.cc\/wp-content\/uploads\/2022\/05\/DSCF4875-169x300.jpg 169w, https:\/\/cyclingdestination.cc\/wp-content\/uploads\/2022\/05\/DSCF4875-768x1366.jpg 768w, https:\/\/cyclingdestination.cc\/wp-content\/uploads\/2022\/05\/DSCF4875-864x1536.jpg 864w, https:\/\/cyclingdestination.cc\/wp-content\/uploads\/2022\/05\/DSCF4875-1152x2048.jpg 1152w, https:\/\/cyclingdestination.cc\/wp-content\/uploads\/2022\/05\/DSCF4875-scaled.jpg 1440w\" sizes=\"(max-width: 576px) 100vw, 576px\" \/><figcaption class=\"wp-element-caption\">Abstieg zur Bucht<\/figcaption><\/figure>\n\n\n\n<figure class=\"wp-block-image size-large\"><img loading=\"lazy\" decoding=\"async\" width=\"576\" height=\"1024\" data-id=\"6665\" src=\"https:\/\/cyclingdestination.cc\/wp-content\/uploads\/2022\/05\/DSCF4893-576x1024.jpg\" alt=\"Blick auf die Bucht, Radfahren, Baskenland, Baskenland, Radfahren, Radfahren, Radfahren\" class=\"wp-image-6665\" srcset=\"https:\/\/cyclingdestination.cc\/wp-content\/uploads\/2022\/05\/DSCF4893-576x1024.jpg 576w, https:\/\/cyclingdestination.cc\/wp-content\/uploads\/2022\/05\/DSCF4893-169x300.jpg 169w, https:\/\/cyclingdestination.cc\/wp-content\/uploads\/2022\/05\/DSCF4893-768x1366.jpg 768w, https:\/\/cyclingdestination.cc\/wp-content\/uploads\/2022\/05\/DSCF4893-864x1536.jpg 864w, https:\/\/cyclingdestination.cc\/wp-content\/uploads\/2022\/05\/DSCF4893-1152x2048.jpg 1152w, https:\/\/cyclingdestination.cc\/wp-content\/uploads\/2022\/05\/DSCF4893-scaled.jpg 1440w\" sizes=\"(max-width: 576px) 100vw, 576px\" \/><figcaption class=\"wp-element-caption\">kurvenreiche Stra\u00dfen entlang der K\u00fcste<\/figcaption><\/figure>\n<\/figure>\n\n\n\n<h2 class=\"wp-block-heading\">Steiler Anstieg<\/h2>\n\n\n\n<p>Nach nicht einmal 10 Kilometern dieser Erkundungsfahrt sind die Steigungen bereits zweistellig. Als wir nach drei Kilometern Aufstieg den Gipfel erreichen, folgt eine sch\u00f6ne Abfahrt, die auch vom Asphalt her sehr sch\u00f6n ist. Trotz der N\u00e4he zur K\u00fcste w\u00e4hnt man sich in einer Art tropischem Regenwald. Vielleicht tragen die willk\u00fcrlich gef\u00e4llten B\u00e4ume dazu bei, ebenso wie die schw\u00fcle Hitze. Meiner Erfahrung nach h\u00e4tte man sich genauso gut in Singapur oder in den Cameron Highlands in Malaysia befinden k\u00f6nnen. Die Landschaft hier ist zerkl\u00fcftet, gr\u00fcn, aber auch durch die N\u00e4he zum Meer gepr\u00e4gt. Speziell ist die beste Art, sie zu beschreiben. Ebenso wie das Tempo, das Freund Haimar vorgibt. Fr\u00f6hlich plaudernd paddelt er bergauf. Meine Zunge liegt auf meinem Lenker. Es muss einen Unterschied geben. <\/p>\n\n\n\n<h2 class=\"wp-block-heading\">Orientierung verloren<\/h2>\n\n\n\n<p>Vor lauter gr\u00fcnen B\u00e4umen kann ich den Wald kaum noch sehen. Das hei\u00dft, ich habe v\u00f6llig die Orientierung verloren. Meiner Meinung nach sind wir im Landesinneren unterwegs, aber wenn ich mir nach der Fahrt die Komoot-Daten anschaue, ist das gar nicht so schlimm. Was nicht so schlimm ist, sind die st\u00e4ndigen Steigungen auf meinem Wahoo. Wenn nach 27 Kilometern jemand ruft, dass es jetzt nur noch bergab geht\", ist das kein Luxus. Dass wir keine sieben Kilometer sp\u00e4ter einen Anstieg mit sieben bis acht Prozent Durchschnittssteigung haben. Autsch, das war unerwartet. Die n\u00e4chsten Tage werden sicher noch mehr solcher 'unangenehmen \u00dcberraschungen' bringen.<\/p>\n\n\n\n<figure class=\"wp-block-gallery has-nested-images columns-default is-cropped wp-block-gallery-3 is-layout-flex wp-block-gallery-is-layout-flex\">\n<figure class=\"wp-block-image size-large\"><img loading=\"lazy\" decoding=\"async\" width=\"1024\" height=\"576\" data-id=\"6647\" src=\"https:\/\/cyclingdestination.cc\/wp-content\/uploads\/2022\/05\/204575CD-582B-46D3-8AC2-F456CDB4F3AB_1_201_a-1024x576.jpeg\" alt=\"\" class=\"wp-image-6647\" srcset=\"https:\/\/cyclingdestination.cc\/wp-content\/uploads\/2022\/05\/204575CD-582B-46D3-8AC2-F456CDB4F3AB_1_201_a-1024x576.jpeg 1024w, https:\/\/cyclingdestination.cc\/wp-content\/uploads\/2022\/05\/204575CD-582B-46D3-8AC2-F456CDB4F3AB_1_201_a-300x169.jpeg 300w, https:\/\/cyclingdestination.cc\/wp-content\/uploads\/2022\/05\/204575CD-582B-46D3-8AC2-F456CDB4F3AB_1_201_a-768x432.jpeg 768w, https:\/\/cyclingdestination.cc\/wp-content\/uploads\/2022\/05\/204575CD-582B-46D3-8AC2-F456CDB4F3AB_1_201_a-1536x864.jpeg 1536w, https:\/\/cyclingdestination.cc\/wp-content\/uploads\/2022\/05\/204575CD-582B-46D3-8AC2-F456CDB4F3AB_1_201_a-2048x1152.jpeg 2048w\" sizes=\"(max-width: 1024px) 100vw, 1024px\" \/><\/figure>\n<\/figure>\n\n\n\n<h2 class=\"wp-block-heading\">Finale<\/h2>\n\n\n\n<p>Die Tatsache, dass das Hotel an einem h\u00f6heren Punkt im Verh\u00e4ltnis zum Meer liegt, ist ein Hinweis auf die letzten Kilometer. Am Anfang sind wir mit der Gruppe wie eine Rakete runtergefahren. Also m\u00fcssen wir das Gleiche noch einmal machen. Das Maximum von 13% auf diesem letzten Anstieg sorgt f\u00fcr ein sch\u00f6nes Siegesgef\u00fchl, als ich das Rad am Hotel abstelle. Inzwischen ist die Sonne mit voller Kraft durchgekommen. Perfekt, um noch ein paar sch\u00f6ne Bilder entlang der K\u00fcste zu schie\u00dfen. Was f\u00fcr eine wunderbare und manchmal schmerzhafte Einf\u00fchrung in die sch\u00f6ne Region des Baskenlandes. <\/p>\n\n\n\n<figure class=\"wp-block-gallery has-nested-images columns-default is-cropped wp-block-gallery-4 is-layout-flex wp-block-gallery-is-layout-flex\">\n<figure class=\"wp-block-image size-large\"><img loading=\"lazy\" decoding=\"async\" width=\"768\" height=\"1024\" data-id=\"6666\" src=\"https:\/\/cyclingdestination.cc\/wp-content\/uploads\/2022\/05\/WhatsApp-Image-2022-05-22-at-6.11.50-PM-768x1024.jpeg\" alt=\"Klettern, Klettern, Klettern, Radfahren, cyclingdestination.cc, Baskenland, Baskenland euskadi\" class=\"wp-image-6666\" srcset=\"https:\/\/cyclingdestination.cc\/wp-content\/uploads\/2022\/05\/WhatsApp-Image-2022-05-22-at-6.11.50-PM-768x1024.jpeg 768w, https:\/\/cyclingdestination.cc\/wp-content\/uploads\/2022\/05\/WhatsApp-Image-2022-05-22-at-6.11.50-PM-225x300.jpeg 225w, https:\/\/cyclingdestination.cc\/wp-content\/uploads\/2022\/05\/WhatsApp-Image-2022-05-22-at-6.11.50-PM-1152x1536.jpeg 1152w, https:\/\/cyclingdestination.cc\/wp-content\/uploads\/2022\/05\/WhatsApp-Image-2022-05-22-at-6.11.50-PM.jpeg 1536w\" sizes=\"(max-width: 768px) 100vw, 768px\" \/><figcaption class=\"wp-element-caption\">Im Inland geht es auf und ab<\/figcaption><\/figure>\n\n\n\n<figure class=\"wp-block-image size-large\"><img loading=\"lazy\" decoding=\"async\" width=\"576\" height=\"1024\" data-id=\"6669\" src=\"https:\/\/cyclingdestination.cc\/wp-content\/uploads\/2022\/05\/DSCF4901-576x1024.jpg\" alt=\"Ansichten, Bucht, Baskenland, etxeondo, klettern, klettern, radfahren, cyclingdestination.cc, Baskenland, euskadi\" class=\"wp-image-6669\" srcset=\"https:\/\/cyclingdestination.cc\/wp-content\/uploads\/2022\/05\/DSCF4901-576x1024.jpg 576w, https:\/\/cyclingdestination.cc\/wp-content\/uploads\/2022\/05\/DSCF4901-169x300.jpg 169w, https:\/\/cyclingdestination.cc\/wp-content\/uploads\/2022\/05\/DSCF4901-768x1365.jpg 768w, https:\/\/cyclingdestination.cc\/wp-content\/uploads\/2022\/05\/DSCF4901-864x1536.jpg 864w, https:\/\/cyclingdestination.cc\/wp-content\/uploads\/2022\/05\/DSCF4901-1152x2048.jpg 1152w, https:\/\/cyclingdestination.cc\/wp-content\/uploads\/2022\/05\/DSCF4901-scaled.jpg 1440w\" sizes=\"(max-width: 576px) 100vw, 576px\" \/><figcaption class=\"wp-element-caption\">da passiert es dann<\/figcaption><\/figure>\n<\/figure>\n\n\n\n<h2 class=\"wp-block-heading\">Es ist ein Kinderspiel<\/h2>\n\n\n\n<p>Als sich alle nach dem Radfahren auf das Abendprogramm vorbereiten, frischt der Wind richtig auf. Er sorgt f\u00fcr eine erfrischende Dusche und sch\u00f6ne, dramatische Bilder von der K\u00fcstenstadt. Etwas, das man eine Weile genie\u00dfen kann, mit einem kleinen Snack in der Hand. Weiter zu Tag 1 unseres Abenteuers im Baskenland, denn das war nur die Erkundung. Werden Sie unser Baskenland-Tagebuch mitlesen?<\/p>\n\n\n\n<ul class=\"wp-block-list\">\n<li>Baskenland-Tagebuch 2: <a href=\"https:\/\/cyclingdestination.cc\/de\/verhalen\/dagboek-baskenland-deel-2\/\">Baskenland-Tagebuch Teil 2: Spielen in Haimars Hinterhof<\/a><\/li>\n\n\n\n<li>Baskenland-Tagebuch 3: <a href=\"https:\/\/cyclingdestination.cc\/de\/verhalen\/fietsen-in-baskenland-tolosa-pamplona\/\">Radfahren im Baskenland Teil 3: Tolosa - Pamplona<\/a><\/li>\n\n\n\n<li>Baskenland-Tagebuch 4: <a href=\"https:\/\/cyclingdestination.cc\/de\/verhalen\/dagboek-baskenland-deel-4-wind-in-de-rug\/\">Baskenland-Tagebuch Teil 4: R\u00fcckenwind<\/a><\/li>\n\n\n\n<li>Baskenland-Tagebuch 5: <a href=\"https:\/\/cyclingdestination.cc\/de\/verhalen\/spanje\/dagboek-baskenland-deel-5-land-van-wind-en-wijn\/\">Baskenland-Tagebuch Teil 5: Land des Windes und des Weins<\/a><\/li>\n\n\n\n<li>Baskenland-Tagebuch 6: <a href=\"https:\/\/cyclingdestination.cc\/de\/verhalen\/fietsen-in-baskenland-that-final-day\/\">Radfahren im Baskenland: der letzte Tag<\/a><\/li>\n<\/ul>\n\n\n\n<iframe src=\"https:\/\/www.komoot.nl\/tour\/778899384\/embed?profile=1\" width=\"100%\" height=\"600\" frameborder=\"0\" scrolling=\"no\"><\/iframe>","protected":false},"excerpt":{"rendered":"<p>Niets verraad dat de man die naast me staat het in een eerder leven opnam tegen Lance Armstrong en Jan Ullrich. De tengere gestalte van Haimar Zubeldia is voor velen minder herkenbaar dan anderen. Toch prijken er meerdere top 5 klasseringen in de Tour de France op zijn palmares. Dat feit alleen al zorgt ervoor [&hellip;]<\/p>\n","protected":false},"author":1,"featured_media":6647,"comment_status":"open","ping_status":"closed","sticky":false,"template":"","format":"standard","meta":{"_acf_changed":false,"iawp_total_views":197,"footnotes":""},"categories":[13,8],"tags":[],"class_list":["post-6636","post","type-post","status-publish","format-standard","has-post-thumbnail","hentry","category-spanje","category-verhalen"],"acf":[],"featured_image_url":{"thumbnail":"https:\/\/cyclingdestination.cc\/wp-content\/uploads\/2022\/05\/204575CD-582B-46D3-8AC2-F456CDB4F3AB_1_201_a-150x150.jpeg","medium":"https:\/\/cyclingdestination.cc\/wp-content\/uploads\/2022\/05\/204575CD-582B-46D3-8AC2-F456CDB4F3AB_1_201_a-300x169.jpeg","medium_large":"https:\/\/cyclingdestination.cc\/wp-content\/uploads\/2022\/05\/204575CD-582B-46D3-8AC2-F456CDB4F3AB_1_201_a-768x432.jpeg","large":"https:\/\/cyclingdestination.cc\/wp-content\/uploads\/2022\/05\/204575CD-582B-46D3-8AC2-F456CDB4F3AB_1_201_a-1024x576.jpeg","1536x1536":"https:\/\/cyclingdestination.cc\/wp-content\/uploads\/2022\/05\/204575CD-582B-46D3-8AC2-F456CDB4F3AB_1_201_a-1536x864.jpeg","2048x2048":"https:\/\/cyclingdestination.cc\/wp-content\/uploads\/2022\/05\/204575CD-582B-46D3-8AC2-F456CDB4F3AB_1_201_a-2048x1152.jpeg","trp-custom-language-flag":"https:\/\/cyclingdestination.cc\/wp-content\/uploads\/2022\/05\/204575CD-582B-46D3-8AC2-F456CDB4F3AB_1_201_a-scaled.jpeg"},"post_author":"Sander","assigned_categories":"Spanje, Verhalen","yoast_head":"<!-- This site is optimized with the Yoast SEO plugin v27.4 - https:\/\/yoast.com\/product\/yoast-seo-wordpress\/ -->\n<title>Dagboek Baskenland deel 1 - Cycling Destination<\/title>\n<meta name=\"description\" content=\"In ons dagboek baskenland deel 1 nemen we je mee op avontuur door Baskenland i.s.m. Etxeondo. Routes en mooie plekken, alles staat erin\" \/>\n<meta name=\"robots\" content=\"index, follow, max-snippet:-1, max-image-preview:large, max-video-preview:-1\" \/>\n<link rel=\"canonical\" href=\"https:\/\/cyclingdestination.cc\/de\/verhalen\/spanje\/dagboek-baskenland-deel-1\/\" \/>\n<meta property=\"og:locale\" content=\"de_DE\" \/>\n<meta property=\"og:type\" content=\"article\" \/>\n<meta property=\"og:title\" content=\"Dagboek Baskenland deel 1 - Cycling Destination\" \/>\n<meta property=\"og:description\" content=\"In ons dagboek baskenland deel 1 nemen we je mee op avontuur door Baskenland i.s.m. Etxeondo. Routes en mooie plekken, alles staat erin\" \/>\n<meta property=\"og:url\" content=\"https:\/\/cyclingdestination.cc\/de\/verhalen\/spanje\/dagboek-baskenland-deel-1\/\" \/>\n<meta property=\"og:site_name\" content=\"Cycling Destination\" \/>\n<meta property=\"article:publisher\" content=\"https:\/\/www.facebook.com\/cyclingdestination.cc\" \/>\n<meta property=\"article:published_time\" content=\"2022-05-22T21:06:59+00:00\" \/>\n<meta property=\"article:modified_time\" content=\"2025-02-17T20:25:06+00:00\" \/>\n<meta property=\"og:image\" content=\"https:\/\/cyclingdestination.cc\/wp-content\/uploads\/2022\/05\/204575CD-582B-46D3-8AC2-F456CDB4F3AB_1_201_a-scaled.jpeg\" \/>\n\t<meta property=\"og:image:width\" content=\"2560\" \/>\n\t<meta property=\"og:image:height\" content=\"1440\" \/>\n\t<meta property=\"og:image:type\" content=\"image\/jpeg\" \/>\n<meta name=\"author\" content=\"Sander\" \/>\n<meta name=\"twitter:card\" content=\"summary_large_image\" \/>\n<meta name=\"twitter:creator\" content=\"@cyclingdestin\" \/>\n<meta name=\"twitter:site\" content=\"@cyclingdestin\" \/>\n<meta name=\"twitter:label1\" content=\"Verfasst von\" \/>\n\t<meta name=\"twitter:data1\" content=\"Sander\" \/>\n\t<meta name=\"twitter:label2\" content=\"Gesch\u00e4tzte Lesezeit\" \/>\n\t<meta name=\"twitter:data2\" content=\"6\u00a0Minuten\" \/>\n<script type=\"application\/ld+json\" class=\"yoast-schema-graph\">{\"@context\":\"https:\\\/\\\/schema.org\",\"@graph\":[{\"@type\":\"Article\",\"@id\":\"https:\\\/\\\/cyclingdestination.cc\\\/verhalen\\\/spanje\\\/dagboek-baskenland-deel-1#article\",\"isPartOf\":{\"@id\":\"https:\\\/\\\/cyclingdestination.cc\\\/verhalen\\\/spanje\\\/dagboek-baskenland-deel-1\"},\"author\":{\"name\":\"Sander\",\"@id\":\"https:\\\/\\\/cyclingdestination.cc\\\/#\\\/schema\\\/person\\\/d8be1d6ea48cbeb775e9ea6b57e54a7d\"},\"headline\":\"Dagboek Baskenland deel 1\",\"datePublished\":\"2022-05-22T21:06:59+00:00\",\"dateModified\":\"2025-02-17T20:25:06+00:00\",\"mainEntityOfPage\":{\"@id\":\"https:\\\/\\\/cyclingdestination.cc\\\/verhalen\\\/spanje\\\/dagboek-baskenland-deel-1\"},\"wordCount\":756,\"commentCount\":0,\"publisher\":{\"@id\":\"https:\\\/\\\/cyclingdestination.cc\\\/#organization\"},\"image\":{\"@id\":\"https:\\\/\\\/cyclingdestination.cc\\\/verhalen\\\/spanje\\\/dagboek-baskenland-deel-1#primaryimage\"},\"thumbnailUrl\":\"https:\\\/\\\/cyclingdestination.cc\\\/wp-content\\\/uploads\\\/2022\\\/05\\\/204575CD-582B-46D3-8AC2-F456CDB4F3AB_1_201_a-scaled.jpeg\",\"articleSection\":[\"Spanje\",\"Verhalen\"],\"inLanguage\":\"de\",\"potentialAction\":[{\"@type\":\"CommentAction\",\"name\":\"Comment\",\"target\":[\"https:\\\/\\\/cyclingdestination.cc\\\/verhalen\\\/spanje\\\/dagboek-baskenland-deel-1#respond\"]}]},{\"@type\":\"WebPage\",\"@id\":\"https:\\\/\\\/cyclingdestination.cc\\\/verhalen\\\/spanje\\\/dagboek-baskenland-deel-1\",\"url\":\"https:\\\/\\\/cyclingdestination.cc\\\/verhalen\\\/spanje\\\/dagboek-baskenland-deel-1\",\"name\":\"Dagboek Baskenland deel 1 - Cycling Destination\",\"isPartOf\":{\"@id\":\"https:\\\/\\\/cyclingdestination.cc\\\/#website\"},\"primaryImageOfPage\":{\"@id\":\"https:\\\/\\\/cyclingdestination.cc\\\/verhalen\\\/spanje\\\/dagboek-baskenland-deel-1#primaryimage\"},\"image\":{\"@id\":\"https:\\\/\\\/cyclingdestination.cc\\\/verhalen\\\/spanje\\\/dagboek-baskenland-deel-1#primaryimage\"},\"thumbnailUrl\":\"https:\\\/\\\/cyclingdestination.cc\\\/wp-content\\\/uploads\\\/2022\\\/05\\\/204575CD-582B-46D3-8AC2-F456CDB4F3AB_1_201_a-scaled.jpeg\",\"datePublished\":\"2022-05-22T21:06:59+00:00\",\"dateModified\":\"2025-02-17T20:25:06+00:00\",\"description\":\"In ons dagboek baskenland deel 1 nemen we je mee op avontuur door Baskenland i.s.m. Etxeondo. Routes en mooie plekken, alles staat erin\",\"breadcrumb\":{\"@id\":\"https:\\\/\\\/cyclingdestination.cc\\\/verhalen\\\/spanje\\\/dagboek-baskenland-deel-1#breadcrumb\"},\"inLanguage\":\"de\",\"potentialAction\":[{\"@type\":\"ReadAction\",\"target\":[\"https:\\\/\\\/cyclingdestination.cc\\\/verhalen\\\/spanje\\\/dagboek-baskenland-deel-1\"]}]},{\"@type\":\"ImageObject\",\"inLanguage\":\"de\",\"@id\":\"https:\\\/\\\/cyclingdestination.cc\\\/verhalen\\\/spanje\\\/dagboek-baskenland-deel-1#primaryimage\",\"url\":\"https:\\\/\\\/cyclingdestination.cc\\\/wp-content\\\/uploads\\\/2022\\\/05\\\/204575CD-582B-46D3-8AC2-F456CDB4F3AB_1_201_a-scaled.jpeg\",\"contentUrl\":\"https:\\\/\\\/cyclingdestination.cc\\\/wp-content\\\/uploads\\\/2022\\\/05\\\/204575CD-582B-46D3-8AC2-F456CDB4F3AB_1_201_a-scaled.jpeg\",\"width\":2560,\"height\":1440,\"caption\":\"cyclingdestination, baskenland, pais vasco, etxeondo, fiets, wielrennen, cycling, basque country\"},{\"@type\":\"BreadcrumbList\",\"@id\":\"https:\\\/\\\/cyclingdestination.cc\\\/verhalen\\\/spanje\\\/dagboek-baskenland-deel-1#breadcrumb\",\"itemListElement\":[{\"@type\":\"ListItem\",\"position\":1,\"name\":\"Home\",\"item\":\"https:\\\/\\\/cyclingdestination.cc\\\/\"},{\"@type\":\"ListItem\",\"position\":2,\"name\":\"Dagboek Baskenland deel 1\"}]},{\"@type\":\"WebSite\",\"@id\":\"https:\\\/\\\/cyclingdestination.cc\\\/#website\",\"url\":\"https:\\\/\\\/cyclingdestination.cc\\\/\",\"name\":\"Cycling Destination\",\"description\":\"Inspiratie voor jouw volgende fietsavontuur\",\"publisher\":{\"@id\":\"https:\\\/\\\/cyclingdestination.cc\\\/#organization\"},\"potentialAction\":[{\"@type\":\"SearchAction\",\"target\":{\"@type\":\"EntryPoint\",\"urlTemplate\":\"https:\\\/\\\/cyclingdestination.cc\\\/?s={search_term_string}\"},\"query-input\":{\"@type\":\"PropertyValueSpecification\",\"valueRequired\":true,\"valueName\":\"search_term_string\"}}],\"inLanguage\":\"de\"},{\"@type\":\"Organization\",\"@id\":\"https:\\\/\\\/cyclingdestination.cc\\\/#organization\",\"name\":\"Cycling Destination\",\"url\":\"https:\\\/\\\/cyclingdestination.cc\\\/\",\"logo\":{\"@type\":\"ImageObject\",\"inLanguage\":\"de\",\"@id\":\"https:\\\/\\\/cyclingdestination.cc\\\/#\\\/schema\\\/logo\\\/image\\\/\",\"url\":\"https:\\\/\\\/cyclingdestination.cc\\\/wp-content\\\/uploads\\\/2022\\\/01\\\/cyclingdestination_logo_RGB_zwart_vDEF-1.png\",\"contentUrl\":\"https:\\\/\\\/cyclingdestination.cc\\\/wp-content\\\/uploads\\\/2022\\\/01\\\/cyclingdestination_logo_RGB_zwart_vDEF-1.png\",\"width\":2550,\"height\":814,\"caption\":\"Cycling Destination\"},\"image\":{\"@id\":\"https:\\\/\\\/cyclingdestination.cc\\\/#\\\/schema\\\/logo\\\/image\\\/\"},\"sameAs\":[\"https:\\\/\\\/www.facebook.com\\\/cyclingdestination.cc\",\"https:\\\/\\\/x.com\\\/cyclingdestin\",\"https:\\\/\\\/www.instagram.com\\\/cyclingdestination.cc\\\/\"]},{\"@type\":\"Person\",\"@id\":\"https:\\\/\\\/cyclingdestination.cc\\\/#\\\/schema\\\/person\\\/d8be1d6ea48cbeb775e9ea6b57e54a7d\",\"name\":\"Sander\",\"url\":\"https:\\\/\\\/cyclingdestination.cc\\\/de\\\/author\\\/admin\"}]}<\/script>\n<!-- \/ Yoast SEO plugin. -->","yoast_head_json":{"title":"Baskenland-Tagebuch Teil 1 - Radreiseziel","description":"In unserem Baskenland-Tagebuch, Teil 1, nehmen wir Sie in Zusammenarbeit mit Etxeondo mit auf ein Abenteuer durch das Baskenland. Routen und sch\u00f6ne Orte, alles ist dabei","robots":{"index":"index","follow":"follow","max-snippet":"max-snippet:-1","max-image-preview":"max-image-preview:large","max-video-preview":"max-video-preview:-1"},"canonical":"https:\/\/cyclingdestination.cc\/de\/verhalen\/spanje\/dagboek-baskenland-deel-1\/","og_locale":"de_DE","og_type":"article","og_title":"Dagboek Baskenland deel 1 - Cycling Destination","og_description":"In ons dagboek baskenland deel 1 nemen we je mee op avontuur door Baskenland i.s.m. Etxeondo. Routes en mooie plekken, alles staat erin","og_url":"https:\/\/cyclingdestination.cc\/de\/verhalen\/spanje\/dagboek-baskenland-deel-1\/","og_site_name":"Cycling Destination","article_publisher":"https:\/\/www.facebook.com\/cyclingdestination.cc","article_published_time":"2022-05-22T21:06:59+00:00","article_modified_time":"2025-02-17T20:25:06+00:00","og_image":[{"width":2560,"height":1440,"url":"https:\/\/cyclingdestination.cc\/wp-content\/uploads\/2022\/05\/204575CD-582B-46D3-8AC2-F456CDB4F3AB_1_201_a-scaled.jpeg","type":"image\/jpeg"}],"author":"Sander","twitter_card":"summary_large_image","twitter_creator":"@cyclingdestin","twitter_site":"@cyclingdestin","twitter_misc":{"Verfasst von":"Sander","Gesch\u00e4tzte Lesezeit":"6\u00a0Minuten"},"schema":{"@context":"https:\/\/schema.org","@graph":[{"@type":"Article","@id":"https:\/\/cyclingdestination.cc\/verhalen\/spanje\/dagboek-baskenland-deel-1#article","isPartOf":{"@id":"https:\/\/cyclingdestination.cc\/verhalen\/spanje\/dagboek-baskenland-deel-1"},"author":{"name":"Sander","@id":"https:\/\/cyclingdestination.cc\/#\/schema\/person\/d8be1d6ea48cbeb775e9ea6b57e54a7d"},"headline":"Dagboek Baskenland deel 1","datePublished":"2022-05-22T21:06:59+00:00","dateModified":"2025-02-17T20:25:06+00:00","mainEntityOfPage":{"@id":"https:\/\/cyclingdestination.cc\/verhalen\/spanje\/dagboek-baskenland-deel-1"},"wordCount":756,"commentCount":0,"publisher":{"@id":"https:\/\/cyclingdestination.cc\/#organization"},"image":{"@id":"https:\/\/cyclingdestination.cc\/verhalen\/spanje\/dagboek-baskenland-deel-1#primaryimage"},"thumbnailUrl":"https:\/\/cyclingdestination.cc\/wp-content\/uploads\/2022\/05\/204575CD-582B-46D3-8AC2-F456CDB4F3AB_1_201_a-scaled.jpeg","articleSection":["Spanje","Verhalen"],"inLanguage":"de","potentialAction":[{"@type":"CommentAction","name":"Comment","target":["https:\/\/cyclingdestination.cc\/verhalen\/spanje\/dagboek-baskenland-deel-1#respond"]}]},{"@type":"WebPage","@id":"https:\/\/cyclingdestination.cc\/verhalen\/spanje\/dagboek-baskenland-deel-1","url":"https:\/\/cyclingdestination.cc\/verhalen\/spanje\/dagboek-baskenland-deel-1","name":"Baskenland-Tagebuch Teil 1 - Radreiseziel","isPartOf":{"@id":"https:\/\/cyclingdestination.cc\/#website"},"primaryImageOfPage":{"@id":"https:\/\/cyclingdestination.cc\/verhalen\/spanje\/dagboek-baskenland-deel-1#primaryimage"},"image":{"@id":"https:\/\/cyclingdestination.cc\/verhalen\/spanje\/dagboek-baskenland-deel-1#primaryimage"},"thumbnailUrl":"https:\/\/cyclingdestination.cc\/wp-content\/uploads\/2022\/05\/204575CD-582B-46D3-8AC2-F456CDB4F3AB_1_201_a-scaled.jpeg","datePublished":"2022-05-22T21:06:59+00:00","dateModified":"2025-02-17T20:25:06+00:00","description":"In unserem Baskenland-Tagebuch, Teil 1, nehmen wir Sie in Zusammenarbeit mit Etxeondo mit auf ein Abenteuer durch das Baskenland. Routen und sch\u00f6ne Orte, alles ist dabei","breadcrumb":{"@id":"https:\/\/cyclingdestination.cc\/verhalen\/spanje\/dagboek-baskenland-deel-1#breadcrumb"},"inLanguage":"de","potentialAction":[{"@type":"ReadAction","target":["https:\/\/cyclingdestination.cc\/verhalen\/spanje\/dagboek-baskenland-deel-1"]}]},{"@type":"ImageObject","inLanguage":"de","@id":"https:\/\/cyclingdestination.cc\/verhalen\/spanje\/dagboek-baskenland-deel-1#primaryimage","url":"https:\/\/cyclingdestination.cc\/wp-content\/uploads\/2022\/05\/204575CD-582B-46D3-8AC2-F456CDB4F3AB_1_201_a-scaled.jpeg","contentUrl":"https:\/\/cyclingdestination.cc\/wp-content\/uploads\/2022\/05\/204575CD-582B-46D3-8AC2-F456CDB4F3AB_1_201_a-scaled.jpeg","width":2560,"height":1440,"caption":"cyclingdestination, baskenland, pais vasco, etxeondo, fiets, wielrennen, cycling, basque country"},{"@type":"BreadcrumbList","@id":"https:\/\/cyclingdestination.cc\/verhalen\/spanje\/dagboek-baskenland-deel-1#breadcrumb","itemListElement":[{"@type":"ListItem","position":1,"name":"Home","item":"https:\/\/cyclingdestination.cc\/"},{"@type":"ListItem","position":2,"name":"Dagboek Baskenland deel 1"}]},{"@type":"WebSite","@id":"https:\/\/cyclingdestination.cc\/#website","url":"https:\/\/cyclingdestination.cc\/","name":"Ziel Radfahren","description":"Inspiration f\u00fcr Ihr n\u00e4chstes Fahrradabenteuer","publisher":{"@id":"https:\/\/cyclingdestination.cc\/#organization"},"potentialAction":[{"@type":"SearchAction","target":{"@type":"EntryPoint","urlTemplate":"https:\/\/cyclingdestination.cc\/?s={search_term_string}"},"query-input":{"@type":"PropertyValueSpecification","valueRequired":true,"valueName":"search_term_string"}}],"inLanguage":"de"},{"@type":"Organization","@id":"https:\/\/cyclingdestination.cc\/#organization","name":"Ziel Radfahren","url":"https:\/\/cyclingdestination.cc\/","logo":{"@type":"ImageObject","inLanguage":"de","@id":"https:\/\/cyclingdestination.cc\/#\/schema\/logo\/image\/","url":"https:\/\/cyclingdestination.cc\/wp-content\/uploads\/2022\/01\/cyclingdestination_logo_RGB_zwart_vDEF-1.png","contentUrl":"https:\/\/cyclingdestination.cc\/wp-content\/uploads\/2022\/01\/cyclingdestination_logo_RGB_zwart_vDEF-1.png","width":2550,"height":814,"caption":"Cycling Destination"},"image":{"@id":"https:\/\/cyclingdestination.cc\/#\/schema\/logo\/image\/"},"sameAs":["https:\/\/www.facebook.com\/cyclingdestination.cc","https:\/\/x.com\/cyclingdestin","https:\/\/www.instagram.com\/cyclingdestination.cc\/"]},{"@type":"Person","@id":"https:\/\/cyclingdestination.cc\/#\/schema\/person\/d8be1d6ea48cbeb775e9ea6b57e54a7d","name":"Sander","url":"https:\/\/cyclingdestination.cc\/de\/author\/admin"}]}},"_links":{"self":[{"href":"https:\/\/cyclingdestination.cc\/de\/wp-json\/wp\/v2\/posts\/6636","targetHints":{"allow":["GET"]}}],"collection":[{"href":"https:\/\/cyclingdestination.cc\/de\/wp-json\/wp\/v2\/posts"}],"about":[{"href":"https:\/\/cyclingdestination.cc\/de\/wp-json\/wp\/v2\/types\/post"}],"author":[{"embeddable":true,"href":"https:\/\/cyclingdestination.cc\/de\/wp-json\/wp\/v2\/users\/1"}],"replies":[{"embeddable":true,"href":"https:\/\/cyclingdestination.cc\/de\/wp-json\/wp\/v2\/comments?post=6636"}],"version-history":[{"count":0,"href":"https:\/\/cyclingdestination.cc\/de\/wp-json\/wp\/v2\/posts\/6636\/revisions"}],"wp:featuredmedia":[{"embeddable":true,"href":"https:\/\/cyclingdestination.cc\/de\/wp-json\/wp\/v2\/media\/6647"}],"wp:attachment":[{"href":"https:\/\/cyclingdestination.cc\/de\/wp-json\/wp\/v2\/media?parent=6636"}],"wp:term":[{"taxonomy":"category","embeddable":true,"href":"https:\/\/cyclingdestination.cc\/de\/wp-json\/wp\/v2\/categories?post=6636"},{"taxonomy":"post_tag","embeddable":true,"href":"https:\/\/cyclingdestination.cc\/de\/wp-json\/wp\/v2\/tags?post=6636"}],"curies":[{"name":"wp","href":"https:\/\/api.w.org\/{rel}","templated":true}]}}