{"id":6692,"date":"2022-05-23T21:06:39","date_gmt":"2022-05-23T21:06:39","guid":{"rendered":"https:\/\/cyclingdestination.cc\/?p=6692"},"modified":"2025-02-17T21:27:45","modified_gmt":"2025-02-17T20:27:45","slug":"dagboek-baskenland-deel-2","status":"publish","type":"post","link":"https:\/\/cyclingdestination.cc\/de\/verhalen\/dagboek-baskenland-deel-2","title":{"rendered":"Baskenland-Tagebuch Teil 2: Spielen in Haimars Hinterhof"},"content":{"rendered":"<p>Beim Radfahren im Baskenland wird eines immer auffallen. Hier ist es gr\u00fcn. Gr\u00fcn bedeutet normalerweise, dass es regnet. Im Fall der Region Euskadi regnet es hier oft. Das Wetter kann auch pl\u00f6tzlich umschlagen. Im einen Moment f\u00e4hrt man im Schatten, dann in der prallen Sonne, bevor der Wind auffrischt und ein Regenschauer einsetzt. Das macht den Charme der Region aus, und die Landschaft ist wundersch\u00f6n anzuschauen. Wir machen uns auf den Weg in Haimars Hinterhof, entlang der K\u00fcste in Richtung Donostia\", um schlie\u00dflich in Tolosa zu landen. Hier schl\u00e4gt das Herz von <a href=\"http:\/\/www.etxeondo.com\/nl\">Etxeondo<\/a>. Wir sind heute mit dem Fahrrad in dieser sch\u00f6nen Region unterwegs. Dies ist  <a href=\"https:\/\/cyclingdestination.cc\/de\/verhalen\/spanje\/dagboek-baskenland-deel-1\/\">Baskenland-Tagebuch<\/a> Teil 2.<\/p>\n\n\n\n<figure class=\"wp-block-gallery has-nested-images columns-default is-cropped wp-block-gallery-1 is-layout-flex wp-block-gallery-is-layout-flex\">\n<figure class=\"wp-block-image size-large\"><img fetchpriority=\"high\" decoding=\"async\" width=\"576\" height=\"1024\" data-id=\"6703\" src=\"https:\/\/cyclingdestination.cc\/wp-content\/uploads\/2022\/05\/DSCF4958-576x1024.jpg\" alt=\"\" class=\"wp-image-6703\" srcset=\"https:\/\/cyclingdestination.cc\/wp-content\/uploads\/2022\/05\/DSCF4958-576x1024.jpg 576w, https:\/\/cyclingdestination.cc\/wp-content\/uploads\/2022\/05\/DSCF4958-169x300.jpg 169w, https:\/\/cyclingdestination.cc\/wp-content\/uploads\/2022\/05\/DSCF4958-768x1365.jpg 768w, https:\/\/cyclingdestination.cc\/wp-content\/uploads\/2022\/05\/DSCF4958-864x1536.jpg 864w, https:\/\/cyclingdestination.cc\/wp-content\/uploads\/2022\/05\/DSCF4958-1152x2048.jpg 1152w, https:\/\/cyclingdestination.cc\/wp-content\/uploads\/2022\/05\/DSCF4958-scaled.jpg 1440w\" sizes=\"(max-width: 576px) 100vw, 576px\" \/><\/figure>\n\n\n\n<figure class=\"wp-block-image size-large\"><img decoding=\"async\" width=\"576\" height=\"1024\" data-id=\"6704\" src=\"https:\/\/cyclingdestination.cc\/wp-content\/uploads\/2022\/05\/DSCF4925-576x1024.jpg\" alt=\"Radfahren im Baskenland, Baskenland, \" class=\"wp-image-6704\" srcset=\"https:\/\/cyclingdestination.cc\/wp-content\/uploads\/2022\/05\/DSCF4925-576x1024.jpg 576w, https:\/\/cyclingdestination.cc\/wp-content\/uploads\/2022\/05\/DSCF4925-169x300.jpg 169w, https:\/\/cyclingdestination.cc\/wp-content\/uploads\/2022\/05\/DSCF4925-768x1365.jpg 768w, https:\/\/cyclingdestination.cc\/wp-content\/uploads\/2022\/05\/DSCF4925-864x1536.jpg 864w, https:\/\/cyclingdestination.cc\/wp-content\/uploads\/2022\/05\/DSCF4925-1152x2048.jpg 1152w, https:\/\/cyclingdestination.cc\/wp-content\/uploads\/2022\/05\/DSCF4925-scaled.jpg 1440w\" sizes=\"(max-width: 576px) 100vw, 576px\" \/><figcaption class=\"wp-element-caption\">Typisch baskisches Land<\/figcaption><\/figure>\n\n\n\n<figure class=\"wp-block-image size-large\"><img decoding=\"async\" width=\"576\" height=\"1024\" data-id=\"6705\" src=\"https:\/\/cyclingdestination.cc\/wp-content\/uploads\/2022\/05\/DSCF4921-576x1024.jpg\" alt=\"Baskenland, K\u00fcstenstra\u00dfe\" class=\"wp-image-6705\" srcset=\"https:\/\/cyclingdestination.cc\/wp-content\/uploads\/2022\/05\/DSCF4921-576x1024.jpg 576w, https:\/\/cyclingdestination.cc\/wp-content\/uploads\/2022\/05\/DSCF4921-169x300.jpg 169w, https:\/\/cyclingdestination.cc\/wp-content\/uploads\/2022\/05\/DSCF4921-768x1365.jpg 768w, https:\/\/cyclingdestination.cc\/wp-content\/uploads\/2022\/05\/DSCF4921-864x1536.jpg 864w, https:\/\/cyclingdestination.cc\/wp-content\/uploads\/2022\/05\/DSCF4921-1152x2048.jpg 1152w, https:\/\/cyclingdestination.cc\/wp-content\/uploads\/2022\/05\/DSCF4921-scaled.jpg 1440w\" sizes=\"(max-width: 576px) 100vw, 576px\" \/><figcaption class=\"wp-element-caption\">Die K\u00fcstenstra\u00dfe bei Gametxo<\/figcaption><\/figure>\n<\/figure>\n\n\n\n<h2 class=\"wp-block-heading\">Entlang der K\u00fcste<\/h2>\n\n\n\n<p>Eine magere Sonne zeigt sich gelegentlich hinter der Wolkendecke. Die 15-k\u00f6pfige Gruppe, die extra f\u00fcr diese Woche in eine gr\u00fcn-gelbe Kombi gekleidet ist, reitet sch\u00f6n hintereinander. Links das Meer, rechts ein gr\u00fcnes Deck aus B\u00e4umen, Str\u00e4uchern und ein St\u00fcck weiter die H\u00fcgel und Berge des Baskenlandes. An der Spitze steht immer der Lokalmatador Haimar. Er kennt die Region, die Anstiege und ist auch nach f\u00fcnf Jahren in seiner aktiven Karriere noch sehr fit. Wenn es sein m\u00fcsste, k\u00f6nnte er in k\u00fcrzester Zeit wieder auf sein Rad steigen. Noch einmal: Das Terrain ist keinen Meter flach. Kein Wunder, dass die meisten baskischen Fahrer in den Bergen einen guten Start hinlegen.&nbsp;<\/p>\n\n\n\n<figure class=\"wp-block-gallery has-nested-images columns-default is-cropped wp-block-gallery-2 is-layout-flex wp-block-gallery-is-layout-flex\">\n<figure class=\"wp-block-image size-large\"><img loading=\"lazy\" decoding=\"async\" width=\"576\" height=\"1024\" data-id=\"6712\" src=\"https:\/\/cyclingdestination.cc\/wp-content\/uploads\/2022\/05\/DSCF4964-1-576x1024.jpg\" alt=\"Baskenland-Tagebuch, Radfahren im Baskenland\" class=\"wp-image-6712\" srcset=\"https:\/\/cyclingdestination.cc\/wp-content\/uploads\/2022\/05\/DSCF4964-1-576x1024.jpg 576w, https:\/\/cyclingdestination.cc\/wp-content\/uploads\/2022\/05\/DSCF4964-1-169x300.jpg 169w, https:\/\/cyclingdestination.cc\/wp-content\/uploads\/2022\/05\/DSCF4964-1-768x1365.jpg 768w, https:\/\/cyclingdestination.cc\/wp-content\/uploads\/2022\/05\/DSCF4964-1-864x1536.jpg 864w, https:\/\/cyclingdestination.cc\/wp-content\/uploads\/2022\/05\/DSCF4964-1-1152x2048.jpg 1152w, https:\/\/cyclingdestination.cc\/wp-content\/uploads\/2022\/05\/DSCF4964-1-scaled.jpg 1440w\" sizes=\"(max-width: 576px) 100vw, 576px\" \/><figcaption class=\"wp-element-caption\">Der Golf von Biskaya im Hintergrund<\/figcaption><\/figure>\n\n\n\n<figure class=\"wp-block-image size-large\"><img loading=\"lazy\" decoding=\"async\" width=\"576\" height=\"1024\" data-id=\"6711\" src=\"https:\/\/cyclingdestination.cc\/wp-content\/uploads\/2022\/05\/DSCF4915-2-576x1024.jpg\" alt=\"\" class=\"wp-image-6711\" srcset=\"https:\/\/cyclingdestination.cc\/wp-content\/uploads\/2022\/05\/DSCF4915-2-576x1024.jpg 576w, https:\/\/cyclingdestination.cc\/wp-content\/uploads\/2022\/05\/DSCF4915-2-169x300.jpg 169w, https:\/\/cyclingdestination.cc\/wp-content\/uploads\/2022\/05\/DSCF4915-2-768x1365.jpg 768w, https:\/\/cyclingdestination.cc\/wp-content\/uploads\/2022\/05\/DSCF4915-2-864x1536.jpg 864w, https:\/\/cyclingdestination.cc\/wp-content\/uploads\/2022\/05\/DSCF4915-2-1152x2048.jpg 1152w, https:\/\/cyclingdestination.cc\/wp-content\/uploads\/2022\/05\/DSCF4915-2-scaled.jpg 1440w\" sizes=\"(max-width: 576px) 100vw, 576px\" \/><figcaption class=\"wp-element-caption\">Stylische Outfits f\u00fcr diese Reise<\/figcaption><\/figure>\n<\/figure>\n\n\n\n<h3 class=\"wp-block-heading\">Fans des Radsports<\/h3>\n\n\n\n<p>Die M\u00e4nner, die uns von der Seite unverst\u00e4ndliche Rufe zurufen, sind meist begeistert. Eine Gruppe von gleich gekleideten Reitern, die fast alle den gleichen Helm tragen. Das m\u00fcssen Spitzenfahrer sein, haben sie sich wohl gedacht. Je weiter wir auf der fast 130 Kilometer langen Strecke fahren, desto \u00f6fter feuern uns Gruppen \u00e4lterer, aber auch j\u00fcngerer Basken an. Der Radsport ist hier sehr lebendig. Das kann man bei einem Rennen wie der Clasica San Sebastian sehen. An den verschiedenen Anstiegen feuern dann viele begeisterte Radsportfans die Fahrer an. Nat\u00fcrlich mit der typisch baskischen Fahne schwenkend. <\/p>\n\n\n\n<figure class=\"wp-block-gallery has-nested-images columns-default is-cropped wp-block-gallery-3 is-layout-flex wp-block-gallery-is-layout-flex\">\n<figure class=\"wp-block-image size-large\"><img loading=\"lazy\" decoding=\"async\" width=\"1024\" height=\"576\" data-id=\"6729\" src=\"https:\/\/cyclingdestination.cc\/wp-content\/uploads\/2022\/05\/IMG_4308-1024x576.jpeg\" alt=\"\" class=\"wp-image-6729\" srcset=\"https:\/\/cyclingdestination.cc\/wp-content\/uploads\/2022\/05\/IMG_4308-1024x576.jpeg 1024w, https:\/\/cyclingdestination.cc\/wp-content\/uploads\/2022\/05\/IMG_4308-300x169.jpeg 300w, https:\/\/cyclingdestination.cc\/wp-content\/uploads\/2022\/05\/IMG_4308-768x432.jpeg 768w, https:\/\/cyclingdestination.cc\/wp-content\/uploads\/2022\/05\/IMG_4308-1536x864.jpeg 1536w, https:\/\/cyclingdestination.cc\/wp-content\/uploads\/2022\/05\/IMG_4308-2048x1152.jpeg 2048w\" sizes=\"(max-width: 1024px) 100vw, 1024px\" \/><\/figure>\n\n\n\n<figure class=\"wp-block-image size-large\"><img loading=\"lazy\" decoding=\"async\" width=\"1024\" height=\"576\" data-id=\"6730\" src=\"https:\/\/cyclingdestination.cc\/wp-content\/uploads\/2022\/05\/IMG_4305-1024x576.jpeg\" alt=\"\" class=\"wp-image-6730\" srcset=\"https:\/\/cyclingdestination.cc\/wp-content\/uploads\/2022\/05\/IMG_4305-1024x576.jpeg 1024w, https:\/\/cyclingdestination.cc\/wp-content\/uploads\/2022\/05\/IMG_4305-300x169.jpeg 300w, https:\/\/cyclingdestination.cc\/wp-content\/uploads\/2022\/05\/IMG_4305-768x432.jpeg 768w, https:\/\/cyclingdestination.cc\/wp-content\/uploads\/2022\/05\/IMG_4305-1536x864.jpeg 1536w, https:\/\/cyclingdestination.cc\/wp-content\/uploads\/2022\/05\/IMG_4305-2048x1152.jpeg 2048w\" sizes=\"(max-width: 1024px) 100vw, 1024px\" \/><\/figure>\n\n\n\n<figure class=\"wp-block-image size-large\"><img loading=\"lazy\" decoding=\"async\" width=\"1024\" height=\"576\" data-id=\"6727\" src=\"https:\/\/cyclingdestination.cc\/wp-content\/uploads\/2022\/05\/IMG_4294-1024x576.jpeg\" alt=\"\" class=\"wp-image-6727\" srcset=\"https:\/\/cyclingdestination.cc\/wp-content\/uploads\/2022\/05\/IMG_4294-1024x576.jpeg 1024w, https:\/\/cyclingdestination.cc\/wp-content\/uploads\/2022\/05\/IMG_4294-300x169.jpeg 300w, https:\/\/cyclingdestination.cc\/wp-content\/uploads\/2022\/05\/IMG_4294-768x432.jpeg 768w, https:\/\/cyclingdestination.cc\/wp-content\/uploads\/2022\/05\/IMG_4294-1536x864.jpeg 1536w, https:\/\/cyclingdestination.cc\/wp-content\/uploads\/2022\/05\/IMG_4294-2048x1151.jpeg 2048w\" sizes=\"(max-width: 1024px) 100vw, 1024px\" \/><\/figure>\n<\/figure>\n\n\n\n<h3 class=\"wp-block-heading\">Weiter nach Zarautz<\/h3>\n\n\n\n<p>Obwohl die heutige Fahrt in Tolosa enden wird, werden wir unterwegs mehrere Orte von einiger Bedeutung besuchen. San Sebastian, das bereits erw\u00e4hnt wurde, ist einer davon. Und der andere? Zarautz, ein Surferparadies und gleichzeitig die Heimatstadt von Zubeldia. Heute ist Zarautz ein Ort, an dem die Immobilienpreise \u00fcberdurchschnittlich hoch sind und an dem sich die Einwohnerzahl (insgesamt \u00fcber 22 000) im Sommer verdreifacht. Der Ort hat eine sch\u00f6ne, aber manchmal auch dunkle Geschichte. Im B\u00fcrgerkrieg von 1936 fiel das Dorf in die H\u00e4nde der herrschenden Ordnung. Repressalien markieren eine schwarze Seite in der Geschichte. Mehr als 40 Jahre sp\u00e4ter ist die Unabh\u00e4ngigkeitsbewegung ETA mehrfach f\u00fcr Todesopfer in dem schicken K\u00fcstenort verantwortlich. Der Kampf f\u00fcr ein unabh\u00e4ngiges Baskenland war hier zu sp\u00fcren. <\/p>\n\n\n\n<figure class=\"wp-block-gallery has-nested-images columns-default is-cropped wp-block-gallery-4 is-layout-flex wp-block-gallery-is-layout-flex\">\n<figure class=\"wp-block-image size-large\"><img loading=\"lazy\" decoding=\"async\" width=\"1024\" height=\"576\" data-id=\"6737\" src=\"https:\/\/cyclingdestination.cc\/wp-content\/uploads\/2022\/05\/IMG_4354-1024x576.jpeg\" alt=\"\" class=\"wp-image-6737\" srcset=\"https:\/\/cyclingdestination.cc\/wp-content\/uploads\/2022\/05\/IMG_4354-1024x576.jpeg 1024w, https:\/\/cyclingdestination.cc\/wp-content\/uploads\/2022\/05\/IMG_4354-300x169.jpeg 300w, https:\/\/cyclingdestination.cc\/wp-content\/uploads\/2022\/05\/IMG_4354-768x432.jpeg 768w, https:\/\/cyclingdestination.cc\/wp-content\/uploads\/2022\/05\/IMG_4354-1536x864.jpeg 1536w, https:\/\/cyclingdestination.cc\/wp-content\/uploads\/2022\/05\/IMG_4354-2048x1152.jpeg 2048w\" sizes=\"(max-width: 1024px) 100vw, 1024px\" \/><\/figure>\n\n\n\n<figure class=\"wp-block-image size-large\"><img loading=\"lazy\" decoding=\"async\" width=\"576\" height=\"1024\" data-id=\"6740\" src=\"https:\/\/cyclingdestination.cc\/wp-content\/uploads\/2022\/05\/IMG_4346-576x1024.jpeg\" alt=\"zarautz, radfahren, haimar, etxeondo\" class=\"wp-image-6740\" srcset=\"https:\/\/cyclingdestination.cc\/wp-content\/uploads\/2022\/05\/IMG_4346-576x1024.jpeg 576w, https:\/\/cyclingdestination.cc\/wp-content\/uploads\/2022\/05\/IMG_4346-169x300.jpeg 169w, https:\/\/cyclingdestination.cc\/wp-content\/uploads\/2022\/05\/IMG_4346-768x1365.jpeg 768w, https:\/\/cyclingdestination.cc\/wp-content\/uploads\/2022\/05\/IMG_4346-864x1536.jpeg 864w, https:\/\/cyclingdestination.cc\/wp-content\/uploads\/2022\/05\/IMG_4346-1152x2048.jpeg 1152w, https:\/\/cyclingdestination.cc\/wp-content\/uploads\/2022\/05\/IMG_4346-scaled.jpeg 1440w\" sizes=\"(max-width: 576px) 100vw, 576px\" \/><figcaption class=\"wp-element-caption\">In Zarautz<\/figcaption><\/figure>\n\n\n\n<figure class=\"wp-block-image size-large\"><img loading=\"lazy\" decoding=\"async\" width=\"1024\" height=\"576\" data-id=\"6735\" src=\"https:\/\/cyclingdestination.cc\/wp-content\/uploads\/2022\/05\/IMG_4343-1024x576.jpeg\" alt=\"\" class=\"wp-image-6735\" srcset=\"https:\/\/cyclingdestination.cc\/wp-content\/uploads\/2022\/05\/IMG_4343-1024x576.jpeg 1024w, https:\/\/cyclingdestination.cc\/wp-content\/uploads\/2022\/05\/IMG_4343-300x169.jpeg 300w, https:\/\/cyclingdestination.cc\/wp-content\/uploads\/2022\/05\/IMG_4343-768x432.jpeg 768w, https:\/\/cyclingdestination.cc\/wp-content\/uploads\/2022\/05\/IMG_4343-1536x864.jpeg 1536w, https:\/\/cyclingdestination.cc\/wp-content\/uploads\/2022\/05\/IMG_4343-2048x1152.jpeg 2048w\" sizes=\"(max-width: 1024px) 100vw, 1024px\" \/><\/figure>\n<\/figure>\n\n\n\n<h2 class=\"wp-block-heading\">Solides Klettern<\/h2>\n\n\n\n<p>W\u00e4hrend die Route anfangs noch h\u00fcgelig ist, wird die Stra\u00dfe immer steiler. Je n\u00e4her wir Zarautz kommen, desto \u00f6fter m\u00fcssen wir wirklich aus dem Sattel, um aufzusteigen. Gleich nach Deba kommt die erste Herausforderung: der Anstieg nach Itziar. Fast f\u00fcnf Kilometer bergauf mit fast f\u00fcnf Prozent. Die Beine f\u00fchlen sich noch nicht so an, wie sie sollten, aber Meisterfahrer (Aitor) van den Boogaard kommt zur Rettung. Ein straffes Tempo und eine gute Moral sorgen f\u00fcr einen sch\u00f6nen Abschluss am Gipfel. Wir fahren weiter und nach etwa zehn Kilometern sehe ich das Schild 'Zarautz 7 km'. Wir sind fast am Ziel. Ich hatte nicht mit der Linkskurve und dem damit verbundenen sofortigen Anstieg des Stra\u00dfenbelags gerechnet. Es ist der Meagas-Anstieg, wieder 4,5 Kilometer mit durchschnittlich fast f\u00fcnf Prozent. Die Belohnung ist ein atemberaubender Blick \u00fcber die Bucht von Getaria. Das ist Genuss pur<\/p>\n\n\n\n<figure class=\"wp-block-gallery has-nested-images columns-default is-cropped wp-block-gallery-5 is-layout-flex wp-block-gallery-is-layout-flex\">\n<figure class=\"wp-block-image size-large\"><img loading=\"lazy\" decoding=\"async\" width=\"1024\" height=\"768\" data-id=\"6715\" src=\"https:\/\/cyclingdestination.cc\/wp-content\/uploads\/2022\/05\/IMG_7842-1024x768.jpeg\" alt=\"sander, radfahren, etxeondo, klettern, zarautz, donostia, baskenland, euskadia, pais vasco\" class=\"wp-image-6715\" srcset=\"https:\/\/cyclingdestination.cc\/wp-content\/uploads\/2022\/05\/IMG_7842-1024x768.jpeg 1024w, https:\/\/cyclingdestination.cc\/wp-content\/uploads\/2022\/05\/IMG_7842-300x225.jpeg 300w, https:\/\/cyclingdestination.cc\/wp-content\/uploads\/2022\/05\/IMG_7842-768x576.jpeg 768w, https:\/\/cyclingdestination.cc\/wp-content\/uploads\/2022\/05\/IMG_7842-1536x1152.jpeg 1536w, https:\/\/cyclingdestination.cc\/wp-content\/uploads\/2022\/05\/IMG_7842-2048x1536.jpeg 2048w\" sizes=\"(max-width: 1024px) 100vw, 1024px\" \/><figcaption class=\"wp-element-caption\">Klettern ist das Codewort im Baskenland<\/figcaption><\/figure>\n\n\n\n<figure class=\"wp-block-image size-large\"><img loading=\"lazy\" decoding=\"async\" width=\"2560\" height=\"1440\" data-id=\"6736\" src=\"https:\/\/cyclingdestination.cc\/wp-content\/uploads\/2022\/05\/IMG_4350-scaled.jpeg\" alt=\"radfahren, chamber1, san sebastian, donostia, radfahren, baskische radkultur, radfahren, klettern, klettern\" class=\"wp-image-6736\" srcset=\"https:\/\/cyclingdestination.cc\/wp-content\/uploads\/2022\/05\/IMG_4350-scaled.jpeg 2560w, https:\/\/cyclingdestination.cc\/wp-content\/uploads\/2022\/05\/IMG_4350-300x169.jpeg 300w, https:\/\/cyclingdestination.cc\/wp-content\/uploads\/2022\/05\/IMG_4350-1024x576.jpeg 1024w, https:\/\/cyclingdestination.cc\/wp-content\/uploads\/2022\/05\/IMG_4350-768x432.jpeg 768w, https:\/\/cyclingdestination.cc\/wp-content\/uploads\/2022\/05\/IMG_4350-1536x864.jpeg 1536w, https:\/\/cyclingdestination.cc\/wp-content\/uploads\/2022\/05\/IMG_4350-2048x1152.jpeg 2048w\" sizes=\"(max-width: 2560px) 100vw, 2560px\" \/><figcaption class=\"wp-element-caption\">Steile K\u00fcstenstra\u00dfen<\/figcaption><\/figure>\n<\/figure>\n\n\n\n<h3 class=\"wp-block-heading\">Die Route der Clasica San Sebastian<\/h3>\n\n\n\n<p>Mehrere Radfahrer schlie\u00dfen sich uns fr\u00fcher am Tag an. Darunter auch Haimars Freund Borja, 'Abusman', und in Zarautz bekommen wir Verst\u00e4rkung. Florus, ein niederl\u00e4ndischer Freund, hat sich bereit erkl\u00e4rt, mit uns nach Donostia zu fahren. Er wohnt in Zarautz und kennt die Gegend inzwischen recht gut. Das ist das Sch\u00f6ne am Radfahren und an dieser Reise. Jeder kann sich einbringen und die Atmosph\u00e4re in der Gruppe und auf der Stra\u00dfe ist eigentlich perfekt. Apropos Stra\u00dfe: Die spanische Stra\u00dfenbaubeh\u00f6rde hat manchmal etwas zu tun. Als wir von Zarautz aus das n\u00e4chste Dorf Orio erreichen, erwartet uns das sch\u00f6ne Igeldo. Von der Stra\u00dfenoberfl\u00e4che her ist es machbar, aber von der Steigung her ist es ein echter Wadenbei\u00dfer. Unregelm\u00e4\u00dfig mit Prozents\u00e4tzen von fast zehn Prozent. Es ist ein hartes St\u00fcck Arbeit, aber oben angekommen, erwartet uns die relativ lange Abfahrt nach San Sebastian. Der versprochene Kaffee muss warten, aber der Blick auf den Boulevard entsch\u00e4digt f\u00fcr vieles.<\/p>\n\n\n\n<figure class=\"wp-block-gallery has-nested-images columns-default is-cropped wp-block-gallery-6 is-layout-flex wp-block-gallery-is-layout-flex\">\n<figure class=\"wp-block-image size-large\"><img loading=\"lazy\" decoding=\"async\" width=\"576\" height=\"1024\" data-id=\"6721\" src=\"https:\/\/cyclingdestination.cc\/wp-content\/uploads\/2022\/05\/DSCF4909-1-576x1024.jpg\" alt=\"\" class=\"wp-image-6721\" srcset=\"https:\/\/cyclingdestination.cc\/wp-content\/uploads\/2022\/05\/DSCF4909-1-576x1024.jpg 576w, https:\/\/cyclingdestination.cc\/wp-content\/uploads\/2022\/05\/DSCF4909-1-169x300.jpg 169w, https:\/\/cyclingdestination.cc\/wp-content\/uploads\/2022\/05\/DSCF4909-1-768x1365.jpg 768w, https:\/\/cyclingdestination.cc\/wp-content\/uploads\/2022\/05\/DSCF4909-1-864x1536.jpg 864w, https:\/\/cyclingdestination.cc\/wp-content\/uploads\/2022\/05\/DSCF4909-1-1152x2048.jpg 1152w, https:\/\/cyclingdestination.cc\/wp-content\/uploads\/2022\/05\/DSCF4909-1-scaled.jpg 1440w\" sizes=\"(max-width: 576px) 100vw, 576px\" \/><figcaption class=\"wp-element-caption\">Haimar ist gut gelaunt, wie immer<\/figcaption><\/figure>\n\n\n\n<figure class=\"wp-block-image size-large\"><img loading=\"lazy\" decoding=\"async\" width=\"768\" height=\"1024\" data-id=\"6698\" src=\"https:\/\/cyclingdestination.cc\/wp-content\/uploads\/2022\/05\/DSC01569-768x1024.jpg\" alt=\"\" class=\"wp-image-6698\" srcset=\"https:\/\/cyclingdestination.cc\/wp-content\/uploads\/2022\/05\/DSC01569-768x1024.jpg 768w, https:\/\/cyclingdestination.cc\/wp-content\/uploads\/2022\/05\/DSC01569-225x300.jpg 225w, https:\/\/cyclingdestination.cc\/wp-content\/uploads\/2022\/05\/DSC01569-1152x1536.jpg 1152w, https:\/\/cyclingdestination.cc\/wp-content\/uploads\/2022\/05\/DSC01569-1536x2048.jpg 1536w, https:\/\/cyclingdestination.cc\/wp-content\/uploads\/2022\/05\/DSC01569-scaled.jpg 1920w\" sizes=\"(max-width: 768px) 100vw, 768px\" \/><figcaption class=\"wp-element-caption\">Alles ist fein s\u00e4uberlich verpackt<\/figcaption><\/figure>\n\n\n\n<figure class=\"wp-block-image size-large\"><img loading=\"lazy\" decoding=\"async\" width=\"576\" height=\"1024\" data-id=\"6720\" src=\"https:\/\/cyclingdestination.cc\/wp-content\/uploads\/2022\/05\/DSCF4993-1-576x1024.jpg\" alt=\"\" class=\"wp-image-6720\" srcset=\"https:\/\/cyclingdestination.cc\/wp-content\/uploads\/2022\/05\/DSCF4993-1-576x1024.jpg 576w, https:\/\/cyclingdestination.cc\/wp-content\/uploads\/2022\/05\/DSCF4993-1-169x300.jpg 169w, https:\/\/cyclingdestination.cc\/wp-content\/uploads\/2022\/05\/DSCF4993-1-768x1365.jpg 768w, https:\/\/cyclingdestination.cc\/wp-content\/uploads\/2022\/05\/DSCF4993-1-864x1536.jpg 864w, https:\/\/cyclingdestination.cc\/wp-content\/uploads\/2022\/05\/DSCF4993-1-1152x2048.jpg 1152w, https:\/\/cyclingdestination.cc\/wp-content\/uploads\/2022\/05\/DSCF4993-1-scaled.jpg 1440w\" sizes=\"(max-width: 576px) 100vw, 576px\" \/><figcaption class=\"wp-element-caption\">Abendbrot nach einem langen Tag<\/figcaption><\/figure>\n<\/figure>\n\n\n\n<h2 class=\"wp-block-heading\">Herzlich willkommen<\/h2>\n\n\n\n<p>Etxeondo ist ein echtes Familienunternehmen. Qualit\u00e4t ist hier wichtiger als Schnelligkeit. Paco, der Eigent\u00fcmer, der inzwischen schon \"von Drees abziehen\" k\u00f6nnte, l\u00e4uft immer noch in den B\u00fcros in Tolosa herum. Hier schl\u00e4gt das Herz von Etxe - Ondo, was frei \u00fcbersetzt so viel hei\u00dft wie 'nahe an der Heimat'. So f\u00fchlt es sich auch an. Es f\u00fchlt sich an wie nach Hause kommen. Als wir nach einem immer noch heftigen Anstieg und einer h\u00fcgeligen Stra\u00dfe im Landesinneren ankommen, erwartet uns ein wahres Empfangskomitee. Nachdem der erste Hunger mit einem \u00fcppigen baskischen Buffet gestillt ist (\"M\u00f6chte jemand Wein oder Cidre?\"), gehen wir in die Fabrik. Alle Kleidungsst\u00fccke gehen von hier aus an die Kunden. Der durchschnittliche Arbeiter arbeitet hier nicht ein Jahr lang, sondern l\u00e4nger. Details sind wichtig, aber die Zuverl\u00e4ssigkeit vielleicht noch wichtiger. Es ist ein sch\u00f6nes St\u00fcck Handwerk in der Fahrradindustrie, wo oft noch Masse und schnelles Geld vorherrschen. <\/p>\n\n\n\n<figure class=\"wp-block-gallery has-nested-images columns-default is-cropped wp-block-gallery-7 is-layout-flex wp-block-gallery-is-layout-flex\">\n<figure class=\"wp-block-image size-large\"><img loading=\"lazy\" decoding=\"async\" width=\"1024\" height=\"768\" data-id=\"6695\" src=\"https:\/\/cyclingdestination.cc\/wp-content\/uploads\/2022\/05\/DSC01526-1024x768.jpg\" alt=\"\" class=\"wp-image-6695\" srcset=\"https:\/\/cyclingdestination.cc\/wp-content\/uploads\/2022\/05\/DSC01526-1024x768.jpg 1024w, https:\/\/cyclingdestination.cc\/wp-content\/uploads\/2022\/05\/DSC01526-300x225.jpg 300w, https:\/\/cyclingdestination.cc\/wp-content\/uploads\/2022\/05\/DSC01526-768x576.jpg 768w, https:\/\/cyclingdestination.cc\/wp-content\/uploads\/2022\/05\/DSC01526-1536x1152.jpg 1536w, https:\/\/cyclingdestination.cc\/wp-content\/uploads\/2022\/05\/DSC01526-2048x1536.jpg 2048w\" sizes=\"(max-width: 1024px) 100vw, 1024px\" \/><figcaption class=\"wp-element-caption\">Draht<\/figcaption><\/figure>\n\n\n\n<figure class=\"wp-block-image size-large\"><img loading=\"lazy\" decoding=\"async\" width=\"1024\" height=\"768\" data-id=\"6694\" src=\"https:\/\/cyclingdestination.cc\/wp-content\/uploads\/2022\/05\/DSC01518-1024x768.jpg\" alt=\"Paco, Etxeondo\" class=\"wp-image-6694\" srcset=\"https:\/\/cyclingdestination.cc\/wp-content\/uploads\/2022\/05\/DSC01518-1024x768.jpg 1024w, https:\/\/cyclingdestination.cc\/wp-content\/uploads\/2022\/05\/DSC01518-300x225.jpg 300w, https:\/\/cyclingdestination.cc\/wp-content\/uploads\/2022\/05\/DSC01518-768x576.jpg 768w, https:\/\/cyclingdestination.cc\/wp-content\/uploads\/2022\/05\/DSC01518-1536x1152.jpg 1536w, https:\/\/cyclingdestination.cc\/wp-content\/uploads\/2022\/05\/DSC01518-2048x1536.jpg 2048w\" sizes=\"(max-width: 1024px) 100vw, 1024px\" \/><figcaption class=\"wp-element-caption\">Paco, der Gr\u00fcnder von Etxeondo<\/figcaption><\/figure>\n<\/figure>\n\n\n\n<h2 class=\"wp-block-heading\">Beenden und weitergehen<\/h2>\n\n\n\n<p>Mit nur noch f\u00fcnf Kilometern ist der Tag wie im Fluge vergangen. Das Hotel, ein hei\u00dfes Bad und ein gutes Essen erwarteten uns. Es war ein Tag voller Eindr\u00fccke, aber auch einer, den der durchschnittliche Radtourist sp\u00fcren wird. Die Steigungen, die h\u00fcgelige K\u00fcstenstra\u00dfe und der Mangel an flachen Kilometern. Das ist das Baskenland und das ist auch die Sch\u00f6nheit der Region. Wie geht es also weiter? Morgen ist ein weiterer Tag. <a href=\"https:\/\/cyclingdestination.cc\/de\/verhalen\/fietsen-in-baskenland-tolosa-pamplona\/\">Weiter nach Pamplona, zu den Wurzeln von Miguel Indurain<\/a> Und in die Stadt der Stiere. F\u00fcr jetzt: Eskerrik Asko eta bihar arte!<\/p>\n\n\n\n<p>Lesen Sie auch hier: <a href=\"https:\/\/cyclingdestination.cc\/de\/verhalen\/spanje\/dagboek-baskenland-deel-1\/\">Baskenland-Tagebuch Teil 1<\/a><\/p>\n\n\n\n<iframe src=\"https:\/\/www.komoot.nl\/collection\/1558631\/embed\" width=\"100%\" height=\"580\" frameborder=\"0\" scrolling=\"no\"><\/iframe>","protected":false},"excerpt":{"rendered":"<p>Als je in Baskenland gaat fietsen zal een ding altijd opvallen. Het is hier groen. Groen betekent meestal dat het regent. In het geval van de regio \u2018Euskadi\u2019 regent het hier vaak. Het weer kan ook plotsklaps veranderen. Het ene moment rij je in de schaduw, daarna in de volle zon alvorens de wind opsteekt [&hellip;]<\/p>\n","protected":false},"author":1,"featured_media":6704,"comment_status":"closed","ping_status":"closed","sticky":false,"template":"","format":"standard","meta":{"_acf_changed":false,"iawp_total_views":226,"footnotes":""},"categories":[13,8],"tags":[],"class_list":["post-6692","post","type-post","status-publish","format-standard","has-post-thumbnail","hentry","category-spanje","category-verhalen"],"acf":[],"featured_image_url":{"thumbnail":"https:\/\/cyclingdestination.cc\/wp-content\/uploads\/2022\/05\/DSCF4925-150x150.jpg","medium":"https:\/\/cyclingdestination.cc\/wp-content\/uploads\/2022\/05\/DSCF4925-169x300.jpg","medium_large":"https:\/\/cyclingdestination.cc\/wp-content\/uploads\/2022\/05\/DSCF4925-768x1365.jpg","large":"https:\/\/cyclingdestination.cc\/wp-content\/uploads\/2022\/05\/DSCF4925-576x1024.jpg","1536x1536":"https:\/\/cyclingdestination.cc\/wp-content\/uploads\/2022\/05\/DSCF4925-864x1536.jpg","2048x2048":"https:\/\/cyclingdestination.cc\/wp-content\/uploads\/2022\/05\/DSCF4925-1152x2048.jpg","trp-custom-language-flag":"https:\/\/cyclingdestination.cc\/wp-content\/uploads\/2022\/05\/DSCF4925-scaled.jpg"},"post_author":"Sander","assigned_categories":"Spanje, Verhalen","yoast_head":"<!-- This site is optimized with the Yoast SEO plugin v27.4 - https:\/\/yoast.com\/product\/yoast-seo-wordpress\/ -->\n<title>Dagboek Baskenland deel 2: Zarautz - Cycling Destination<\/title>\n<meta name=\"description\" content=\"Dagboek Baskenland deel 2: fietsen in Haimars achtertuin. Genieten met een grote G. Van de kust naar de bergjes. Prachtig!\" \/>\n<meta name=\"robots\" content=\"index, follow, max-snippet:-1, max-image-preview:large, max-video-preview:-1\" \/>\n<link rel=\"canonical\" href=\"https:\/\/cyclingdestination.cc\/de\/verhalen\/dagboek-baskenland-deel-2\/\" \/>\n<meta property=\"og:locale\" content=\"de_DE\" \/>\n<meta property=\"og:type\" content=\"article\" \/>\n<meta property=\"og:title\" content=\"Dagboek Baskenland deel 2: Zarautz - Cycling Destination\" \/>\n<meta property=\"og:description\" content=\"Dagboek Baskenland deel 2: fietsen in Haimars achtertuin. Genieten met een grote G. Van de kust naar de bergjes. Prachtig!\" \/>\n<meta property=\"og:url\" content=\"https:\/\/cyclingdestination.cc\/de\/verhalen\/dagboek-baskenland-deel-2\/\" \/>\n<meta property=\"og:site_name\" content=\"Cycling Destination\" \/>\n<meta property=\"article:publisher\" content=\"https:\/\/www.facebook.com\/cyclingdestination.cc\" \/>\n<meta property=\"article:published_time\" content=\"2022-05-23T21:06:39+00:00\" \/>\n<meta property=\"article:modified_time\" content=\"2025-02-17T20:27:45+00:00\" \/>\n<meta property=\"og:image\" content=\"https:\/\/cyclingdestination.cc\/wp-content\/uploads\/2022\/05\/DSCF4925-scaled.jpg\" \/>\n\t<meta property=\"og:image:width\" content=\"1440\" \/>\n\t<meta property=\"og:image:height\" content=\"2560\" \/>\n\t<meta property=\"og:image:type\" content=\"image\/jpeg\" \/>\n<meta name=\"author\" content=\"Sander\" \/>\n<meta name=\"twitter:card\" content=\"summary_large_image\" \/>\n<meta name=\"twitter:creator\" content=\"@cyclingdestin\" \/>\n<meta name=\"twitter:site\" content=\"@cyclingdestin\" \/>\n<meta name=\"twitter:label1\" content=\"Verfasst von\" \/>\n\t<meta name=\"twitter:data1\" content=\"Sander\" \/>\n\t<meta name=\"twitter:label2\" content=\"Gesch\u00e4tzte Lesezeit\" \/>\n\t<meta name=\"twitter:data2\" content=\"10\u00a0Minuten\" \/>\n<script type=\"application\/ld+json\" class=\"yoast-schema-graph\">{\"@context\":\"https:\\\/\\\/schema.org\",\"@graph\":[{\"@type\":\"Article\",\"@id\":\"https:\\\/\\\/cyclingdestination.cc\\\/verhalen\\\/dagboek-baskenland-deel-2#article\",\"isPartOf\":{\"@id\":\"https:\\\/\\\/cyclingdestination.cc\\\/verhalen\\\/dagboek-baskenland-deel-2\"},\"author\":{\"name\":\"Sander\",\"@id\":\"https:\\\/\\\/cyclingdestination.cc\\\/#\\\/schema\\\/person\\\/d8be1d6ea48cbeb775e9ea6b57e54a7d\"},\"headline\":\"Dagboek Baskenland deel 2: Spelen in Haimar\u2019s Achtertuin\",\"datePublished\":\"2022-05-23T21:06:39+00:00\",\"dateModified\":\"2025-02-17T20:27:45+00:00\",\"mainEntityOfPage\":{\"@id\":\"https:\\\/\\\/cyclingdestination.cc\\\/verhalen\\\/dagboek-baskenland-deel-2\"},\"wordCount\":1066,\"publisher\":{\"@id\":\"https:\\\/\\\/cyclingdestination.cc\\\/#organization\"},\"image\":{\"@id\":\"https:\\\/\\\/cyclingdestination.cc\\\/verhalen\\\/dagboek-baskenland-deel-2#primaryimage\"},\"thumbnailUrl\":\"https:\\\/\\\/cyclingdestination.cc\\\/wp-content\\\/uploads\\\/2022\\\/05\\\/DSCF4925-scaled.jpg\",\"articleSection\":[\"Spanje\",\"Verhalen\"],\"inLanguage\":\"de\"},{\"@type\":\"WebPage\",\"@id\":\"https:\\\/\\\/cyclingdestination.cc\\\/verhalen\\\/dagboek-baskenland-deel-2\",\"url\":\"https:\\\/\\\/cyclingdestination.cc\\\/verhalen\\\/dagboek-baskenland-deel-2\",\"name\":\"Dagboek Baskenland deel 2: Zarautz - Cycling Destination\",\"isPartOf\":{\"@id\":\"https:\\\/\\\/cyclingdestination.cc\\\/#website\"},\"primaryImageOfPage\":{\"@id\":\"https:\\\/\\\/cyclingdestination.cc\\\/verhalen\\\/dagboek-baskenland-deel-2#primaryimage\"},\"image\":{\"@id\":\"https:\\\/\\\/cyclingdestination.cc\\\/verhalen\\\/dagboek-baskenland-deel-2#primaryimage\"},\"thumbnailUrl\":\"https:\\\/\\\/cyclingdestination.cc\\\/wp-content\\\/uploads\\\/2022\\\/05\\\/DSCF4925-scaled.jpg\",\"datePublished\":\"2022-05-23T21:06:39+00:00\",\"dateModified\":\"2025-02-17T20:27:45+00:00\",\"description\":\"Dagboek Baskenland deel 2: fietsen in Haimars achtertuin. Genieten met een grote G. Van de kust naar de bergjes. Prachtig!\",\"breadcrumb\":{\"@id\":\"https:\\\/\\\/cyclingdestination.cc\\\/verhalen\\\/dagboek-baskenland-deel-2#breadcrumb\"},\"inLanguage\":\"de\",\"potentialAction\":[{\"@type\":\"ReadAction\",\"target\":[\"https:\\\/\\\/cyclingdestination.cc\\\/verhalen\\\/dagboek-baskenland-deel-2\"]}]},{\"@type\":\"ImageObject\",\"inLanguage\":\"de\",\"@id\":\"https:\\\/\\\/cyclingdestination.cc\\\/verhalen\\\/dagboek-baskenland-deel-2#primaryimage\",\"url\":\"https:\\\/\\\/cyclingdestination.cc\\\/wp-content\\\/uploads\\\/2022\\\/05\\\/DSCF4925-scaled.jpg\",\"contentUrl\":\"https:\\\/\\\/cyclingdestination.cc\\\/wp-content\\\/uploads\\\/2022\\\/05\\\/DSCF4925-scaled.jpg\",\"width\":1440,\"height\":2560,\"caption\":\"cycling, fietsen, baskenland, etxeondo, donostia\"},{\"@type\":\"BreadcrumbList\",\"@id\":\"https:\\\/\\\/cyclingdestination.cc\\\/verhalen\\\/dagboek-baskenland-deel-2#breadcrumb\",\"itemListElement\":[{\"@type\":\"ListItem\",\"position\":1,\"name\":\"Home\",\"item\":\"https:\\\/\\\/cyclingdestination.cc\\\/\"},{\"@type\":\"ListItem\",\"position\":2,\"name\":\"Dagboek Baskenland deel 2: Spelen in Haimar\u2019s Achtertuin\"}]},{\"@type\":\"WebSite\",\"@id\":\"https:\\\/\\\/cyclingdestination.cc\\\/#website\",\"url\":\"https:\\\/\\\/cyclingdestination.cc\\\/\",\"name\":\"Cycling Destination\",\"description\":\"Inspiratie voor jouw volgende fietsavontuur\",\"publisher\":{\"@id\":\"https:\\\/\\\/cyclingdestination.cc\\\/#organization\"},\"potentialAction\":[{\"@type\":\"SearchAction\",\"target\":{\"@type\":\"EntryPoint\",\"urlTemplate\":\"https:\\\/\\\/cyclingdestination.cc\\\/?s={search_term_string}\"},\"query-input\":{\"@type\":\"PropertyValueSpecification\",\"valueRequired\":true,\"valueName\":\"search_term_string\"}}],\"inLanguage\":\"de\"},{\"@type\":\"Organization\",\"@id\":\"https:\\\/\\\/cyclingdestination.cc\\\/#organization\",\"name\":\"Cycling Destination\",\"url\":\"https:\\\/\\\/cyclingdestination.cc\\\/\",\"logo\":{\"@type\":\"ImageObject\",\"inLanguage\":\"de\",\"@id\":\"https:\\\/\\\/cyclingdestination.cc\\\/#\\\/schema\\\/logo\\\/image\\\/\",\"url\":\"https:\\\/\\\/cyclingdestination.cc\\\/wp-content\\\/uploads\\\/2022\\\/01\\\/cyclingdestination_logo_RGB_zwart_vDEF-1.png\",\"contentUrl\":\"https:\\\/\\\/cyclingdestination.cc\\\/wp-content\\\/uploads\\\/2022\\\/01\\\/cyclingdestination_logo_RGB_zwart_vDEF-1.png\",\"width\":2550,\"height\":814,\"caption\":\"Cycling Destination\"},\"image\":{\"@id\":\"https:\\\/\\\/cyclingdestination.cc\\\/#\\\/schema\\\/logo\\\/image\\\/\"},\"sameAs\":[\"https:\\\/\\\/www.facebook.com\\\/cyclingdestination.cc\",\"https:\\\/\\\/x.com\\\/cyclingdestin\",\"https:\\\/\\\/www.instagram.com\\\/cyclingdestination.cc\\\/\"]},{\"@type\":\"Person\",\"@id\":\"https:\\\/\\\/cyclingdestination.cc\\\/#\\\/schema\\\/person\\\/d8be1d6ea48cbeb775e9ea6b57e54a7d\",\"name\":\"Sander\",\"url\":\"https:\\\/\\\/cyclingdestination.cc\\\/de\\\/author\\\/admin\"}]}<\/script>\n<!-- \/ Yoast SEO plugin. -->","yoast_head_json":{"title":"Baskenland-Tagebuch Teil 2: Zarautz - Radfahrziel","description":"Baskenland-Tagebuch Teil 2: Radfahren in Haimars Garten. Genuss mit einem gro\u00dfen G. Von der K\u00fcste in die Berge. Wunderbar!","robots":{"index":"index","follow":"follow","max-snippet":"max-snippet:-1","max-image-preview":"max-image-preview:large","max-video-preview":"max-video-preview:-1"},"canonical":"https:\/\/cyclingdestination.cc\/de\/verhalen\/dagboek-baskenland-deel-2\/","og_locale":"de_DE","og_type":"article","og_title":"Dagboek Baskenland deel 2: Zarautz - Cycling Destination","og_description":"Dagboek Baskenland deel 2: fietsen in Haimars achtertuin. Genieten met een grote G. Van de kust naar de bergjes. Prachtig!","og_url":"https:\/\/cyclingdestination.cc\/de\/verhalen\/dagboek-baskenland-deel-2\/","og_site_name":"Cycling Destination","article_publisher":"https:\/\/www.facebook.com\/cyclingdestination.cc","article_published_time":"2022-05-23T21:06:39+00:00","article_modified_time":"2025-02-17T20:27:45+00:00","og_image":[{"width":1440,"height":2560,"url":"https:\/\/cyclingdestination.cc\/wp-content\/uploads\/2022\/05\/DSCF4925-scaled.jpg","type":"image\/jpeg"}],"author":"Sander","twitter_card":"summary_large_image","twitter_creator":"@cyclingdestin","twitter_site":"@cyclingdestin","twitter_misc":{"Verfasst von":"Sander","Gesch\u00e4tzte Lesezeit":"10\u00a0Minuten"},"schema":{"@context":"https:\/\/schema.org","@graph":[{"@type":"Article","@id":"https:\/\/cyclingdestination.cc\/verhalen\/dagboek-baskenland-deel-2#article","isPartOf":{"@id":"https:\/\/cyclingdestination.cc\/verhalen\/dagboek-baskenland-deel-2"},"author":{"name":"Sander","@id":"https:\/\/cyclingdestination.cc\/#\/schema\/person\/d8be1d6ea48cbeb775e9ea6b57e54a7d"},"headline":"Dagboek Baskenland deel 2: Spelen in Haimar\u2019s Achtertuin","datePublished":"2022-05-23T21:06:39+00:00","dateModified":"2025-02-17T20:27:45+00:00","mainEntityOfPage":{"@id":"https:\/\/cyclingdestination.cc\/verhalen\/dagboek-baskenland-deel-2"},"wordCount":1066,"publisher":{"@id":"https:\/\/cyclingdestination.cc\/#organization"},"image":{"@id":"https:\/\/cyclingdestination.cc\/verhalen\/dagboek-baskenland-deel-2#primaryimage"},"thumbnailUrl":"https:\/\/cyclingdestination.cc\/wp-content\/uploads\/2022\/05\/DSCF4925-scaled.jpg","articleSection":["Spanje","Verhalen"],"inLanguage":"de"},{"@type":"WebPage","@id":"https:\/\/cyclingdestination.cc\/verhalen\/dagboek-baskenland-deel-2","url":"https:\/\/cyclingdestination.cc\/verhalen\/dagboek-baskenland-deel-2","name":"Baskenland-Tagebuch Teil 2: Zarautz - Radfahrziel","isPartOf":{"@id":"https:\/\/cyclingdestination.cc\/#website"},"primaryImageOfPage":{"@id":"https:\/\/cyclingdestination.cc\/verhalen\/dagboek-baskenland-deel-2#primaryimage"},"image":{"@id":"https:\/\/cyclingdestination.cc\/verhalen\/dagboek-baskenland-deel-2#primaryimage"},"thumbnailUrl":"https:\/\/cyclingdestination.cc\/wp-content\/uploads\/2022\/05\/DSCF4925-scaled.jpg","datePublished":"2022-05-23T21:06:39+00:00","dateModified":"2025-02-17T20:27:45+00:00","description":"Baskenland-Tagebuch Teil 2: Radfahren in Haimars Garten. Genuss mit einem gro\u00dfen G. Von der K\u00fcste in die Berge. Wunderbar!","breadcrumb":{"@id":"https:\/\/cyclingdestination.cc\/verhalen\/dagboek-baskenland-deel-2#breadcrumb"},"inLanguage":"de","potentialAction":[{"@type":"ReadAction","target":["https:\/\/cyclingdestination.cc\/verhalen\/dagboek-baskenland-deel-2"]}]},{"@type":"ImageObject","inLanguage":"de","@id":"https:\/\/cyclingdestination.cc\/verhalen\/dagboek-baskenland-deel-2#primaryimage","url":"https:\/\/cyclingdestination.cc\/wp-content\/uploads\/2022\/05\/DSCF4925-scaled.jpg","contentUrl":"https:\/\/cyclingdestination.cc\/wp-content\/uploads\/2022\/05\/DSCF4925-scaled.jpg","width":1440,"height":2560,"caption":"cycling, fietsen, baskenland, etxeondo, donostia"},{"@type":"BreadcrumbList","@id":"https:\/\/cyclingdestination.cc\/verhalen\/dagboek-baskenland-deel-2#breadcrumb","itemListElement":[{"@type":"ListItem","position":1,"name":"Home","item":"https:\/\/cyclingdestination.cc\/"},{"@type":"ListItem","position":2,"name":"Dagboek Baskenland deel 2: Spelen in Haimar\u2019s Achtertuin"}]},{"@type":"WebSite","@id":"https:\/\/cyclingdestination.cc\/#website","url":"https:\/\/cyclingdestination.cc\/","name":"Ziel Radfahren","description":"Inspiration f\u00fcr Ihr n\u00e4chstes Fahrradabenteuer","publisher":{"@id":"https:\/\/cyclingdestination.cc\/#organization"},"potentialAction":[{"@type":"SearchAction","target":{"@type":"EntryPoint","urlTemplate":"https:\/\/cyclingdestination.cc\/?s={search_term_string}"},"query-input":{"@type":"PropertyValueSpecification","valueRequired":true,"valueName":"search_term_string"}}],"inLanguage":"de"},{"@type":"Organization","@id":"https:\/\/cyclingdestination.cc\/#organization","name":"Ziel Radfahren","url":"https:\/\/cyclingdestination.cc\/","logo":{"@type":"ImageObject","inLanguage":"de","@id":"https:\/\/cyclingdestination.cc\/#\/schema\/logo\/image\/","url":"https:\/\/cyclingdestination.cc\/wp-content\/uploads\/2022\/01\/cyclingdestination_logo_RGB_zwart_vDEF-1.png","contentUrl":"https:\/\/cyclingdestination.cc\/wp-content\/uploads\/2022\/01\/cyclingdestination_logo_RGB_zwart_vDEF-1.png","width":2550,"height":814,"caption":"Cycling Destination"},"image":{"@id":"https:\/\/cyclingdestination.cc\/#\/schema\/logo\/image\/"},"sameAs":["https:\/\/www.facebook.com\/cyclingdestination.cc","https:\/\/x.com\/cyclingdestin","https:\/\/www.instagram.com\/cyclingdestination.cc\/"]},{"@type":"Person","@id":"https:\/\/cyclingdestination.cc\/#\/schema\/person\/d8be1d6ea48cbeb775e9ea6b57e54a7d","name":"Sander","url":"https:\/\/cyclingdestination.cc\/de\/author\/admin"}]}},"_links":{"self":[{"href":"https:\/\/cyclingdestination.cc\/de\/wp-json\/wp\/v2\/posts\/6692","targetHints":{"allow":["GET"]}}],"collection":[{"href":"https:\/\/cyclingdestination.cc\/de\/wp-json\/wp\/v2\/posts"}],"about":[{"href":"https:\/\/cyclingdestination.cc\/de\/wp-json\/wp\/v2\/types\/post"}],"author":[{"embeddable":true,"href":"https:\/\/cyclingdestination.cc\/de\/wp-json\/wp\/v2\/users\/1"}],"replies":[{"embeddable":true,"href":"https:\/\/cyclingdestination.cc\/de\/wp-json\/wp\/v2\/comments?post=6692"}],"version-history":[{"count":0,"href":"https:\/\/cyclingdestination.cc\/de\/wp-json\/wp\/v2\/posts\/6692\/revisions"}],"wp:featuredmedia":[{"embeddable":true,"href":"https:\/\/cyclingdestination.cc\/de\/wp-json\/wp\/v2\/media\/6704"}],"wp:attachment":[{"href":"https:\/\/cyclingdestination.cc\/de\/wp-json\/wp\/v2\/media?parent=6692"}],"wp:term":[{"taxonomy":"category","embeddable":true,"href":"https:\/\/cyclingdestination.cc\/de\/wp-json\/wp\/v2\/categories?post=6692"},{"taxonomy":"post_tag","embeddable":true,"href":"https:\/\/cyclingdestination.cc\/de\/wp-json\/wp\/v2\/tags?post=6692"}],"curies":[{"name":"wp","href":"https:\/\/api.w.org\/{rel}","templated":true}]}}