{"id":8647,"date":"2022-09-27T21:23:04","date_gmt":"2022-09-27T19:23:04","guid":{"rendered":"https:\/\/cyclingdestination.cc\/?p=8647"},"modified":"2025-03-27T08:43:13","modified_gmt":"2025-03-27T07:43:13","slug":"tips-voor-de-eerste-keer-wielrennen-in-de-bergen","status":"publish","type":"post","link":"https:\/\/cyclingdestination.cc\/de\/tips\/tips-voor-de-eerste-keer-wielrennen-in-de-bergen","title":{"rendered":"Tipps f\u00fcr den Einstieg ins Mountainbiking"},"content":{"rendered":"<p>Die Vorbereitung auf das erste Mal Radfahren in den Bergen kann in unserem kleinen, flachen Land schwierig sein. Aber mit einigen guten Tipps werden Sie es schaffen! In diesem Blog gibt Ihnen unsere Entdeckerin Nynke einige Tipps f\u00fcr das erste Mal Radfahren in den Bergen. Sie erz\u00e4hlt, wie sie sich auf einen Ausflug ins Hochgebirge in Norditalien vorbereitet hat. Wenn du dich dann f\u00fcr die Berge entscheidest, ist das <a href=\"https:\/\/cyclingdestination.cc\/de\/fietsen-in-de-dolomieten\/\">Dolomiten<\/a> auch gleich in die Tat umsetzen. Dies sind die wichtigsten Tipps, wenn Sie zum ersten Mal in den Bergen Rad fahren!<\/p>\n\n\n\n<figure class=\"wp-block-gallery has-nested-images columns-default is-cropped wp-block-gallery-1 is-layout-flex wp-block-gallery-is-layout-flex\">\n<figure class=\"wp-block-image size-large\"><img fetchpriority=\"high\" decoding=\"async\" width=\"1024\" height=\"576\" data-id=\"22572\" src=\"https:\/\/cyclingdestination.cc\/wp-content\/uploads\/2022\/09\/SierraNevada-3-1024x576.jpg\" alt=\"Sierra Nevada, Berge\" class=\"wp-image-22572\" srcset=\"https:\/\/cyclingdestination.cc\/wp-content\/uploads\/2022\/09\/SierraNevada-3-1024x576.jpg 1024w, https:\/\/cyclingdestination.cc\/wp-content\/uploads\/2022\/09\/SierraNevada-3-300x169.jpg 300w, https:\/\/cyclingdestination.cc\/wp-content\/uploads\/2022\/09\/SierraNevada-3-768x432.jpg 768w, https:\/\/cyclingdestination.cc\/wp-content\/uploads\/2022\/09\/SierraNevada-3-1536x864.jpg 1536w, https:\/\/cyclingdestination.cc\/wp-content\/uploads\/2022\/09\/SierraNevada-3-18x10.jpg 18w, https:\/\/cyclingdestination.cc\/wp-content\/uploads\/2022\/09\/SierraNevada-3.jpg 1920w\" sizes=\"(max-width: 1024px) 100vw, 1024px\" \/><figcaption class=\"wp-element-caption\">Nynke in der Sierra Nevada (c) Sander Kolsloot<\/figcaption><\/figure>\n<\/figure>\n\n\n\n<p><em>Text und Fotos: Nynke Cuperus<\/em><\/p>\n\n\n\n<p>Es ist Mitte Mai, als ich gefragt werde, ob ich eine Woche lang als Radreisef\u00fchrer f\u00fcr eine Gruppe begeisterter Singles in der <a href=\"https:\/\/cyclingdestination.cc\/de\/verhalen\/fietsen-in-de-majestueuze-dolomieten\/\">Dolomiten<\/a>. Das muss ich mir nat\u00fcrlich nicht zweimal \u00fcberlegen! Begeistert sage ich ja. Aber es ist schon eine ganze Weile her, dass ich in den Bergen geradelt bin, eine gute Vorbereitung ist also willkommen.&nbsp;<\/p>\n\n\n\n<p>Zu dieser Zeit werde ich einige Fahrten von etwa 100 Kilometern in den Beinen haben, da ich an der 235 Kilometer langen Cycle City Tour teilnehmen werde. Au\u00dferdem steht Mitte August die 115 Kilometer lange Tour-Version der Vuelta an. Kilometer kann ich also gut, aber um H\u00f6henmeter zu trainieren, muss ich mich etwas mehr anstrengen. \u00dcber die <a href=\"https:\/\/cyclingdestination.cc\/de\/verhalen\/de-hel-van-22-de-fietselfstedentocht-door-weer-en-wind\/\">2022 Elfstedentocht<\/a> und was zur H\u00f6lle das war, k\u00f6nnen Sie hier nachlesen.<\/p>\n\n\n\n<figure class=\"wp-block-gallery has-nested-images columns-default is-cropped wp-block-gallery-2 is-layout-flex wp-block-gallery-is-layout-flex\">\n<figure class=\"wp-block-image size-large\"><img decoding=\"async\" width=\"2560\" height=\"1920\" data-id=\"8650\" src=\"https:\/\/cyclingdestination.cc\/wp-content\/uploads\/2022\/09\/ardennen-scaled.jpg\" alt=\"ardennen, radfahren, radfahren in den ardennen, nynke cuperus\" class=\"wp-image-8650\" srcset=\"https:\/\/cyclingdestination.cc\/wp-content\/uploads\/2022\/09\/ardennen-scaled.jpg 2560w, https:\/\/cyclingdestination.cc\/wp-content\/uploads\/2022\/09\/ardennen-300x225.jpg 300w, https:\/\/cyclingdestination.cc\/wp-content\/uploads\/2022\/09\/ardennen-1024x768.jpg 1024w, https:\/\/cyclingdestination.cc\/wp-content\/uploads\/2022\/09\/ardennen-768x576.jpg 768w, https:\/\/cyclingdestination.cc\/wp-content\/uploads\/2022\/09\/ardennen-1536x1152.jpg 1536w, https:\/\/cyclingdestination.cc\/wp-content\/uploads\/2022\/09\/ardennen-2048x1536.jpg 2048w\" sizes=\"(max-width: 2560px) 100vw, 2560px\" \/><\/figure>\n<\/figure>\n\n\n\n<h2 class=\"wp-block-heading\">Wo kann ich in den Niederlanden und Umgebung H\u00f6henmesser herstellen?<\/h2>\n\n\n\n<h3 class=\"wp-block-heading\">Limburg und die Region Voer<\/h3>\n\n\n\n<p>Es ist ratsam, vor dem Radfahren in den Niederlanden einige H\u00f6henmeter zu machen. Dann lernt man, gegen einen Hang zu radeln, was etwas anderes ist als \u00fcber den Deich zu fahren. Wenn man als Vorbereitung auf eine Radtour in den Bergen ein paar H\u00f6henmeter machen will, denkt man schnell an Limburg. Auch ich verbringe gerne einen Tag mit dem Fahrrad auf dem <a href=\"https:\/\/cyclingdestination.cc\/de\/verhalen\/fietsen-in-limburg-begint-op-de-cauberg\/\">Cauberg<\/a> und andere H\u00fcgel unserer niederl\u00e4ndischen 'Hochgebirge'. Und sei es nur, weil Radfahren und Vlaai sehr gut zusammenpassen... \ud83d\ude09 M\u00f6chten Sie \u00fcber ruhigere Anstiege fahren? Dann fahren Sie \u00fcber die Grenze in die Region Voer. Der Anstieg nach Les Waides ist eine Herausforderung f\u00fcr Sie!<\/p>\n\n\n\n<h3 class=\"wp-block-heading\">Andere Optionen<\/h3>\n\n\n\n<p>Aber neben Limburg gibt es noch weitere M\u00f6glichkeiten in der unmittelbaren Umgebung der Niederlande. Wie w\u00e4re es mit einem Wochenende mit dem Fahrrad in der <a href=\"https:\/\/cyclingdestination.cc\/de\/verhalen\/shimano-ultegra-series-ardennen\/\">Ardennen<\/a>? In der Umgebung von La-Roche en Ardenne finden Sie ziemlich steile Anstiege, die manchmal bis zu 23% betragen! Dieses Dorf ist auch die Heimat des Col de <a href=\"https:\/\/cyclingdestination.cc\/de\/verhalen\/belgie-bestemmingen\/lekker-fietsen-in-de-belgische-ardennen\/\">Haussire<\/a>Belgiens h\u00e4rtester Anstieg, dessen Gipfel 498 Meter hoch ist. Ich kann Ihnen sagen, dass er ziemlich hart ist! Auch auf Deutsch <a href=\"https:\/\/cyclingdestination.cc\/de\/verhalen\/fietsen-in-de-eifel-een-prima-alternatief\/\">Eifel<\/a> finden Sie viele Anstiege, genau wie in der <a href=\"https:\/\/cyclingdestination.cc\/de\/verhalen\/fietsen-in-duitsland-het-teutoburgerwald\/\">Teutoburgerwald<\/a>.<\/p>\n\n\n\n<figure class=\"wp-block-gallery has-nested-images columns-default is-cropped wp-block-gallery-3 is-layout-flex wp-block-gallery-is-layout-flex\">\n<figure class=\"wp-block-image size-large\"><img decoding=\"async\" width=\"683\" height=\"1024\" data-id=\"8649\" src=\"https:\/\/cyclingdestination.cc\/wp-content\/uploads\/2022\/09\/ardennen3-683x1024.jpg\" alt=\"col de haussire, Ardennen, Radfahren in den Ardennen, H\u00f6henmeter machen, H\u00f6henmeter belgien, H\u00f6henmeter die Niederlande, \" class=\"wp-image-8649\" srcset=\"https:\/\/cyclingdestination.cc\/wp-content\/uploads\/2022\/09\/ardennen3-683x1024.jpg 683w, https:\/\/cyclingdestination.cc\/wp-content\/uploads\/2022\/09\/ardennen3-200x300.jpg 200w, https:\/\/cyclingdestination.cc\/wp-content\/uploads\/2022\/09\/ardennen3-768x1152.jpg 768w, https:\/\/cyclingdestination.cc\/wp-content\/uploads\/2022\/09\/ardennen3-1024x1536.jpg 1024w, https:\/\/cyclingdestination.cc\/wp-content\/uploads\/2022\/09\/ardennen3-1366x2048.jpg 1366w, https:\/\/cyclingdestination.cc\/wp-content\/uploads\/2022\/09\/ardennen3-scaled.jpg 1707w\" sizes=\"(max-width: 683px) 100vw, 683px\" \/><figcaption class=\"wp-element-caption\">Nynke auf dem Gipfel des Col de Haussire<\/figcaption><\/figure>\n<\/figure>\n\n\n\n<h2 class=\"wp-block-heading\">Klettern in den (n\u00f6rdlichen) Niederlanden<\/h2>\n\n\n\n<p>Auch wenn Sie aus dem Norden kommen, k\u00f6nnen Sie Ihre Waden auff\u00fcllen und mit Zuversicht den Abstieg \u00fcben. Ich bin zum Beispiel einen Tag lang in die <a href=\"https:\/\/cyclingdestination.cc\/de\/verhalen\/col-du-vam-de-enige-echte-berg-van-drenthe\/\">Col du VAM<\/a>ein Aufstieg auf einer ehemaligen M\u00fclldeponie bei Hoogeveen. Auch dieser wurde k\u00fcrzlich mit '<a href=\"https:\/\/cyclingdestination.cc\/de\/verhalen\/dak-van-drenthe-letterlijk-een-upgrade-van-de-vam-berg\/\">das Dach von Drenthe<\/a>' dort. In der <a href=\"https:\/\/cyclingdestination.cc\/de\/verhalen\/gravelen-in-de-achterhoek-de-hit-van-2022\/\">Achterhoek<\/a> k\u00f6nnen Sie sich im Montferland austoben. In diesem zwischen Doetinchem und der deutschen Grenze gelegenen Gebiet gibt es mehrere H\u00fcgel zwischen 67 und 92 Metern \u00fcber dem Meeresspiegel. Ein bekannter Ort in der Mitte des Landes ist der <a href=\"https:\/\/cyclingdestination.cc\/de\/verhalen\/nederland\/in-het-spoor-van-la-vuelta-holanda\/\">Amerongse Berg<\/a>. Radprofis, die Mitte August an der Vuelta teilnehmen, k\u00f6nnten auf diesem 69 Meter hohen H\u00fcgel sogar ein Bergtrikot erobern.<\/p>\n\n\n\n<p>Die Alternative ist nat\u00fcrlich S\u00fcdlimburg. Die <a href=\"https:\/\/cyclingdestination.cc\/de\/verhalen\/fietsen-in-limburg-begint-op-de-cauberg\/\">Cauberg und Umgebung<\/a> sind dann perfekt.<\/p>\n\n\n\n<figure class=\"wp-block-gallery has-nested-images columns-default is-cropped wp-block-gallery-4 is-layout-flex wp-block-gallery-is-layout-flex\">\n<figure class=\"wp-block-image size-large\"><img loading=\"lazy\" decoding=\"async\" width=\"768\" height=\"1024\" data-id=\"8651\" src=\"https:\/\/cyclingdestination.cc\/wp-content\/uploads\/2022\/09\/vam-berg-768x1024.jpg\" alt=\"VAM-Berg, Drenthe\" class=\"wp-image-8651\" srcset=\"https:\/\/cyclingdestination.cc\/wp-content\/uploads\/2022\/09\/vam-berg-768x1024.jpg 768w, https:\/\/cyclingdestination.cc\/wp-content\/uploads\/2022\/09\/vam-berg-225x300.jpg 225w, https:\/\/cyclingdestination.cc\/wp-content\/uploads\/2022\/09\/vam-berg-1152x1536.jpg 1152w, https:\/\/cyclingdestination.cc\/wp-content\/uploads\/2022\/09\/vam-berg-1536x2048.jpg 1536w, https:\/\/cyclingdestination.cc\/wp-content\/uploads\/2022\/09\/vam-berg-scaled.jpg 1920w\" sizes=\"(max-width: 768px) 100vw, 768px\" \/><figcaption class=\"wp-element-caption\">Der VAM-Berg in Drenthe eignet sich hervorragend zum \u00dcben von kurzen Kletterpartien<\/figcaption><\/figure>\n\n\n\n<figure class=\"wp-block-image size-large\"><img loading=\"lazy\" decoding=\"async\" width=\"576\" height=\"1024\" data-id=\"17397\" src=\"https:\/\/cyclingdestination.cc\/wp-content\/uploads\/2024\/03\/LandalGreenParksCauberg-45-576x1024.jpg\" alt=\"Klettern in S\u00fcdlimburg\" class=\"wp-image-17397\" srcset=\"https:\/\/cyclingdestination.cc\/wp-content\/uploads\/2024\/03\/LandalGreenParksCauberg-45-576x1024.jpg 576w, https:\/\/cyclingdestination.cc\/wp-content\/uploads\/2024\/03\/LandalGreenParksCauberg-45-169x300.jpg 169w, https:\/\/cyclingdestination.cc\/wp-content\/uploads\/2024\/03\/LandalGreenParksCauberg-45-768x1365.jpg 768w, https:\/\/cyclingdestination.cc\/wp-content\/uploads\/2024\/03\/LandalGreenParksCauberg-45-864x1536.jpg 864w, https:\/\/cyclingdestination.cc\/wp-content\/uploads\/2024\/03\/LandalGreenParksCauberg-45.jpg 1080w\" sizes=\"(max-width: 576px) 100vw, 576px\" \/><figcaption class=\"wp-element-caption\">In S\u00fcdlimburg kann man nat\u00fcrlich auch gut wegkommen<\/figcaption><\/figure>\n\n\n\n<figure class=\"wp-block-image size-large\"><img loading=\"lazy\" decoding=\"async\" width=\"770\" height=\"433\" data-id=\"1245\" src=\"https:\/\/cyclingdestination.cc\/wp-content\/uploads\/2021\/08\/Fietsers-wandelaars-en-ATB-ers-rijden-naar-de-top-van-de-VAM-berg-Rechten-RTV-Drenthe-Andries-Ophof.jpg\" alt=\"VAM Berg\" class=\"wp-image-1245\" srcset=\"https:\/\/cyclingdestination.cc\/wp-content\/uploads\/2021\/08\/Fietsers-wandelaars-en-ATB-ers-rijden-naar-de-top-van-de-VAM-berg-Rechten-RTV-Drenthe-Andries-Ophof.jpg 770w, https:\/\/cyclingdestination.cc\/wp-content\/uploads\/2021\/08\/Fietsers-wandelaars-en-ATB-ers-rijden-naar-de-top-van-de-VAM-berg-Rechten-RTV-Drenthe-Andries-Ophof-300x169.jpg 300w, https:\/\/cyclingdestination.cc\/wp-content\/uploads\/2021\/08\/Fietsers-wandelaars-en-ATB-ers-rijden-naar-de-top-van-de-VAM-berg-Rechten-RTV-Drenthe-Andries-Ophof-768x432.jpg 768w\" sizes=\"(max-width: 770px) 100vw, 770px\" \/><figcaption class=\"wp-element-caption\">Der Berg VAM hat jetzt auch ein zus\u00e4tzliches \"Dach\" in 63 m H\u00f6he<\/figcaption><\/figure>\n<\/figure>\n\n\n\n<h2 class=\"wp-block-heading\">Wie kann ich stark genug werden, um in den Bergen Rad zu fahren?&nbsp;<\/h2>\n\n\n\n<p>Neben dem Radfahren gibt es auch andere M\u00f6glichkeiten, sich auf das Radfahren in den Bergen vorzubereiten. In den Wochen vor meiner Reise nach Molveno habe ich zum Beispiel angefangen, mehr zu laufen. Auf diese Weise w\u00fcrde sich meine Kondition schnell verbessern, ohne dass ich stundenlang trainieren m\u00fcsste. W\u00e4hrend des Jahres bin ich schon \u00f6fter gelaufen, jetzt versuche ich, mindestens ein- bis zweimal pro Woche zu laufen und die Kilometerzahl von 7 auf 11 zu steigern. Sind Sie noch nie gelaufen? Dann fangen Sie langsam an, um Verletzungen zu vermeiden, es gibt viele Laufsportarten. <a href=\"https:\/\/www.runnersworld.com\/nl\/training\/trainingsschema\/a24204343\/trainingsschema-beginners\/\" target=\"_blank\" rel=\"noreferrer noopener sponsored nofollow\">Einsteigerprogramm zu finden<\/a>. <\/p>\n\n\n\n<h3 class=\"wp-block-heading\">Krafttraining und mehr<\/h3>\n\n\n\n<p>Um starke Beine zu bekommen, mache ich einmal pro Woche Krafttraining. Ich trainiere unter anderem Beinpresse, Wadenheben, Ausfallschritte und den Krabbengang. Man kann auch zus\u00e4tzlich Spinning-Kurse besuchen, aber ich selbst bin kein Fan davon. Eine andere M\u00f6glichkeit, sich fit zu halten, ist, sich auf dem Fahrrad mit Leuten zu messen, die schneller sind als man selbst. Ich fahre zum Beispiel regelm\u00e4\u00dfig mit den M\u00e4nnern Rad.<\/p>\n\n\n\n<h2 class=\"wp-block-heading\">Wann sollte ich mit dem Training beginnen, wenn ich zum ersten Mal in die Berge fahre?<\/h2>\n\n\n\n<p>Wie viele Monate im Voraus man f\u00fcr einen Radurlaub in den Bergen trainieren sollte, ist f\u00fcr jeden anders. Um Ihre Vorbereitungszeit und Trainingsintensit\u00e4t zu bestimmen, m\u00fcssen Sie n\u00e4mlich mehrere Faktoren ber\u00fccksichtigen. Zum Beispiel, wie ist Ihr <em>Grundvoraussetzung<\/em>? Fahren Sie viel oder wenig Rad? Und was ist Ihr Ziel w\u00e4hrend Ihres Radurlaubs? Aber auch: Wie oft werden Sie w\u00e4hrend Ihres Urlaubs radeln? Werden Sie w\u00e4hrend einer Fahrt ein paar hundert H\u00f6henmeter machen oder erwarten Sie Tausende von H\u00f6henmetern? Wie lang und steil sind die Fahrten? Und wie schnell wollen Sie radeln? Kurzum, es gibt viel zu bedenken.&nbsp;<\/p>\n\n\n\n<p><a href=\"https:\/\/www.knwu.nl\/fondo\">Fondo<\/a>die Schulungs-App des KNWU, oder <a href=\"http:\/\/join.cc\">Beitreten<\/a> kann Ihnen bei der Erstellung eines Trainingsplans helfen. Ich selbst habe mich nicht an einen Plan gehalten, sondern bin meist meinem Bauchgef\u00fchl gefolgt und habe getan, was ich konnte. Auf diese Weise war ich gut vorbereitet, um in den Bergen Rad zu fahren.<\/p>\n\n\n\n<h2 class=\"wp-block-heading\">Ausruhen und \u00dcberpr\u00fcfen der Ausr\u00fcstung<\/h2>\n\n\n\n<p>Zu einer guten Vorbereitung geh\u00f6rt nicht nur eine gute Ausbildung, sondern auch die \u00dcberpr\u00fcfung Ihrer Ausr\u00fcstung. Haben Sie zum Beispiel eine <a href=\"https:\/\/cyclingdestination.cc\/de\/materiaal\/tandje-erbij-een-uitleg-over-schakelen-en-schakelgroepen\/\">Bergausr\u00fcstung<\/a> an Ihrem Fahrrad? Funktionieren Ihre Bremsen noch richtig? Und wie steht es um Ihre Reifen und Ihre Kette? Es ist sicherlich kein unn\u00f6tiger Luxus, Ihr Fahrrad von jemandem \u00fcberpr\u00fcfen zu lassen, der sich damit auskennt. Besuchen Sie auch unser <a href=\"https:\/\/cyclingdestination.cc\/de\/tips\/basispaklijst-voor-jouw-fietsvakantie\/\" target=\"_blank\" rel=\"noreferrer noopener\">Basis-Packliste<\/a>dann wissen Sie, dass Sie immer an der richtigen Stelle sind, wenn Sie in den Bergen Radurlaub machen<\/p>\n\n\n\n<h3 class=\"wp-block-heading\">Sind Sie und Ihr Fahrrad bereit f\u00fcr den Urlaub? <\/h3>\n\n\n\n<p>Dann gibt es nur noch eines: Ruhe. In der Woche vor Ihrem Radurlaub wie verr\u00fcckt zu trainieren ist kontraproduktiv. Bleiben Sie also beim Wandern oder einem Yogakurs und schlafen Sie ausreichend.&nbsp;<\/p>\n\n\n\n<p>Wir w\u00fcnschen Ihnen einen sch\u00f6nen Urlaub und viel Spa\u00df beim Radfahren in den Bergen!<\/p>","protected":false},"excerpt":{"rendered":"<p>Je voorbereiden op je eerste keer wielrennen in de bergen kan lastig zijn in ons vlakke landje. Maar met wat goede tips, gaat het je lukken! In deze blog geeft onze explorer Nynke jou een aantal tips voor de eerste keer wielrennen in de bergen. Zij vertelt hoe zij zich heeft voorbereid op een trip [&hellip;]<\/p>\n","protected":false},"author":7,"featured_media":22572,"comment_status":"open","ping_status":"closed","sticky":false,"template":"","format":"standard","meta":{"_acf_changed":false,"iawp_total_views":944,"footnotes":""},"categories":[27],"tags":[74,72,73],"class_list":["post-8647","post","type-post","status-publish","format-standard","has-post-thumbnail","hentry","category-tips","tag-bergen","tag-klimmen","tag-tips"],"acf":[],"featured_image_url":{"thumbnail":"https:\/\/cyclingdestination.cc\/wp-content\/uploads\/2022\/09\/SierraNevada-3-150x150.jpg","medium":"https:\/\/cyclingdestination.cc\/wp-content\/uploads\/2022\/09\/SierraNevada-3-300x169.jpg","medium_large":"https:\/\/cyclingdestination.cc\/wp-content\/uploads\/2022\/09\/SierraNevada-3-768x432.jpg","large":"https:\/\/cyclingdestination.cc\/wp-content\/uploads\/2022\/09\/SierraNevada-3-1024x576.jpg","1536x1536":"https:\/\/cyclingdestination.cc\/wp-content\/uploads\/2022\/09\/SierraNevada-3-1536x864.jpg","2048x2048":"https:\/\/cyclingdestination.cc\/wp-content\/uploads\/2022\/09\/SierraNevada-3.jpg","trp-custom-language-flag":"https:\/\/cyclingdestination.cc\/wp-content\/uploads\/2022\/09\/SierraNevada-3-18x10.jpg"},"post_author":"Nynke Cuperus","assigned_categories":"Tips","yoast_head":"<!-- This site is optimized with the Yoast SEO plugin v27.4 - https:\/\/yoast.com\/product\/yoast-seo-wordpress\/ -->\n<title>Tips voor de 1e keer wielrennen in de bergen - CyclingDestination<\/title>\n<meta name=\"description\" content=\"Tips voor als je voor het eerst gaat wielrennen in de bergen. Hoe moet ik trainen, waar kan ik trainen als ik ga fietsen in de bergen?\" \/>\n<meta name=\"robots\" content=\"index, follow, max-snippet:-1, max-image-preview:large, max-video-preview:-1\" \/>\n<link rel=\"canonical\" href=\"https:\/\/cyclingdestination.cc\/de\/tips\/tips-voor-de-eerste-keer-wielrennen-in-de-bergen\/\" \/>\n<meta property=\"og:locale\" content=\"de_DE\" \/>\n<meta property=\"og:type\" content=\"article\" \/>\n<meta property=\"og:title\" content=\"Tips voor de 1e keer wielrennen in de bergen - CyclingDestination\" \/>\n<meta property=\"og:description\" content=\"Tips voor als je voor het eerst gaat wielrennen in de bergen. Hoe moet ik trainen, waar kan ik trainen als ik ga fietsen in de bergen?\" \/>\n<meta property=\"og:url\" content=\"https:\/\/cyclingdestination.cc\/de\/tips\/tips-voor-de-eerste-keer-wielrennen-in-de-bergen\/\" \/>\n<meta property=\"og:site_name\" content=\"Cycling Destination\" \/>\n<meta property=\"article:publisher\" content=\"https:\/\/www.facebook.com\/cyclingdestination.cc\" \/>\n<meta property=\"article:published_time\" content=\"2022-09-27T19:23:04+00:00\" \/>\n<meta property=\"article:modified_time\" content=\"2025-03-27T07:43:13+00:00\" \/>\n<meta property=\"og:image\" content=\"https:\/\/cyclingdestination.cc\/wp-content\/uploads\/2022\/09\/SierraNevada-3.jpg\" \/>\n\t<meta property=\"og:image:width\" content=\"1920\" \/>\n\t<meta property=\"og:image:height\" content=\"1080\" \/>\n\t<meta property=\"og:image:type\" content=\"image\/jpeg\" \/>\n<meta name=\"author\" content=\"Nynke Cuperus\" \/>\n<meta name=\"twitter:card\" content=\"summary_large_image\" \/>\n<meta name=\"twitter:creator\" content=\"@cyclingdestin\" \/>\n<meta name=\"twitter:site\" content=\"@cyclingdestin\" \/>\n<meta name=\"twitter:label1\" content=\"Verfasst von\" \/>\n\t<meta name=\"twitter:data1\" content=\"Nynke Cuperus\" \/>\n\t<meta name=\"twitter:label2\" content=\"Gesch\u00e4tzte Lesezeit\" \/>\n\t<meta name=\"twitter:data2\" content=\"7\u00a0Minuten\" \/>\n<script type=\"application\/ld+json\" class=\"yoast-schema-graph\">{\"@context\":\"https:\\\/\\\/schema.org\",\"@graph\":[{\"@type\":\"Article\",\"@id\":\"https:\\\/\\\/cyclingdestination.cc\\\/tips\\\/tips-voor-de-eerste-keer-wielrennen-in-de-bergen#article\",\"isPartOf\":{\"@id\":\"https:\\\/\\\/cyclingdestination.cc\\\/tips\\\/tips-voor-de-eerste-keer-wielrennen-in-de-bergen\"},\"author\":{\"name\":\"Nynke Cuperus\",\"@id\":\"https:\\\/\\\/cyclingdestination.cc\\\/#\\\/schema\\\/person\\\/50433481bac273d87533b332d605cde8\"},\"headline\":\"Tips voor de eerste keer wielrennen in de bergen\",\"datePublished\":\"2022-09-27T19:23:04+00:00\",\"dateModified\":\"2025-03-27T07:43:13+00:00\",\"mainEntityOfPage\":{\"@id\":\"https:\\\/\\\/cyclingdestination.cc\\\/tips\\\/tips-voor-de-eerste-keer-wielrennen-in-de-bergen\"},\"wordCount\":1112,\"commentCount\":0,\"publisher\":{\"@id\":\"https:\\\/\\\/cyclingdestination.cc\\\/#organization\"},\"image\":{\"@id\":\"https:\\\/\\\/cyclingdestination.cc\\\/tips\\\/tips-voor-de-eerste-keer-wielrennen-in-de-bergen#primaryimage\"},\"thumbnailUrl\":\"https:\\\/\\\/cyclingdestination.cc\\\/wp-content\\\/uploads\\\/2022\\\/09\\\/SierraNevada-3.jpg\",\"keywords\":[\"bergen\",\"klimmen\",\"tips\"],\"articleSection\":[\"Tips\"],\"inLanguage\":\"de\",\"potentialAction\":[{\"@type\":\"CommentAction\",\"name\":\"Comment\",\"target\":[\"https:\\\/\\\/cyclingdestination.cc\\\/tips\\\/tips-voor-de-eerste-keer-wielrennen-in-de-bergen#respond\"]}]},{\"@type\":\"WebPage\",\"@id\":\"https:\\\/\\\/cyclingdestination.cc\\\/tips\\\/tips-voor-de-eerste-keer-wielrennen-in-de-bergen\",\"url\":\"https:\\\/\\\/cyclingdestination.cc\\\/tips\\\/tips-voor-de-eerste-keer-wielrennen-in-de-bergen\",\"name\":\"Tips voor de 1e keer wielrennen in de bergen - CyclingDestination\",\"isPartOf\":{\"@id\":\"https:\\\/\\\/cyclingdestination.cc\\\/#website\"},\"primaryImageOfPage\":{\"@id\":\"https:\\\/\\\/cyclingdestination.cc\\\/tips\\\/tips-voor-de-eerste-keer-wielrennen-in-de-bergen#primaryimage\"},\"image\":{\"@id\":\"https:\\\/\\\/cyclingdestination.cc\\\/tips\\\/tips-voor-de-eerste-keer-wielrennen-in-de-bergen#primaryimage\"},\"thumbnailUrl\":\"https:\\\/\\\/cyclingdestination.cc\\\/wp-content\\\/uploads\\\/2022\\\/09\\\/SierraNevada-3.jpg\",\"datePublished\":\"2022-09-27T19:23:04+00:00\",\"dateModified\":\"2025-03-27T07:43:13+00:00\",\"description\":\"Tips voor als je voor het eerst gaat wielrennen in de bergen. Hoe moet ik trainen, waar kan ik trainen als ik ga fietsen in de bergen?\",\"breadcrumb\":{\"@id\":\"https:\\\/\\\/cyclingdestination.cc\\\/tips\\\/tips-voor-de-eerste-keer-wielrennen-in-de-bergen#breadcrumb\"},\"inLanguage\":\"de\",\"potentialAction\":[{\"@type\":\"ReadAction\",\"target\":[\"https:\\\/\\\/cyclingdestination.cc\\\/tips\\\/tips-voor-de-eerste-keer-wielrennen-in-de-bergen\"]}]},{\"@type\":\"ImageObject\",\"inLanguage\":\"de\",\"@id\":\"https:\\\/\\\/cyclingdestination.cc\\\/tips\\\/tips-voor-de-eerste-keer-wielrennen-in-de-bergen#primaryimage\",\"url\":\"https:\\\/\\\/cyclingdestination.cc\\\/wp-content\\\/uploads\\\/2022\\\/09\\\/SierraNevada-3.jpg\",\"contentUrl\":\"https:\\\/\\\/cyclingdestination.cc\\\/wp-content\\\/uploads\\\/2022\\\/09\\\/SierraNevada-3.jpg\",\"width\":1920,\"height\":1080,\"caption\":\"Nynke in de Sierra Nevada (c) Sander Kolsloot\"},{\"@type\":\"BreadcrumbList\",\"@id\":\"https:\\\/\\\/cyclingdestination.cc\\\/tips\\\/tips-voor-de-eerste-keer-wielrennen-in-de-bergen#breadcrumb\",\"itemListElement\":[{\"@type\":\"ListItem\",\"position\":1,\"name\":\"Home\",\"item\":\"https:\\\/\\\/cyclingdestination.cc\\\/\"},{\"@type\":\"ListItem\",\"position\":2,\"name\":\"Tips voor de eerste keer wielrennen in de bergen\"}]},{\"@type\":\"WebSite\",\"@id\":\"https:\\\/\\\/cyclingdestination.cc\\\/#website\",\"url\":\"https:\\\/\\\/cyclingdestination.cc\\\/\",\"name\":\"Cycling Destination\",\"description\":\"Inspiratie voor jouw volgende fietsavontuur\",\"publisher\":{\"@id\":\"https:\\\/\\\/cyclingdestination.cc\\\/#organization\"},\"potentialAction\":[{\"@type\":\"SearchAction\",\"target\":{\"@type\":\"EntryPoint\",\"urlTemplate\":\"https:\\\/\\\/cyclingdestination.cc\\\/?s={search_term_string}\"},\"query-input\":{\"@type\":\"PropertyValueSpecification\",\"valueRequired\":true,\"valueName\":\"search_term_string\"}}],\"inLanguage\":\"de\"},{\"@type\":\"Organization\",\"@id\":\"https:\\\/\\\/cyclingdestination.cc\\\/#organization\",\"name\":\"Cycling Destination\",\"url\":\"https:\\\/\\\/cyclingdestination.cc\\\/\",\"logo\":{\"@type\":\"ImageObject\",\"inLanguage\":\"de\",\"@id\":\"https:\\\/\\\/cyclingdestination.cc\\\/#\\\/schema\\\/logo\\\/image\\\/\",\"url\":\"https:\\\/\\\/cyclingdestination.cc\\\/wp-content\\\/uploads\\\/2022\\\/01\\\/cyclingdestination_logo_RGB_zwart_vDEF-1.png\",\"contentUrl\":\"https:\\\/\\\/cyclingdestination.cc\\\/wp-content\\\/uploads\\\/2022\\\/01\\\/cyclingdestination_logo_RGB_zwart_vDEF-1.png\",\"width\":2550,\"height\":814,\"caption\":\"Cycling Destination\"},\"image\":{\"@id\":\"https:\\\/\\\/cyclingdestination.cc\\\/#\\\/schema\\\/logo\\\/image\\\/\"},\"sameAs\":[\"https:\\\/\\\/www.facebook.com\\\/cyclingdestination.cc\",\"https:\\\/\\\/x.com\\\/cyclingdestin\",\"https:\\\/\\\/www.instagram.com\\\/cyclingdestination.cc\\\/\"]},{\"@type\":\"Person\",\"@id\":\"https:\\\/\\\/cyclingdestination.cc\\\/#\\\/schema\\\/person\\\/50433481bac273d87533b332d605cde8\",\"name\":\"Nynke Cuperus\",\"url\":\"https:\\\/\\\/cyclingdestination.cc\\\/de\\\/author\\\/nynkec\"}]}<\/script>\n<!-- \/ Yoast SEO plugin. -->","yoast_head_json":{"title":"Tipps f\u00fcr das 1. Mal Mountainbiken - CyclingDestination","description":"Tipps f\u00fcr den Einstieg ins Radfahren in den Bergen. Wie sollte ich trainieren, wo kann ich trainieren, wenn ich in den Bergen Rad fahre?","robots":{"index":"index","follow":"follow","max-snippet":"max-snippet:-1","max-image-preview":"max-image-preview:large","max-video-preview":"max-video-preview:-1"},"canonical":"https:\/\/cyclingdestination.cc\/de\/tips\/tips-voor-de-eerste-keer-wielrennen-in-de-bergen\/","og_locale":"de_DE","og_type":"article","og_title":"Tips voor de 1e keer wielrennen in de bergen - CyclingDestination","og_description":"Tips voor als je voor het eerst gaat wielrennen in de bergen. Hoe moet ik trainen, waar kan ik trainen als ik ga fietsen in de bergen?","og_url":"https:\/\/cyclingdestination.cc\/de\/tips\/tips-voor-de-eerste-keer-wielrennen-in-de-bergen\/","og_site_name":"Cycling Destination","article_publisher":"https:\/\/www.facebook.com\/cyclingdestination.cc","article_published_time":"2022-09-27T19:23:04+00:00","article_modified_time":"2025-03-27T07:43:13+00:00","og_image":[{"width":1920,"height":1080,"url":"https:\/\/cyclingdestination.cc\/wp-content\/uploads\/2022\/09\/SierraNevada-3.jpg","type":"image\/jpeg"}],"author":"Nynke Cuperus","twitter_card":"summary_large_image","twitter_creator":"@cyclingdestin","twitter_site":"@cyclingdestin","twitter_misc":{"Verfasst von":"Nynke Cuperus","Gesch\u00e4tzte Lesezeit":"7\u00a0Minuten"},"schema":{"@context":"https:\/\/schema.org","@graph":[{"@type":"Article","@id":"https:\/\/cyclingdestination.cc\/tips\/tips-voor-de-eerste-keer-wielrennen-in-de-bergen#article","isPartOf":{"@id":"https:\/\/cyclingdestination.cc\/tips\/tips-voor-de-eerste-keer-wielrennen-in-de-bergen"},"author":{"name":"Nynke Cuperus","@id":"https:\/\/cyclingdestination.cc\/#\/schema\/person\/50433481bac273d87533b332d605cde8"},"headline":"Tips voor de eerste keer wielrennen in de bergen","datePublished":"2022-09-27T19:23:04+00:00","dateModified":"2025-03-27T07:43:13+00:00","mainEntityOfPage":{"@id":"https:\/\/cyclingdestination.cc\/tips\/tips-voor-de-eerste-keer-wielrennen-in-de-bergen"},"wordCount":1112,"commentCount":0,"publisher":{"@id":"https:\/\/cyclingdestination.cc\/#organization"},"image":{"@id":"https:\/\/cyclingdestination.cc\/tips\/tips-voor-de-eerste-keer-wielrennen-in-de-bergen#primaryimage"},"thumbnailUrl":"https:\/\/cyclingdestination.cc\/wp-content\/uploads\/2022\/09\/SierraNevada-3.jpg","keywords":["bergen","klimmen","tips"],"articleSection":["Tips"],"inLanguage":"de","potentialAction":[{"@type":"CommentAction","name":"Comment","target":["https:\/\/cyclingdestination.cc\/tips\/tips-voor-de-eerste-keer-wielrennen-in-de-bergen#respond"]}]},{"@type":"WebPage","@id":"https:\/\/cyclingdestination.cc\/tips\/tips-voor-de-eerste-keer-wielrennen-in-de-bergen","url":"https:\/\/cyclingdestination.cc\/tips\/tips-voor-de-eerste-keer-wielrennen-in-de-bergen","name":"Tipps f\u00fcr das 1. Mal Mountainbiken - CyclingDestination","isPartOf":{"@id":"https:\/\/cyclingdestination.cc\/#website"},"primaryImageOfPage":{"@id":"https:\/\/cyclingdestination.cc\/tips\/tips-voor-de-eerste-keer-wielrennen-in-de-bergen#primaryimage"},"image":{"@id":"https:\/\/cyclingdestination.cc\/tips\/tips-voor-de-eerste-keer-wielrennen-in-de-bergen#primaryimage"},"thumbnailUrl":"https:\/\/cyclingdestination.cc\/wp-content\/uploads\/2022\/09\/SierraNevada-3.jpg","datePublished":"2022-09-27T19:23:04+00:00","dateModified":"2025-03-27T07:43:13+00:00","description":"Tipps f\u00fcr den Einstieg ins Radfahren in den Bergen. Wie sollte ich trainieren, wo kann ich trainieren, wenn ich in den Bergen Rad fahre?","breadcrumb":{"@id":"https:\/\/cyclingdestination.cc\/tips\/tips-voor-de-eerste-keer-wielrennen-in-de-bergen#breadcrumb"},"inLanguage":"de","potentialAction":[{"@type":"ReadAction","target":["https:\/\/cyclingdestination.cc\/tips\/tips-voor-de-eerste-keer-wielrennen-in-de-bergen"]}]},{"@type":"ImageObject","inLanguage":"de","@id":"https:\/\/cyclingdestination.cc\/tips\/tips-voor-de-eerste-keer-wielrennen-in-de-bergen#primaryimage","url":"https:\/\/cyclingdestination.cc\/wp-content\/uploads\/2022\/09\/SierraNevada-3.jpg","contentUrl":"https:\/\/cyclingdestination.cc\/wp-content\/uploads\/2022\/09\/SierraNevada-3.jpg","width":1920,"height":1080,"caption":"Nynke in de Sierra Nevada (c) Sander Kolsloot"},{"@type":"BreadcrumbList","@id":"https:\/\/cyclingdestination.cc\/tips\/tips-voor-de-eerste-keer-wielrennen-in-de-bergen#breadcrumb","itemListElement":[{"@type":"ListItem","position":1,"name":"Home","item":"https:\/\/cyclingdestination.cc\/"},{"@type":"ListItem","position":2,"name":"Tips voor de eerste keer wielrennen in de bergen"}]},{"@type":"WebSite","@id":"https:\/\/cyclingdestination.cc\/#website","url":"https:\/\/cyclingdestination.cc\/","name":"Ziel Radfahren","description":"Inspiration f\u00fcr Ihr n\u00e4chstes Fahrradabenteuer","publisher":{"@id":"https:\/\/cyclingdestination.cc\/#organization"},"potentialAction":[{"@type":"SearchAction","target":{"@type":"EntryPoint","urlTemplate":"https:\/\/cyclingdestination.cc\/?s={search_term_string}"},"query-input":{"@type":"PropertyValueSpecification","valueRequired":true,"valueName":"search_term_string"}}],"inLanguage":"de"},{"@type":"Organization","@id":"https:\/\/cyclingdestination.cc\/#organization","name":"Ziel Radfahren","url":"https:\/\/cyclingdestination.cc\/","logo":{"@type":"ImageObject","inLanguage":"de","@id":"https:\/\/cyclingdestination.cc\/#\/schema\/logo\/image\/","url":"https:\/\/cyclingdestination.cc\/wp-content\/uploads\/2022\/01\/cyclingdestination_logo_RGB_zwart_vDEF-1.png","contentUrl":"https:\/\/cyclingdestination.cc\/wp-content\/uploads\/2022\/01\/cyclingdestination_logo_RGB_zwart_vDEF-1.png","width":2550,"height":814,"caption":"Cycling Destination"},"image":{"@id":"https:\/\/cyclingdestination.cc\/#\/schema\/logo\/image\/"},"sameAs":["https:\/\/www.facebook.com\/cyclingdestination.cc","https:\/\/x.com\/cyclingdestin","https:\/\/www.instagram.com\/cyclingdestination.cc\/"]},{"@type":"Person","@id":"https:\/\/cyclingdestination.cc\/#\/schema\/person\/50433481bac273d87533b332d605cde8","name":"Nynke Cuperus","url":"https:\/\/cyclingdestination.cc\/de\/author\/nynkec"}]}},"_links":{"self":[{"href":"https:\/\/cyclingdestination.cc\/de\/wp-json\/wp\/v2\/posts\/8647","targetHints":{"allow":["GET"]}}],"collection":[{"href":"https:\/\/cyclingdestination.cc\/de\/wp-json\/wp\/v2\/posts"}],"about":[{"href":"https:\/\/cyclingdestination.cc\/de\/wp-json\/wp\/v2\/types\/post"}],"author":[{"embeddable":true,"href":"https:\/\/cyclingdestination.cc\/de\/wp-json\/wp\/v2\/users\/7"}],"replies":[{"embeddable":true,"href":"https:\/\/cyclingdestination.cc\/de\/wp-json\/wp\/v2\/comments?post=8647"}],"version-history":[{"count":0,"href":"https:\/\/cyclingdestination.cc\/de\/wp-json\/wp\/v2\/posts\/8647\/revisions"}],"wp:featuredmedia":[{"embeddable":true,"href":"https:\/\/cyclingdestination.cc\/de\/wp-json\/wp\/v2\/media\/22572"}],"wp:attachment":[{"href":"https:\/\/cyclingdestination.cc\/de\/wp-json\/wp\/v2\/media?parent=8647"}],"wp:term":[{"taxonomy":"category","embeddable":true,"href":"https:\/\/cyclingdestination.cc\/de\/wp-json\/wp\/v2\/categories?post=8647"},{"taxonomy":"post_tag","embeddable":true,"href":"https:\/\/cyclingdestination.cc\/de\/wp-json\/wp\/v2\/tags?post=8647"}],"curies":[{"name":"wp","href":"https:\/\/api.w.org\/{rel}","templated":true}]}}