{"id":2408,"date":"2021-10-21T20:27:02","date_gmt":"2021-10-21T20:27:02","guid":{"rendered":"https:\/\/cyclingdestination.cc\/?p=2408"},"modified":"2022-03-07T11:53:19","modified_gmt":"2022-03-07T11:53:19","slug":"diary-cycling-in-mallorca-part-ii","status":"publish","type":"post","link":"https:\/\/cyclingdestination.cc\/en\/verhalen\/dagboek-fietsen-op-mallorca-deel-ii","title":{"rendered":"Diary Cycling in Mallorca: part II"},"content":{"rendered":"<p>Sander (@sunny_cycling) takes you on his adventures on cycling island <a href=\"https:\/\/www.spain.info\/en\/region\/mallorca-island\/\" target=\"_blank\" rel=\"noreferrer noopener\">Mallorca<\/a>. Yesterday there was <a href=\"https:\/\/cyclingdestination.cc\/en\/stories\/diary-mallorca-cycling-holiday\/\">Part I<\/a>, today part II of Diary Cycling in Mallorca. About new roads around Alcudia, at Cala St Vicen\u00e7 beach and the route along the coast. Read along and get inspired by this adventure. Because when you read this, you too will want to go cycling in Mallorca.<\/p>\n\n\n\n<figure class=\"wp-block-gallery has-nested-images columns-default is-cropped wp-block-gallery-1 is-layout-flex wp-block-gallery-is-layout-flex\">\n<figure class=\"wp-block-image size-large\"><img fetchpriority=\"high\" decoding=\"async\" width=\"1024\" height=\"576\" data-id=\"2418\" src=\"https:\/\/cyclingdestination.cc\/wp-content\/uploads\/2021\/10\/IMG_6912-1024x576.jpeg\" alt=\"\" class=\"wp-image-2418\" srcset=\"https:\/\/cyclingdestination.cc\/wp-content\/uploads\/2021\/10\/IMG_6912-1024x576.jpeg 1024w, https:\/\/cyclingdestination.cc\/wp-content\/uploads\/2021\/10\/IMG_6912-300x169.jpeg 300w, https:\/\/cyclingdestination.cc\/wp-content\/uploads\/2021\/10\/IMG_6912-768x432.jpeg 768w, https:\/\/cyclingdestination.cc\/wp-content\/uploads\/2021\/10\/IMG_6912-1536x864.jpeg 1536w, https:\/\/cyclingdestination.cc\/wp-content\/uploads\/2021\/10\/IMG_6912-2048x1152.jpeg 2048w\" sizes=\"(max-width: 1024px) 100vw, 1024px\" \/><figcaption>Morning sun<\/figcaption><\/figure>\n\n\n\n<figure class=\"wp-block-image size-large\"><img decoding=\"async\" width=\"1024\" height=\"576\" data-id=\"2414\" src=\"https:\/\/cyclingdestination.cc\/wp-content\/uploads\/2021\/10\/IMG_6971-1024x576.jpeg\" alt=\"\" class=\"wp-image-2414\" srcset=\"https:\/\/cyclingdestination.cc\/wp-content\/uploads\/2021\/10\/IMG_6971-1024x576.jpeg 1024w, https:\/\/cyclingdestination.cc\/wp-content\/uploads\/2021\/10\/IMG_6971-300x169.jpeg 300w, https:\/\/cyclingdestination.cc\/wp-content\/uploads\/2021\/10\/IMG_6971-768x432.jpeg 768w, https:\/\/cyclingdestination.cc\/wp-content\/uploads\/2021\/10\/IMG_6971-1536x864.jpeg 1536w, https:\/\/cyclingdestination.cc\/wp-content\/uploads\/2021\/10\/IMG_6971-2048x1152.jpeg 2048w\" sizes=\"(max-width: 1024px) 100vw, 1024px\" \/><figcaption>Views of La Victoria<\/figcaption><\/figure>\n<\/figure>\n\n\n\n<h2 class=\"wp-block-heading\" id=\"early-bird\">Early bird<\/h2>\n\n\n\n<p>In October, temperatures in Mallorca are very pleasant. During the day, the mercury still easily exceeds 20 degrees. At night, it cools down rapidly but every morning the sun does a good job. Even in October it is advisable to get on your bike early. Not only will you be able to enjoy the beautiful scenery then, but you can also shoot some great photos. Bonus: you also have the roads virtually to yourself. <\/p>\n\n\n\n<p>I am a morning person by nature, especially with a young family, so getting up early is not a problem for me. This day, I mapped out a route with two 'dead ends' in it. From <meta charset=\"utf-8\">From Pollen\u00e7a I head along local roads towards the fortified town of Alcudia because the Col de la Victoria is located on the small peninsula behind it. To get there you have to go through a bit of city traffic, but once you get past that, the road is almost deserted. <\/p>\n\n\n\n<figure class=\"wp-block-gallery has-nested-images columns-default is-cropped wp-block-gallery-2 is-layout-flex wp-block-gallery-is-layout-flex\">\n<figure class=\"wp-block-image size-large\"><img decoding=\"async\" width=\"819\" height=\"1024\" data-id=\"2421\" src=\"https:\/\/cyclingdestination.cc\/wp-content\/uploads\/2021\/10\/IMG_6942-819x1024.jpeg\" alt=\"\" class=\"wp-image-2421\" srcset=\"https:\/\/cyclingdestination.cc\/wp-content\/uploads\/2021\/10\/IMG_6942-819x1024.jpeg 819w, https:\/\/cyclingdestination.cc\/wp-content\/uploads\/2021\/10\/IMG_6942-240x300.jpeg 240w, https:\/\/cyclingdestination.cc\/wp-content\/uploads\/2021\/10\/IMG_6942-768x960.jpeg 768w, https:\/\/cyclingdestination.cc\/wp-content\/uploads\/2021\/10\/IMG_6942-1229x1536.jpeg 1229w, https:\/\/cyclingdestination.cc\/wp-content\/uploads\/2021\/10\/IMG_6942-1638x2048.jpeg 1638w, https:\/\/cyclingdestination.cc\/wp-content\/uploads\/2021\/10\/IMG_6942-scaled.jpeg 2048w\" sizes=\"(max-width: 819px) 100vw, 819px\" \/><\/figure>\n\n\n\n<figure class=\"wp-block-image size-large\"><img loading=\"lazy\" decoding=\"async\" width=\"1024\" height=\"576\" data-id=\"2422\" src=\"https:\/\/cyclingdestination.cc\/wp-content\/uploads\/2021\/10\/IMG_6933-1024x576.jpeg\" alt=\"\" class=\"wp-image-2422\" srcset=\"https:\/\/cyclingdestination.cc\/wp-content\/uploads\/2021\/10\/IMG_6933-1024x576.jpeg 1024w, https:\/\/cyclingdestination.cc\/wp-content\/uploads\/2021\/10\/IMG_6933-300x169.jpeg 300w, https:\/\/cyclingdestination.cc\/wp-content\/uploads\/2021\/10\/IMG_6933-768x432.jpeg 768w, https:\/\/cyclingdestination.cc\/wp-content\/uploads\/2021\/10\/IMG_6933-1536x864.jpeg 1536w, https:\/\/cyclingdestination.cc\/wp-content\/uploads\/2021\/10\/IMG_6933-2048x1152.jpeg 2048w\" sizes=\"(max-width: 1024px) 100vw, 1024px\" \/><\/figure>\n<\/figure>\n\n\n\n<h2 class=\"wp-block-heading\" id=\"fris-zonnetje\">Fresh sunshine<\/h2>\n\n\n\n<p>As I ride out of the road near the cottage, it still feels a bit chilly. I put on a vest, but otherwise I just ride short-short. After a kilometre and a half, I'm riding on the roundabout at <meta charset=\"utf-8\">Pollen\u00e7a the sun gets in my face. As I turn off towards Alcudia, I have the sun right in my face! Lovely! I already know I can take off my cardigan in no time. What a life! <\/p>\n\n\n\n<p>With that low sun, it does take some care. The roads here are relatively narrow and sometimes you can't see the bend very well. Rest is the motto and I warm up smoothly on the meandering roads. Once past Alcudia, it suddenly goes up steeply. A local road, through a bit of a residential area really gets me out of the saddle. the counter reads 15%. Wow. It's only a few hundred metres, but I'm hot right away. <\/p>\n\n\n\n<figure class=\"wp-block-gallery has-nested-images columns-default is-cropped wp-block-gallery-3 is-layout-flex wp-block-gallery-is-layout-flex\">\n<figure class=\"wp-block-image size-large\"><img loading=\"lazy\" decoding=\"async\" width=\"819\" height=\"1024\" data-id=\"2423\" src=\"https:\/\/cyclingdestination.cc\/wp-content\/uploads\/2021\/10\/IMG_6942-1-819x1024.jpeg\" alt=\"\" class=\"wp-image-2423\" srcset=\"https:\/\/cyclingdestination.cc\/wp-content\/uploads\/2021\/10\/IMG_6942-1-819x1024.jpeg 819w, https:\/\/cyclingdestination.cc\/wp-content\/uploads\/2021\/10\/IMG_6942-1-240x300.jpeg 240w, https:\/\/cyclingdestination.cc\/wp-content\/uploads\/2021\/10\/IMG_6942-1-768x960.jpeg 768w, https:\/\/cyclingdestination.cc\/wp-content\/uploads\/2021\/10\/IMG_6942-1-1229x1536.jpeg 1229w, https:\/\/cyclingdestination.cc\/wp-content\/uploads\/2021\/10\/IMG_6942-1-1638x2048.jpeg 1638w, https:\/\/cyclingdestination.cc\/wp-content\/uploads\/2021\/10\/IMG_6942-1-scaled.jpeg 2048w\" sizes=\"(max-width: 819px) 100vw, 819px\" \/><\/figure>\n<\/figure>\n\n\n\n<p>Behind it, the landscape opens up with a beautiful bay and this climb. I dismount for some photos. It is beautiful here and apart from the occasional lost hiker and some wild campers (two in total), there is absolutely nobody here. And that while in Alcudia and <meta charset=\"utf-8\">Pollen\u00e7a stumbles over headlines. Special. <\/p>\n\n\n\n<figure class=\"wp-block-gallery has-nested-images columns-default is-cropped wp-block-gallery-4 is-layout-flex wp-block-gallery-is-layout-flex\">\n<figure class=\"wp-block-image size-large\"><img loading=\"lazy\" decoding=\"async\" width=\"1024\" height=\"576\" data-id=\"2420\" src=\"https:\/\/cyclingdestination.cc\/wp-content\/uploads\/2021\/10\/IMG_6960-1-1024x576.jpeg\" alt=\"\" class=\"wp-image-2420\" srcset=\"https:\/\/cyclingdestination.cc\/wp-content\/uploads\/2021\/10\/IMG_6960-1-1024x576.jpeg 1024w, https:\/\/cyclingdestination.cc\/wp-content\/uploads\/2021\/10\/IMG_6960-1-300x169.jpeg 300w, https:\/\/cyclingdestination.cc\/wp-content\/uploads\/2021\/10\/IMG_6960-1-768x432.jpeg 768w, https:\/\/cyclingdestination.cc\/wp-content\/uploads\/2021\/10\/IMG_6960-1-1536x864.jpeg 1536w, https:\/\/cyclingdestination.cc\/wp-content\/uploads\/2021\/10\/IMG_6960-1-2048x1152.jpeg 2048w\" sizes=\"(max-width: 1024px) 100vw, 1024px\" \/><\/figure>\n\n\n\n<figure class=\"wp-block-image size-large\"><img loading=\"lazy\" decoding=\"async\" width=\"1024\" height=\"576\" data-id=\"2415\" src=\"https:\/\/cyclingdestination.cc\/wp-content\/uploads\/2021\/10\/IMG_6991-1024x576.jpeg\" alt=\"\" class=\"wp-image-2415\" srcset=\"https:\/\/cyclingdestination.cc\/wp-content\/uploads\/2021\/10\/IMG_6991-1024x576.jpeg 1024w, https:\/\/cyclingdestination.cc\/wp-content\/uploads\/2021\/10\/IMG_6991-300x169.jpeg 300w, https:\/\/cyclingdestination.cc\/wp-content\/uploads\/2021\/10\/IMG_6991-768x432.jpeg 768w, https:\/\/cyclingdestination.cc\/wp-content\/uploads\/2021\/10\/IMG_6991-1536x864.jpeg 1536w, https:\/\/cyclingdestination.cc\/wp-content\/uploads\/2021\/10\/IMG_6991-2048x1152.jpeg 2048w\" sizes=\"(max-width: 1024px) 100vw, 1024px\" \/><\/figure>\n<\/figure>\n\n\n\n<h2 class=\"wp-block-heading\" id=\"vriendelijke-start\">Friendly start<\/h2>\n\n\n\n<p>The climb is really kind to the legs. For a few kilometres and then it descends a bit until you finally reach the military compound. Here you can't go any further and you have to turn around. But don't panic, you have really nice views and that makes this climb well worth it. Watch out for the goats too, as they sometimes jump right in front of your door. <\/p>\n\n\n\n<figure class=\"wp-block-gallery has-nested-images columns-default is-cropped wp-block-gallery-5 is-layout-flex wp-block-gallery-is-layout-flex\">\n<figure class=\"wp-block-image size-large\"><img loading=\"lazy\" decoding=\"async\" width=\"1024\" height=\"576\" data-id=\"2413\" src=\"https:\/\/cyclingdestination.cc\/wp-content\/uploads\/2021\/10\/IMG_6979-1024x576.jpeg\" alt=\"\" class=\"wp-image-2413\" srcset=\"https:\/\/cyclingdestination.cc\/wp-content\/uploads\/2021\/10\/IMG_6979-1024x576.jpeg 1024w, https:\/\/cyclingdestination.cc\/wp-content\/uploads\/2021\/10\/IMG_6979-300x169.jpeg 300w, https:\/\/cyclingdestination.cc\/wp-content\/uploads\/2021\/10\/IMG_6979-768x432.jpeg 768w, https:\/\/cyclingdestination.cc\/wp-content\/uploads\/2021\/10\/IMG_6979-1536x864.jpeg 1536w, https:\/\/cyclingdestination.cc\/wp-content\/uploads\/2021\/10\/IMG_6979-2048x1152.jpeg 2048w\" sizes=\"(max-width: 1024px) 100vw, 1024px\" \/><\/figure>\n\n\n\n<figure class=\"wp-block-image size-large\"><img loading=\"lazy\" decoding=\"async\" width=\"1024\" height=\"576\" data-id=\"2415\" src=\"https:\/\/cyclingdestination.cc\/wp-content\/uploads\/2021\/10\/IMG_6991-1024x576.jpeg\" alt=\"\" class=\"wp-image-2415\" srcset=\"https:\/\/cyclingdestination.cc\/wp-content\/uploads\/2021\/10\/IMG_6991-1024x576.jpeg 1024w, https:\/\/cyclingdestination.cc\/wp-content\/uploads\/2021\/10\/IMG_6991-300x169.jpeg 300w, https:\/\/cyclingdestination.cc\/wp-content\/uploads\/2021\/10\/IMG_6991-768x432.jpeg 768w, https:\/\/cyclingdestination.cc\/wp-content\/uploads\/2021\/10\/IMG_6991-1536x864.jpeg 1536w, https:\/\/cyclingdestination.cc\/wp-content\/uploads\/2021\/10\/IMG_6991-2048x1152.jpeg 2048w\" sizes=\"(max-width: 1024px) 100vw, 1024px\" \/><\/figure>\n\n\n\n<figure class=\"wp-block-image size-large\"><img loading=\"lazy\" decoding=\"async\" width=\"819\" height=\"1024\" data-id=\"2417\" src=\"https:\/\/cyclingdestination.cc\/wp-content\/uploads\/2021\/10\/IMG_6950-819x1024.jpeg\" alt=\"\" class=\"wp-image-2417\" srcset=\"https:\/\/cyclingdestination.cc\/wp-content\/uploads\/2021\/10\/IMG_6950-819x1024.jpeg 819w, https:\/\/cyclingdestination.cc\/wp-content\/uploads\/2021\/10\/IMG_6950-240x300.jpeg 240w, https:\/\/cyclingdestination.cc\/wp-content\/uploads\/2021\/10\/IMG_6950-768x960.jpeg 768w, https:\/\/cyclingdestination.cc\/wp-content\/uploads\/2021\/10\/IMG_6950-1229x1536.jpeg 1229w, https:\/\/cyclingdestination.cc\/wp-content\/uploads\/2021\/10\/IMG_6950-1639x2048.jpeg 1639w, https:\/\/cyclingdestination.cc\/wp-content\/uploads\/2021\/10\/IMG_6950-scaled.jpeg 2048w\" sizes=\"(max-width: 819px) 100vw, 819px\" \/><\/figure>\n\n\n\n<figure class=\"wp-block-image size-large\"><img loading=\"lazy\" decoding=\"async\" width=\"1024\" height=\"576\" data-id=\"2416\" src=\"https:\/\/cyclingdestination.cc\/wp-content\/uploads\/2021\/10\/IMG_6965-1024x576.jpeg\" alt=\"\" class=\"wp-image-2416\" srcset=\"https:\/\/cyclingdestination.cc\/wp-content\/uploads\/2021\/10\/IMG_6965-1024x576.jpeg 1024w, https:\/\/cyclingdestination.cc\/wp-content\/uploads\/2021\/10\/IMG_6965-300x169.jpeg 300w, https:\/\/cyclingdestination.cc\/wp-content\/uploads\/2021\/10\/IMG_6965-768x432.jpeg 768w, https:\/\/cyclingdestination.cc\/wp-content\/uploads\/2021\/10\/IMG_6965-1536x864.jpeg 1536w, https:\/\/cyclingdestination.cc\/wp-content\/uploads\/2021\/10\/IMG_6965-2048x1152.jpeg 2048w\" sizes=\"(max-width: 1024px) 100vw, 1024px\" \/><\/figure>\n<\/figure>\n\n\n\n<p>After a short stop and a small pee break, I start the descent towards Alcudia. Easy to do and the lack of traffic makes it a nice downhill ride. When I reach the bottom again, all that is left is a short spirited bit back up into the residential area. Then I can start part two of this ride, towards Port de <meta charset=\"utf-8\">Pollen\u00e7a and Cala st. Vicenc. <\/p>\n\n\n\n<h2 class=\"wp-block-heading\" id=\"langs-het-water\">Along the water<\/h2>\n\n\n\n<p>For those familiar with this area, the road along the waterfront is a keeper. Between Alcudia and Port de <meta charset=\"utf-8\">Pollen\u00e7a you drive less than 5 metres from the sea. Advantage: stunning views, disadvantage is the wind that often seems to be against you. However, the cycle path is nice and wide and motorists have a good view of you and your fellow travellers. Nothing is nicer than that! Because cycling in Mallorca also means that motorists take you into account.<\/p>\n\n\n\n<figure class=\"wp-block-gallery has-nested-images columns-default is-cropped wp-block-gallery-6 is-layout-flex wp-block-gallery-is-layout-flex\">\n<figure class=\"wp-block-image size-large\"><img loading=\"lazy\" decoding=\"async\" width=\"1024\" height=\"576\" data-id=\"2424\" src=\"https:\/\/cyclingdestination.cc\/wp-content\/uploads\/2021\/10\/IMG_7017-1024x576.jpeg\" alt=\"\" class=\"wp-image-2424\" srcset=\"https:\/\/cyclingdestination.cc\/wp-content\/uploads\/2021\/10\/IMG_7017-1024x576.jpeg 1024w, https:\/\/cyclingdestination.cc\/wp-content\/uploads\/2021\/10\/IMG_7017-300x169.jpeg 300w, https:\/\/cyclingdestination.cc\/wp-content\/uploads\/2021\/10\/IMG_7017-768x432.jpeg 768w, https:\/\/cyclingdestination.cc\/wp-content\/uploads\/2021\/10\/IMG_7017-1536x864.jpeg 1536w, https:\/\/cyclingdestination.cc\/wp-content\/uploads\/2021\/10\/IMG_7017-2048x1152.jpeg 2048w\" sizes=\"(max-width: 1024px) 100vw, 1024px\" \/><\/figure>\n\n\n\n<figure class=\"wp-block-image size-large\"><img loading=\"lazy\" decoding=\"async\" width=\"1024\" height=\"576\" data-id=\"2425\" src=\"https:\/\/cyclingdestination.cc\/wp-content\/uploads\/2021\/10\/IMG_7009-1024x576.jpeg\" alt=\"\" class=\"wp-image-2425\" srcset=\"https:\/\/cyclingdestination.cc\/wp-content\/uploads\/2021\/10\/IMG_7009-1024x576.jpeg 1024w, https:\/\/cyclingdestination.cc\/wp-content\/uploads\/2021\/10\/IMG_7009-300x169.jpeg 300w, https:\/\/cyclingdestination.cc\/wp-content\/uploads\/2021\/10\/IMG_7009-768x432.jpeg 768w, https:\/\/cyclingdestination.cc\/wp-content\/uploads\/2021\/10\/IMG_7009-1536x864.jpeg 1536w, https:\/\/cyclingdestination.cc\/wp-content\/uploads\/2021\/10\/IMG_7009-2048x1152.jpeg 2048w\" sizes=\"(max-width: 1024px) 100vw, 1024px\" \/><\/figure>\n<\/figure>\n\n\n\n<h2 class=\"wp-block-heading\" id=\"richting-de-noordkust\">Towards the north coast<\/h2>\n\n\n\n<p>In Port de <meta charset=\"utf-8\">Pollen\u00e7a I turn left towards Pollen\u00e7a and after a stretch along the provincial road, turn right towards Cala St Vicen\u00e7. This coastal village is known for its blue beaches, but also for the ugly architectural misfits that populate the waterfront. The road towards it is tightly paved and it bulges delightfully! Meanwhile, I shoot some photos and roll towards the waterfront.<\/p>\n\n\n\n<p>Nothing lied about the view. It is stunning with water so blue, you really have to blink your eyes. If you blink twice, you can also see the immensely ugly white molog overshadowing the beach. Man, that architect really had a stick and dog. Fortunately, there is also a nice viewpoint with a hairpin bend. Happy days. <\/p>\n\n\n\n<figure class=\"wp-block-gallery has-nested-images columns-default is-cropped wp-block-gallery-7 is-layout-flex wp-block-gallery-is-layout-flex\">\n<figure class=\"wp-block-image size-large\"><img loading=\"lazy\" decoding=\"async\" width=\"1024\" height=\"576\" data-id=\"2410\" src=\"https:\/\/cyclingdestination.cc\/wp-content\/uploads\/2021\/10\/IMG_7039-1024x576.jpeg\" alt=\"\" class=\"wp-image-2410\" srcset=\"https:\/\/cyclingdestination.cc\/wp-content\/uploads\/2021\/10\/IMG_7039-1024x576.jpeg 1024w, https:\/\/cyclingdestination.cc\/wp-content\/uploads\/2021\/10\/IMG_7039-300x169.jpeg 300w, https:\/\/cyclingdestination.cc\/wp-content\/uploads\/2021\/10\/IMG_7039-768x432.jpeg 768w, https:\/\/cyclingdestination.cc\/wp-content\/uploads\/2021\/10\/IMG_7039-1536x864.jpeg 1536w, https:\/\/cyclingdestination.cc\/wp-content\/uploads\/2021\/10\/IMG_7039-2048x1152.jpeg 2048w\" sizes=\"(max-width: 1024px) 100vw, 1024px\" \/><\/figure>\n\n\n\n<figure class=\"wp-block-image size-large\"><img loading=\"lazy\" decoding=\"async\" width=\"1024\" height=\"576\" data-id=\"2412\" src=\"https:\/\/cyclingdestination.cc\/wp-content\/uploads\/2021\/10\/IMG_7024-1024x576.jpeg\" alt=\"\" class=\"wp-image-2412\" srcset=\"https:\/\/cyclingdestination.cc\/wp-content\/uploads\/2021\/10\/IMG_7024-1024x576.jpeg 1024w, https:\/\/cyclingdestination.cc\/wp-content\/uploads\/2021\/10\/IMG_7024-300x169.jpeg 300w, https:\/\/cyclingdestination.cc\/wp-content\/uploads\/2021\/10\/IMG_7024-768x432.jpeg 768w, https:\/\/cyclingdestination.cc\/wp-content\/uploads\/2021\/10\/IMG_7024-1536x864.jpeg 1536w, https:\/\/cyclingdestination.cc\/wp-content\/uploads\/2021\/10\/IMG_7024-2048x1152.jpeg 2048w\" sizes=\"(max-width: 1024px) 100vw, 1024px\" \/><\/figure>\n\n\n\n<figure class=\"wp-block-image size-large\"><img loading=\"lazy\" decoding=\"async\" width=\"1024\" height=\"768\" data-id=\"2405\" src=\"https:\/\/cyclingdestination.cc\/wp-content\/uploads\/2021\/10\/IMG_7037-1024x768.jpeg\" alt=\"\" class=\"wp-image-2405\" srcset=\"https:\/\/cyclingdestination.cc\/wp-content\/uploads\/2021\/10\/IMG_7037-1024x768.jpeg 1024w, https:\/\/cyclingdestination.cc\/wp-content\/uploads\/2021\/10\/IMG_7037-300x225.jpeg 300w, https:\/\/cyclingdestination.cc\/wp-content\/uploads\/2021\/10\/IMG_7037-768x576.jpeg 768w, https:\/\/cyclingdestination.cc\/wp-content\/uploads\/2021\/10\/IMG_7037-1536x1152.jpeg 1536w, https:\/\/cyclingdestination.cc\/wp-content\/uploads\/2021\/10\/IMG_7037-2048x1536.jpeg 2048w\" sizes=\"(max-width: 1024px) 100vw, 1024px\" \/><\/figure>\n<\/figure>\n\n\n\n<figure class=\"wp-block-gallery has-nested-images columns-default is-cropped wp-block-gallery-8 is-layout-flex wp-block-gallery-is-layout-flex\">\n<figure class=\"wp-block-image size-large\"><img loading=\"lazy\" decoding=\"async\" width=\"1024\" height=\"576\" data-id=\"2426\" src=\"https:\/\/cyclingdestination.cc\/wp-content\/uploads\/2021\/10\/IMG_7026-1024x576.jpeg\" alt=\"\" class=\"wp-image-2426\" srcset=\"https:\/\/cyclingdestination.cc\/wp-content\/uploads\/2021\/10\/IMG_7026-1024x576.jpeg 1024w, https:\/\/cyclingdestination.cc\/wp-content\/uploads\/2021\/10\/IMG_7026-300x169.jpeg 300w, https:\/\/cyclingdestination.cc\/wp-content\/uploads\/2021\/10\/IMG_7026-768x432.jpeg 768w, https:\/\/cyclingdestination.cc\/wp-content\/uploads\/2021\/10\/IMG_7026-1536x864.jpeg 1536w, https:\/\/cyclingdestination.cc\/wp-content\/uploads\/2021\/10\/IMG_7026-2048x1152.jpeg 2048w\" sizes=\"(max-width: 1024px) 100vw, 1024px\" \/><\/figure>\n\n\n\n<figure class=\"wp-block-image size-large\"><img loading=\"lazy\" decoding=\"async\" width=\"1024\" height=\"576\" data-id=\"2411\" src=\"https:\/\/cyclingdestination.cc\/wp-content\/uploads\/2021\/10\/IMG_7034-1024x576.jpeg\" alt=\"\" class=\"wp-image-2411\" srcset=\"https:\/\/cyclingdestination.cc\/wp-content\/uploads\/2021\/10\/IMG_7034-1024x576.jpeg 1024w, https:\/\/cyclingdestination.cc\/wp-content\/uploads\/2021\/10\/IMG_7034-300x169.jpeg 300w, https:\/\/cyclingdestination.cc\/wp-content\/uploads\/2021\/10\/IMG_7034-768x432.jpeg 768w, https:\/\/cyclingdestination.cc\/wp-content\/uploads\/2021\/10\/IMG_7034-1536x864.jpeg 1536w, https:\/\/cyclingdestination.cc\/wp-content\/uploads\/2021\/10\/IMG_7034-2048x1152.jpeg 2048w\" sizes=\"(max-width: 1024px) 100vw, 1024px\" \/><\/figure>\n<\/figure>\n\n\n\n<p>It is striking how relaxed and quiet it is here. The occasional group of riders passes by, but generally you have the roads to yourself. How different it is at popular places like the MA-10 towards Soller, Cap Formentor and eventually Sa Calobra. <\/p>\n\n\n\n<h2 class=\"wp-block-heading\" id=\"terug-naar-huis\">Back home<\/h2>\n\n\n\n<p>Via the Cami Vell de St Vicenc I cross in the direction of <meta charset=\"utf-8\">Pollen\u00e7a. There I roll around the town for a while, which is in full preparation for lunch at this time (10am). Already. After the vicious climb back home, I plop down on the terrace there. My two little soigneurs greet me cheerfully and I am a happy man. More cycling tomorrow on the lovely island of Majorca!<\/p>\n\n\n\n<a href=\"https:\/\/www.komoot.nl\/tour\/530744466?ref=wtd\" target=\"_blank\" rel=\"nofollow noopener noreferrer\"><img loading=\"lazy\" decoding=\"async\" src=\"https:\/\/www.komoot.nl\/tour\/530744466\/embed?image=1&amp;hm=true&amp;profile=1&amp;width=640&amp;height=680\" width=\"640\" height=\"680\"><\/a>","protected":false},"excerpt":{"rendered":"<p>Sander (@sunny_cycling) neemt je mee op zijn avonturen op fietseiland Mallorca. Gisteren was er deel I, vandaag deel II van Dagboek Fietsen op Mallorca. Over nieuwe wegen rondom Alcudia, aan het strand van Cala St Vicen\u00e7 en de route langs de kust. Lees mee en raak ge\u00efnspireerd door dit avontuur. Want als je dit leest, [&hellip;]<\/p>\n","protected":false},"author":1,"featured_media":2419,"comment_status":"open","ping_status":"closed","sticky":false,"template":"","format":"standard","meta":{"_acf_changed":false,"iawp_total_views":484,"footnotes":""},"categories":[13,8],"tags":[],"class_list":["post-2408","post","type-post","status-publish","format-standard","has-post-thumbnail","hentry","category-spanje","category-verhalen"],"acf":[],"featured_image_url":{"thumbnail":"https:\/\/cyclingdestination.cc\/wp-content\/uploads\/2021\/10\/IMG_6945-150x150.jpeg","medium":"https:\/\/cyclingdestination.cc\/wp-content\/uploads\/2021\/10\/IMG_6945-300x169.jpeg","medium_large":"https:\/\/cyclingdestination.cc\/wp-content\/uploads\/2021\/10\/IMG_6945-768x432.jpeg","large":"https:\/\/cyclingdestination.cc\/wp-content\/uploads\/2021\/10\/IMG_6945-1024x576.jpeg","1536x1536":"https:\/\/cyclingdestination.cc\/wp-content\/uploads\/2021\/10\/IMG_6945-1536x864.jpeg","2048x2048":"https:\/\/cyclingdestination.cc\/wp-content\/uploads\/2021\/10\/IMG_6945-2048x1152.jpeg","trp-custom-language-flag":"https:\/\/cyclingdestination.cc\/wp-content\/uploads\/2021\/10\/IMG_6945-scaled.jpeg"},"post_author":"Sander","assigned_categories":"Spanje, Verhalen","yoast_head":"<!-- This site is optimized with the Yoast SEO plugin v27.5 - https:\/\/yoast.com\/product\/yoast-seo-wordpress\/ -->\n<title>Dagboek Fietsen op Mallorca: deel II - Cycling Destination<\/title>\n<meta name=\"description\" content=\"Dagboek fietsen op Mallorca is altijd goed. Heerlijk in de winter, het voorjaar of de herfst. De Serra de Tramuntana nodigt altijd uit.\" \/>\n<meta name=\"robots\" content=\"index, follow, max-snippet:-1, max-image-preview:large, max-video-preview:-1\" \/>\n<link rel=\"canonical\" href=\"https:\/\/cyclingdestination.cc\/en\/stories\/diary-cycling-in-mallorca-part-ii\/\" \/>\n<meta property=\"og:locale\" content=\"en_GB\" \/>\n<meta property=\"og:type\" content=\"article\" \/>\n<meta property=\"og:title\" content=\"Dagboek Fietsen op Mallorca: deel II - Cycling Destination\" \/>\n<meta property=\"og:description\" content=\"Dagboek fietsen op Mallorca is altijd goed. Heerlijk in de winter, het voorjaar of de herfst. De Serra de Tramuntana nodigt altijd uit.\" \/>\n<meta property=\"og:url\" content=\"https:\/\/cyclingdestination.cc\/en\/stories\/diary-cycling-in-mallorca-part-ii\/\" \/>\n<meta property=\"og:site_name\" content=\"Cycling Destination\" \/>\n<meta property=\"article:publisher\" content=\"https:\/\/www.facebook.com\/cyclingdestination.cc\" \/>\n<meta property=\"article:published_time\" content=\"2021-10-21T20:27:02+00:00\" \/>\n<meta property=\"article:modified_time\" content=\"2022-03-07T11:53:19+00:00\" \/>\n<meta property=\"og:image\" content=\"https:\/\/cyclingdestination.cc\/wp-content\/uploads\/2021\/10\/IMG_6945-scaled.jpeg\" \/>\n\t<meta property=\"og:image:width\" content=\"2560\" \/>\n\t<meta property=\"og:image:height\" content=\"1440\" \/>\n\t<meta property=\"og:image:type\" content=\"image\/jpeg\" \/>\n<meta name=\"author\" content=\"Sander\" \/>\n<meta name=\"twitter:card\" content=\"summary_large_image\" \/>\n<meta name=\"twitter:creator\" content=\"@cyclingdestin\" \/>\n<meta name=\"twitter:site\" content=\"@cyclingdestin\" \/>\n<meta name=\"twitter:label1\" content=\"Written by\" \/>\n\t<meta name=\"twitter:data1\" content=\"Sander\" \/>\n\t<meta name=\"twitter:label2\" content=\"Estimated reading time\" \/>\n\t<meta name=\"twitter:data2\" content=\"9 minutes\" \/>\n<script type=\"application\/ld+json\" class=\"yoast-schema-graph\">{\"@context\":\"https:\\\/\\\/schema.org\",\"@graph\":[{\"@type\":\"Article\",\"@id\":\"https:\\\/\\\/cyclingdestination.cc\\\/verhalen\\\/dagboek-fietsen-op-mallorca-deel-ii#article\",\"isPartOf\":{\"@id\":\"https:\\\/\\\/cyclingdestination.cc\\\/verhalen\\\/dagboek-fietsen-op-mallorca-deel-ii\"},\"author\":{\"name\":\"Sander\",\"@id\":\"https:\\\/\\\/cyclingdestination.cc\\\/#\\\/schema\\\/person\\\/5d99ebe5011723455ccbf2e73a472ee1\"},\"headline\":\"Dagboek Fietsen op Mallorca: deel II\",\"datePublished\":\"2021-10-21T20:27:02+00:00\",\"dateModified\":\"2022-03-07T11:53:19+00:00\",\"mainEntityOfPage\":{\"@id\":\"https:\\\/\\\/cyclingdestination.cc\\\/verhalen\\\/dagboek-fietsen-op-mallorca-deel-ii\"},\"wordCount\":920,\"commentCount\":0,\"publisher\":{\"@id\":\"https:\\\/\\\/cyclingdestination.cc\\\/#organization\"},\"image\":{\"@id\":\"https:\\\/\\\/cyclingdestination.cc\\\/verhalen\\\/dagboek-fietsen-op-mallorca-deel-ii#primaryimage\"},\"thumbnailUrl\":\"https:\\\/\\\/cyclingdestination.cc\\\/wp-content\\\/uploads\\\/2021\\\/10\\\/IMG_6945-scaled.jpeg\",\"articleSection\":[\"Spanje\",\"Verhalen\"],\"inLanguage\":\"en-GB\",\"potentialAction\":[{\"@type\":\"CommentAction\",\"name\":\"Comment\",\"target\":[\"https:\\\/\\\/cyclingdestination.cc\\\/verhalen\\\/dagboek-fietsen-op-mallorca-deel-ii#respond\"]}]},{\"@type\":\"WebPage\",\"@id\":\"https:\\\/\\\/cyclingdestination.cc\\\/verhalen\\\/dagboek-fietsen-op-mallorca-deel-ii\",\"url\":\"https:\\\/\\\/cyclingdestination.cc\\\/verhalen\\\/dagboek-fietsen-op-mallorca-deel-ii\",\"name\":\"Dagboek Fietsen op Mallorca: deel II - Cycling Destination\",\"isPartOf\":{\"@id\":\"https:\\\/\\\/cyclingdestination.cc\\\/#website\"},\"primaryImageOfPage\":{\"@id\":\"https:\\\/\\\/cyclingdestination.cc\\\/verhalen\\\/dagboek-fietsen-op-mallorca-deel-ii#primaryimage\"},\"image\":{\"@id\":\"https:\\\/\\\/cyclingdestination.cc\\\/verhalen\\\/dagboek-fietsen-op-mallorca-deel-ii#primaryimage\"},\"thumbnailUrl\":\"https:\\\/\\\/cyclingdestination.cc\\\/wp-content\\\/uploads\\\/2021\\\/10\\\/IMG_6945-scaled.jpeg\",\"datePublished\":\"2021-10-21T20:27:02+00:00\",\"dateModified\":\"2022-03-07T11:53:19+00:00\",\"description\":\"Dagboek fietsen op Mallorca is altijd goed. Heerlijk in de winter, het voorjaar of de herfst. De Serra de Tramuntana nodigt altijd uit.\",\"breadcrumb\":{\"@id\":\"https:\\\/\\\/cyclingdestination.cc\\\/verhalen\\\/dagboek-fietsen-op-mallorca-deel-ii#breadcrumb\"},\"inLanguage\":\"en-GB\",\"potentialAction\":[{\"@type\":\"ReadAction\",\"target\":[\"https:\\\/\\\/cyclingdestination.cc\\\/verhalen\\\/dagboek-fietsen-op-mallorca-deel-ii\"]}]},{\"@type\":\"ImageObject\",\"inLanguage\":\"en-GB\",\"@id\":\"https:\\\/\\\/cyclingdestination.cc\\\/verhalen\\\/dagboek-fietsen-op-mallorca-deel-ii#primaryimage\",\"url\":\"https:\\\/\\\/cyclingdestination.cc\\\/wp-content\\\/uploads\\\/2021\\\/10\\\/IMG_6945-scaled.jpeg\",\"contentUrl\":\"https:\\\/\\\/cyclingdestination.cc\\\/wp-content\\\/uploads\\\/2021\\\/10\\\/IMG_6945-scaled.jpeg\",\"width\":2560,\"height\":1440},{\"@type\":\"BreadcrumbList\",\"@id\":\"https:\\\/\\\/cyclingdestination.cc\\\/verhalen\\\/dagboek-fietsen-op-mallorca-deel-ii#breadcrumb\",\"itemListElement\":[{\"@type\":\"ListItem\",\"position\":1,\"name\":\"Home\",\"item\":\"https:\\\/\\\/cyclingdestination.cc\\\/\"},{\"@type\":\"ListItem\",\"position\":2,\"name\":\"Dagboek Fietsen op Mallorca: deel II\"}]},{\"@type\":\"WebSite\",\"@id\":\"https:\\\/\\\/cyclingdestination.cc\\\/#website\",\"url\":\"https:\\\/\\\/cyclingdestination.cc\\\/\",\"name\":\"Cycling Destination\",\"description\":\"Inspiratie voor jouw volgende fietsavontuur\",\"publisher\":{\"@id\":\"https:\\\/\\\/cyclingdestination.cc\\\/#organization\"},\"potentialAction\":[{\"@type\":\"SearchAction\",\"target\":{\"@type\":\"EntryPoint\",\"urlTemplate\":\"https:\\\/\\\/cyclingdestination.cc\\\/?s={search_term_string}\"},\"query-input\":{\"@type\":\"PropertyValueSpecification\",\"valueRequired\":true,\"valueName\":\"search_term_string\"}}],\"inLanguage\":\"en-GB\"},{\"@type\":\"Organization\",\"@id\":\"https:\\\/\\\/cyclingdestination.cc\\\/#organization\",\"name\":\"Cycling Destination\",\"url\":\"https:\\\/\\\/cyclingdestination.cc\\\/\",\"logo\":{\"@type\":\"ImageObject\",\"inLanguage\":\"en-GB\",\"@id\":\"https:\\\/\\\/cyclingdestination.cc\\\/#\\\/schema\\\/logo\\\/image\\\/\",\"url\":\"https:\\\/\\\/cyclingdestination.cc\\\/wp-content\\\/uploads\\\/2022\\\/01\\\/cyclingdestination_logo_RGB_zwart_vDEF-1.png\",\"contentUrl\":\"https:\\\/\\\/cyclingdestination.cc\\\/wp-content\\\/uploads\\\/2022\\\/01\\\/cyclingdestination_logo_RGB_zwart_vDEF-1.png\",\"width\":2550,\"height\":814,\"caption\":\"Cycling Destination\"},\"image\":{\"@id\":\"https:\\\/\\\/cyclingdestination.cc\\\/#\\\/schema\\\/logo\\\/image\\\/\"},\"sameAs\":[\"https:\\\/\\\/www.facebook.com\\\/cyclingdestination.cc\",\"https:\\\/\\\/x.com\\\/cyclingdestin\",\"https:\\\/\\\/www.instagram.com\\\/cyclingdestination.cc\\\/\"]},{\"@type\":\"Person\",\"@id\":\"https:\\\/\\\/cyclingdestination.cc\\\/#\\\/schema\\\/person\\\/5d99ebe5011723455ccbf2e73a472ee1\",\"name\":\"Sander\",\"url\":\"https:\\\/\\\/cyclingdestination.cc\\\/en\\\/author\\\/admin\"}]}<\/script>\n<!-- \/ Yoast SEO plugin. -->","yoast_head_json":{"title":"Mallorca cycling diary: part II - Cycling Destination","description":"Diary Cycling in Mallorca is always good. Lovely in winter, spring or autumn. The Serra de Tramuntana always invites.","robots":{"index":"index","follow":"follow","max-snippet":"max-snippet:-1","max-image-preview":"max-image-preview:large","max-video-preview":"max-video-preview:-1"},"canonical":"https:\/\/cyclingdestination.cc\/en\/stories\/diary-cycling-in-mallorca-part-ii\/","og_locale":"en_GB","og_type":"article","og_title":"Dagboek Fietsen op Mallorca: deel II - Cycling Destination","og_description":"Dagboek fietsen op Mallorca is altijd goed. Heerlijk in de winter, het voorjaar of de herfst. De Serra de Tramuntana nodigt altijd uit.","og_url":"https:\/\/cyclingdestination.cc\/en\/stories\/diary-cycling-in-mallorca-part-ii\/","og_site_name":"Cycling Destination","article_publisher":"https:\/\/www.facebook.com\/cyclingdestination.cc","article_published_time":"2021-10-21T20:27:02+00:00","article_modified_time":"2022-03-07T11:53:19+00:00","og_image":[{"width":2560,"height":1440,"url":"https:\/\/cyclingdestination.cc\/wp-content\/uploads\/2021\/10\/IMG_6945-scaled.jpeg","type":"image\/jpeg"}],"author":"Sander","twitter_card":"summary_large_image","twitter_creator":"@cyclingdestin","twitter_site":"@cyclingdestin","twitter_misc":{"Written by":"Sander","Estimated reading time":"9 minutes"},"schema":{"@context":"https:\/\/schema.org","@graph":[{"@type":"Article","@id":"https:\/\/cyclingdestination.cc\/verhalen\/dagboek-fietsen-op-mallorca-deel-ii#article","isPartOf":{"@id":"https:\/\/cyclingdestination.cc\/verhalen\/dagboek-fietsen-op-mallorca-deel-ii"},"author":{"name":"Sander","@id":"https:\/\/cyclingdestination.cc\/#\/schema\/person\/5d99ebe5011723455ccbf2e73a472ee1"},"headline":"Dagboek Fietsen op Mallorca: deel II","datePublished":"2021-10-21T20:27:02+00:00","dateModified":"2022-03-07T11:53:19+00:00","mainEntityOfPage":{"@id":"https:\/\/cyclingdestination.cc\/verhalen\/dagboek-fietsen-op-mallorca-deel-ii"},"wordCount":920,"commentCount":0,"publisher":{"@id":"https:\/\/cyclingdestination.cc\/#organization"},"image":{"@id":"https:\/\/cyclingdestination.cc\/verhalen\/dagboek-fietsen-op-mallorca-deel-ii#primaryimage"},"thumbnailUrl":"https:\/\/cyclingdestination.cc\/wp-content\/uploads\/2021\/10\/IMG_6945-scaled.jpeg","articleSection":["Spanje","Verhalen"],"inLanguage":"en-GB","potentialAction":[{"@type":"CommentAction","name":"Comment","target":["https:\/\/cyclingdestination.cc\/verhalen\/dagboek-fietsen-op-mallorca-deel-ii#respond"]}]},{"@type":"WebPage","@id":"https:\/\/cyclingdestination.cc\/verhalen\/dagboek-fietsen-op-mallorca-deel-ii","url":"https:\/\/cyclingdestination.cc\/verhalen\/dagboek-fietsen-op-mallorca-deel-ii","name":"Mallorca cycling diary: part II - Cycling Destination","isPartOf":{"@id":"https:\/\/cyclingdestination.cc\/#website"},"primaryImageOfPage":{"@id":"https:\/\/cyclingdestination.cc\/verhalen\/dagboek-fietsen-op-mallorca-deel-ii#primaryimage"},"image":{"@id":"https:\/\/cyclingdestination.cc\/verhalen\/dagboek-fietsen-op-mallorca-deel-ii#primaryimage"},"thumbnailUrl":"https:\/\/cyclingdestination.cc\/wp-content\/uploads\/2021\/10\/IMG_6945-scaled.jpeg","datePublished":"2021-10-21T20:27:02+00:00","dateModified":"2022-03-07T11:53:19+00:00","description":"Diary Cycling in Mallorca is always good. Lovely in winter, spring or autumn. The Serra de Tramuntana always invites.","breadcrumb":{"@id":"https:\/\/cyclingdestination.cc\/verhalen\/dagboek-fietsen-op-mallorca-deel-ii#breadcrumb"},"inLanguage":"en-GB","potentialAction":[{"@type":"ReadAction","target":["https:\/\/cyclingdestination.cc\/verhalen\/dagboek-fietsen-op-mallorca-deel-ii"]}]},{"@type":"ImageObject","inLanguage":"en-GB","@id":"https:\/\/cyclingdestination.cc\/verhalen\/dagboek-fietsen-op-mallorca-deel-ii#primaryimage","url":"https:\/\/cyclingdestination.cc\/wp-content\/uploads\/2021\/10\/IMG_6945-scaled.jpeg","contentUrl":"https:\/\/cyclingdestination.cc\/wp-content\/uploads\/2021\/10\/IMG_6945-scaled.jpeg","width":2560,"height":1440},{"@type":"BreadcrumbList","@id":"https:\/\/cyclingdestination.cc\/verhalen\/dagboek-fietsen-op-mallorca-deel-ii#breadcrumb","itemListElement":[{"@type":"ListItem","position":1,"name":"Home","item":"https:\/\/cyclingdestination.cc\/"},{"@type":"ListItem","position":2,"name":"Dagboek Fietsen op Mallorca: deel II"}]},{"@type":"WebSite","@id":"https:\/\/cyclingdestination.cc\/#website","url":"https:\/\/cyclingdestination.cc\/","name":"Cycling Destination","description":"Inspiration for your next cycling adventure","publisher":{"@id":"https:\/\/cyclingdestination.cc\/#organization"},"potentialAction":[{"@type":"SearchAction","target":{"@type":"EntryPoint","urlTemplate":"https:\/\/cyclingdestination.cc\/?s={search_term_string}"},"query-input":{"@type":"PropertyValueSpecification","valueRequired":true,"valueName":"search_term_string"}}],"inLanguage":"en-GB"},{"@type":"Organization","@id":"https:\/\/cyclingdestination.cc\/#organization","name":"Cycling Destination","url":"https:\/\/cyclingdestination.cc\/","logo":{"@type":"ImageObject","inLanguage":"en-GB","@id":"https:\/\/cyclingdestination.cc\/#\/schema\/logo\/image\/","url":"https:\/\/cyclingdestination.cc\/wp-content\/uploads\/2022\/01\/cyclingdestination_logo_RGB_zwart_vDEF-1.png","contentUrl":"https:\/\/cyclingdestination.cc\/wp-content\/uploads\/2022\/01\/cyclingdestination_logo_RGB_zwart_vDEF-1.png","width":2550,"height":814,"caption":"Cycling Destination"},"image":{"@id":"https:\/\/cyclingdestination.cc\/#\/schema\/logo\/image\/"},"sameAs":["https:\/\/www.facebook.com\/cyclingdestination.cc","https:\/\/x.com\/cyclingdestin","https:\/\/www.instagram.com\/cyclingdestination.cc\/"]},{"@type":"Person","@id":"https:\/\/cyclingdestination.cc\/#\/schema\/person\/5d99ebe5011723455ccbf2e73a472ee1","name":"Sander","url":"https:\/\/cyclingdestination.cc\/en\/author\/admin"}]}},"_links":{"self":[{"href":"https:\/\/cyclingdestination.cc\/en\/wp-json\/wp\/v2\/posts\/2408","targetHints":{"allow":["GET"]}}],"collection":[{"href":"https:\/\/cyclingdestination.cc\/en\/wp-json\/wp\/v2\/posts"}],"about":[{"href":"https:\/\/cyclingdestination.cc\/en\/wp-json\/wp\/v2\/types\/post"}],"author":[{"embeddable":true,"href":"https:\/\/cyclingdestination.cc\/en\/wp-json\/wp\/v2\/users\/1"}],"replies":[{"embeddable":true,"href":"https:\/\/cyclingdestination.cc\/en\/wp-json\/wp\/v2\/comments?post=2408"}],"version-history":[{"count":0,"href":"https:\/\/cyclingdestination.cc\/en\/wp-json\/wp\/v2\/posts\/2408\/revisions"}],"wp:featuredmedia":[{"embeddable":true,"href":"https:\/\/cyclingdestination.cc\/en\/wp-json\/wp\/v2\/media\/2419"}],"wp:attachment":[{"href":"https:\/\/cyclingdestination.cc\/en\/wp-json\/wp\/v2\/media?parent=2408"}],"wp:term":[{"taxonomy":"category","embeddable":true,"href":"https:\/\/cyclingdestination.cc\/en\/wp-json\/wp\/v2\/categories?post=2408"},{"taxonomy":"post_tag","embeddable":true,"href":"https:\/\/cyclingdestination.cc\/en\/wp-json\/wp\/v2\/tags?post=2408"}],"curies":[{"name":"wp","href":"https:\/\/api.w.org\/{rel}","templated":true}]}}